{"id":2035677,"date":"2026-07-08T06:09:24","date_gmt":"2026-07-08T03:09:24","guid":{"rendered":"https:\/\/analyse.optim.biz\/?p=2035677"},"modified":"2026-07-08T06:09:24","modified_gmt":"2026-07-08T03:09:24","slug":"timisoara-primul-oras-din-europa-de-est-in-care-a-circulat-tramvaiul-tras-de-cai-157-de-ani-de-la-una-dintre-premiere-foto","status":"publish","type":"post","link":"https:\/\/analyse.optim.biz\/?p=2035677","title":{"rendered":"Timi\u0219oara, primul ora\u0219 din Europa de Est \u00een care a circulat tramvaiul tras de cai. 157 de ani de la una dintre premiere. FOTO"},"content":{"rendered":"<p>[analyse_image type=&#8221;featured&#8221; src=&#8221;https:\/\/www.opiniatimisoarei.ro\/wp-content\/uploads\/2019\/06\/colaj-tramvai-cai-695&#215;336.jpghttps:\/\/www.opiniatimisoarei.ro\/wp-content\/uploads\/2019\/06\/colaj-tramvai-cai.jpg&#8221;]<\/p>\n<div class=\"the_content\">\n<p><strong>TIMISOARA.<\/strong> Trecuser\u0103 10 ani de la Unirea \u021a\u0103rii Rom\u00e2ne\u0219ti cu Moldova, iar Transilvania \u0219i Banatul \u00eenc\u0103 erau sub st\u0103p\u00e2nirea austro-ungar\u0103. Atunci, \u00een Timi\u0219oara condus\u0103 de primarul <strong><a href=\"https:\/\/www.opiniatimisoarei.ro\/primari-cu-care-ne-mandrim-o-campanie-marca-opiniatimisoarei-ro-kuttel-karoly-edilul-care-a-introdus-tramvaiul-la-timisoara-si-a-pus-chiar-si-averea-la-bataie-pentru-a-lasa-orasu\/22\/05\/2018\">Karoly Kuttel<\/a><\/strong> se \u00eenregistra o premier\u0103 pentru Europa de Est.<\/p>\n<p><strong><span>CITE\u0218TE \u0218I:<\/span><a href=\"https:\/\/www.opiniatimisoarei.ro\/magistrala-verde-in-cautarea-unui-constructor-dispar-451-de-locuri-de-parcare-de-pe-calea-sagului-din-timisoara-iar-pe-un-tronson-masinile-vor-circula-pe-o-singura-banda\/06\/07\/2026\">Magistrala Verde, \u00een c\u0103utarea unui constructor. Dispar 451 de locuri de parcare de pe Calea \u0218agului din Timi\u0219oara, iar pe un tronson ma\u0219inile vor circula pe o singur\u0103 band\u0103<\/a><\/strong><\/p>\n<p>Povestea acesteia \u00eencepea \u00een toamna anului 1867, c\u00e2nd \u201ese pun bazele unei Societ\u0103\u021bi pe Ac\u021biuni pentru construirea unei linii de tramvai cu trac\u021biune animal\u0103, \u00een scopul facilit\u0103rii transportului de persoane \u0219i m\u0103rfuri pe traseul dintre cartierele Fabric, Cetate \u0219i Iosefin\u201e, se arat\u0103 \u00een volumul \u201e<strong>Din Cronologia judetului Timi\u0219<\/strong>\u201d.<\/p>\n<p><img loading=\"lazy\" decoding=\"async\" class=\"size-full wp-image-615847 aligncenter\" src=\"https:\/\/www.opiniatimisoarei.ro\/wp-content\/uploads\/2019\/06\/tramvai-tras-cai.jpg\" alt=\"\" width=\"700\" height=\"480\"><\/p>\n<p>FOTO:\u00a0<a href=\"http:\/\/1.stpt.ro\/forum\/\">Forum STPT<\/a><\/p>\n<p>Primul pre\u0219edinte al Societ\u0103\u021bii ce urma s\u0103 construiasc\u0103 liniile de tramvai din Timi\u0219oara era nimeni altul dec\u00e2t primarul de la acea vreme, Karoly Kuttel.<\/p>\n<p>\u00cen luna aprilie a anului 1869, la Timi\u0219oara \u00eencepe construc\u021bia liniei ferate pentru tramvaie, sub conducerea inginerului Eric Baader, cel care \u00eentre timp preluase \u0219i conducerea Societ\u0103\u021bii, iar prima linie lega Pia\u021ba Sf\u00e2ntul Gheorghe de cartierul Fabric.<\/p>\n<p><img loading=\"lazy\" decoding=\"async\" class=\"size-full wp-image-615848 aligncenter\" src=\"https:\/\/www.opiniatimisoarei.ro\/wp-content\/uploads\/2019\/06\/tramvai-tras-cai2.jpg\" alt=\"\" width=\"700\" height=\"494\"><\/p>\n<p>FOTO:\u00a0<a href=\"http:\/\/1.stpt.ro\/forum\/\">Forum STPT<\/a><\/p>\n<p>Momentul istoric avea s\u0103 vin\u0103 la 4 luni de la \u00eenceputul lucr\u0103rilor, \u00een ziua de 8 iulie, c\u00e2nd pe linia \u00een lungime de 6,6 kilometri circula primul tramvai. Vagonul era fabricat la Viena \u0219i era tras de trei cai pe timp de iarn\u0103 \u0219i de doi cai \u00een celelalte anotimpuri.<\/p>\n<blockquote>\n<p>\u201e<strong>Cutia \u0219i trucul vagoanelor era din lemn, leg\u0103turile executate prin corniere de fier, iar suspensia prin arcuri din foi de o\u021bel. Ambele platforme erau deschise, acolo afl\u00e2ndu-se c\u00e2te o fr\u00e2n\u0103 de m\u00e2n\u0103 cu p\u00e2rghie. <\/strong><\/p>\n<p><strong>Sabo\u021bii erau din lemn, aplic\u00e2ndu-se c\u00e2te unul la fiecare roat\u0103 \u00een partea interioar\u0103, \u00eentre osii. Lumina\u021bia vagoanelor s-a f\u0103cut prin lampi cu petrol, aplicate \u00een tavan, la ambele capete ale vagonului. \u00cen depou, pe timpul nop\u021bii, l\u0103mpile erau scoase din vagoane<\/strong>\u201e, se arat\u0103 pe forumul STPT.<\/p>\n<\/blockquote>\n<p><img loading=\"lazy\" decoding=\"async\" class=\"size-full wp-image-615849 aligncenter\" src=\"https:\/\/www.opiniatimisoarei.ro\/wp-content\/uploads\/2019\/06\/tramvai-tras-cai4.jpg\" alt=\"\" width=\"700\" height=\"453\"><\/p>\n<p>FOTO:\u00a0<a href=\"http:\/\/1.stpt.ro\/forum\/\">Forum STPT<\/a><\/p>\n<p>\u00cen 1869 au fost cump\u0103rate 21 de vagoane pentru transport de pasageri, dou\u0103 acoperite pentru marf\u0103 \u0219i bagaje \u0219i unul descoperit ce avea acela\u0219i scop, de a transporta marf\u0103.<\/p>\n<blockquote>\n<p>\u201e<strong>Primele 21 vagoane de persoane ale tramvaiului cu cai au fost procurate de la Fabrica de Vagoane din Viena, la pre\u021bul de 1.755 forini (primele 11), respectiv 1.673 forini (ultimele 10). <\/strong><\/p>\n<p><strong>At\u00e2t cutia c\u00e2t \u0219i trucul acestor vagoane era din lemn, rigidizate prin corniere de o\u021bel, iar suspensia era asigurat\u0103 prin arcuri din foi de o\u021bel. <\/strong><\/p>\n<p><strong>La capete aveau c\u00e2te o platform\u0103 deschis\u0103, pe unde se urca \u0219i se cobora \u0219i unde erau plasate fr\u00e2nele de m\u00e2n\u0103 cu p\u00e2rghie. Lungimea cutiei a fost de 4,3 metri, l\u0103\u021bimea de 1,9 metri, iar distan\u021ba dintre osii era de 1,9 metri. Aveau c\u00e2te 16 locuri de \u0219ezut, iar iluminatul pe timp de noapte s-a asigurat cu l\u0103mpi de petrol, aplicate \u00een tavan, la ambele capete ale vagoanelor<\/strong>\u201e, se arat\u0103 \u00eentr-un vechi articol denumit \u201eTramvaiul cu cai\u201d, scris de Mihai Ilie\u0219.<\/p>\n<\/blockquote>\n<p>Vagoanele trase de cai aveau s\u0103 r\u0103m\u00e2n\u0103 pe \u0219in\u0103 timp de 30 de ani, dup\u0103 care au fost retrase \u00een depou \u0219i \u00eenlocuite cu tramvaiele electrice.<\/p>\n<p><img decoding=\"async\" loading=\"lazy\" class=\"alignnone size-full wp-image-61341\" src=\"https:\/\/www.opiniatimisoarei.ro\/wp-content\/uploads\/2011\/07\/tramvai-tras-de-cai.jpg\" alt=\"\" width=\"2816\" height=\"1880\"><\/p>\n<p>***<\/p>\n<p><strong><span class=\"dia_suggestion w0\">Mai<\/span>\u00a0<span class=\"dia_suggestion w1\">multe<\/span>\u00a0<span class=\"dia_suggestion w2\">g\u0103si\u021bi<\/span>\u00a0pe\u00a0<span class=\"dia_suggestion w4\">pagina noastr<span class=\"dia_suggestion w0\">\u0103<\/span><\/span>\u00a0de\u00a0<a href=\"https:\/\/www.facebook.com\/OpiniaTM\/?ref=page_internal\" target=\"_blank\" rel=\"noopener\">Facebook opiniatimisoarei.ro<\/a>!<\/strong><\/p>\n<p><strong><span class=\"dia_suggestion w0\">Dac\u0103<\/span>\u00a0<span class=\"dia_suggestion w1\">a\u021bi<\/span>\u00a0fost martorii unui eveniment\u00a0<span class=\"dia_suggestion w6\">sau<\/span>\u00a0<span class=\"dia_suggestion w7\">ai<\/span>\u00a0unei\u00a0<span class=\"dia_suggestion w9\">situa\u021bii<\/span>\u00a0<span class=\"dia_suggestion w10\">neobi\u0219nuite<\/span>\u00a0<span class=\"dia_suggestion w11\">care<\/span>\u00a0ar\u00a0<span class=\"dia_suggestion w13\">putea<\/span>\u00a0deveni subiect de\u00a0<span class=\"dia_suggestion w17\">\u0219tire<\/span>,\u00a0<span class=\"dia_suggestion w18\">contacta\u021bi<\/span>-ne\u00a0<span class=\"dia_suggestion w20\">la<\/span>\u00a0<a href=\"https:\/\/www.opiniatimisoarei.ro\/cdn-cgi\/l\/email-protection\" class=\"__cf_email__\" data-cfemail=\"483a2d2c292b3c212d082738212621293c2125213b27293a2d21663a27\">[email\u00a0protected]<\/a>,\u00a0 pe\u00a0<a href=\"https:\/\/www.facebook.com\/OpiniaTM\">FB<\/a>\u00a0sau pe contul nostru de\u00a0<a href=\"https:\/\/www.instagram.com\/opiniatimisoarei.ro\/\" target=\"_blank\" rel=\"noopener\">Instagram<\/a>!<\/strong><\/p>\n<p><strong><span>CITESTE SI:<\/span>\u00a0<a href=\"https:\/\/www.opiniatimisoarei.ro\/afli-primul-tot-ceea-ce-se-intampla-cu-adevarat-important-in-timisoara-si-in-regiune-cu-aplicatia-de-stiri-opinia-timisoarei-3-tipuri-de-alerte-te-tin-mereu-conectat-la-evenimente-descarca-gratuit-a\/31\/10\/2022\">Afli primul tot ceea ce se intampla cu adevarat important in Timisoara si in regiune cu Aplicatia de stiri Opinia Timisoarei. 3 tipuri de alerte te tin mereu conectat la evenimente. Descarca gratuit Aplicatia OT aici!<\/a><\/strong><\/p>\n<\/div>\n<p>[analyse_source url=&#8221;https:\/\/www.opiniatimisoarei.ro\/timisoara-primul-oras-din-europa-de-est-in-care-a-circulat-tramvaiul-tras-de-cai-157-de-ani-de-la-una-dintre-premiere-foto\/08\/07\/2026&#8243;]<\/p>\n","protected":false},"excerpt":{"rendered":"<p>[analyse_image type=&#8221;featured&#8221; src=&#8221;https:\/\/www.opiniatimisoarei.ro\/wp-content\/uploads\/2019\/06\/colaj-tramvai-cai-695&#215;336.jpghttps:\/\/www.opiniatimisoarei.ro\/wp-content\/uploads\/2019\/06\/colaj-tramvai-cai.jpg&#8221;] TIMISOARA. Trecuser\u0103 10 ani de la Unirea \u021a\u0103rii Rom\u00e2ne\u0219ti cu Moldova, iar Transilvania \u0219i Banatul \u00eenc\u0103 erau sub st\u0103p\u00e2nirea austro-ungar\u0103. Atunci, \u00een Timi\u0219oara condus\u0103 de primarul Karoly Kuttel se \u00eenregistra o premier\u0103 pentru Europa de Est. CITE\u0218TE \u0218I:Magistrala Verde, \u00een c\u0103utarea unui constructor. Dispar 451 de locuri de parcare de pe Calea [&hellip;]<\/p>\n","protected":false},"author":1,"featured_media":0,"comment_status":"open","ping_status":"","sticky":false,"template":"","format":"standard","meta":{"footnotes":""},"categories":[89],"tags":[226,190],"class_list":["post-2035677","post","type-post","status-publish","format-standard","hentry","category-romania","tag-crawlmanager","tag-opiniatimisoarei-ro"],"_links":{"self":[{"href":"https:\/\/analyse.optim.biz\/index.php?rest_route=\/wp\/v2\/posts\/2035677","targetHints":{"allow":["GET"]}}],"collection":[{"href":"https:\/\/analyse.optim.biz\/index.php?rest_route=\/wp\/v2\/posts"}],"about":[{"href":"https:\/\/analyse.optim.biz\/index.php?rest_route=\/wp\/v2\/types\/post"}],"author":[{"embeddable":true,"href":"https:\/\/analyse.optim.biz\/index.php?rest_route=\/wp\/v2\/users\/1"}],"replies":[{"embeddable":true,"href":"https:\/\/analyse.optim.biz\/index.php?rest_route=%2Fwp%2Fv2%2Fcomments&post=2035677"}],"version-history":[{"count":0,"href":"https:\/\/analyse.optim.biz\/index.php?rest_route=\/wp\/v2\/posts\/2035677\/revisions"}],"wp:attachment":[{"href":"https:\/\/analyse.optim.biz\/index.php?rest_route=%2Fwp%2Fv2%2Fmedia&parent=2035677"}],"wp:term":[{"taxonomy":"category","embeddable":true,"href":"https:\/\/analyse.optim.biz\/index.php?rest_route=%2Fwp%2Fv2%2Fcategories&post=2035677"},{"taxonomy":"post_tag","embeddable":true,"href":"https:\/\/analyse.optim.biz\/index.php?rest_route=%2Fwp%2Fv2%2Ftags&post=2035677"}],"curies":[{"name":"wp","href":"https:\/\/api.w.org\/{rel}","templated":true}]}}