{"id":2035332,"date":"2026-07-09T15:08:36","date_gmt":"2026-07-09T12:08:36","guid":{"rendered":"https:\/\/analyse.optim.biz\/?p=2035332"},"modified":"2026-07-09T15:08:36","modified_gmt":"2026-07-09T12:08:36","slug":"tanar-injunghiat-in-strada-in-urma-unui-conflict-spontan-cutitarul-a-fost-retinut-stiri-suceava","status":"publish","type":"post","link":"https:\/\/analyse.optim.biz\/?p=2035332","title":{"rendered":"T\u00e2n\u0103r \u00eenjunghiat \u00een strad\u0103, \u00een urma unui conflict spontan, cu\u021bitarul a fost re\u021binut &#8211; Stiri Suceava"},"content":{"rendered":"<p>[analyse_image type=&#8221;featured&#8221; src=&#8221;https:\/\/www.informatiata.ro\/wp-content\/uploads\/2026\/07\/ridicat-1024&#215;617.jpg&#8221;]<\/p>\n<div class=\"td-post-content tagdiv-type\">\n<div class=\"td-post-featured-image\"><a href=\"https:\/\/www.informatiata.ro\/wp-content\/uploads\/2026\/07\/ridicat-scaled.jpg\" data-caption><img loading=\"lazy\" decoding=\"async\" width=\"696\" height=\"420\" class=\"entry-thumb td-modal-image\" src=\"https:\/\/www.informatiata.ro\/wp-content\/uploads\/2026\/07\/ridicat-696x420.jpg\" alt title=\"ridicat\"><\/a><\/div>\n<p>T\u00e2n\u0103r \u00eenjunghiat \u00een strad\u0103, \u00een urma unui conflict spontan. Incidentul s-a petrecut \u00een localitatea Ostra. <\/p>\n<p>Un t\u00e2n\u0103r \u00een v\u00e2rst\u0103 de 18 ani, din ora\u0219ul Frasin, a fost re\u021binut de poli\u021bi\u0219ti, fiind cercetat \u00eentr-un dosar de tentativ\u0103 de omor, \u00een urma unui conflict petrecut \u00een comuna Ostra, jude\u021bul Suceava.<\/p>\n<div class=\"td-a-rec td-a-rec-id-content_inlineright  tdi_7 td_block_template_1\"><img loading=\"lazy\" decoding=\"async\" class=\"aligncenter size-full wp-image-65536\" src=\"https:\/\/www.informatiata.ro\/wp-content\/uploads\/2026\/07\/SAVCOM-4.gif\" alt width=\"299\" height=\"250\"><img loading=\"lazy\" decoding=\"async\" class=\"aligncenter size-full wp-image-65537\" src=\"https:\/\/www.informatiata.ro\/wp-content\/uploads\/2026\/07\/FACOS-3.gif\" alt width=\"300\" height=\"250\"><\/div>\n<p>Potrivit datelor transmise de anchetatori, incidentul a avut loc \u00een seara zilei de 6 iulie, dup\u0103 ce t\u00e2n\u0103rul, \u00eempreun\u0103 cu al\u021bi doi prieteni, s-a deplasat \u00een Ostra pentru a se \u00eent\u00e2lni cu un grup de fete. Dup\u0103 desp\u0103r\u021birea de acestea, cei trei s-ar fi intersectat \u00een centrul localit\u0103\u021bii cu un grup de tineri.<\/p>\n<p>Conform cercet\u0103rilor efectuate p\u00e2n\u0103 \u00een prezent, \u00eentre suspect \u0219i un localnic de 21 de ani ar fi izbucnit un schimb de replici, dup\u0103 ce victimei i-ar fi repro\u0219at c\u0103 nu a fost salutat\u0103 la sosirea \u00een localitate. <\/p>\n<p>\u00cen timpul conflictului, t\u00e2n\u0103rul de 18 ani ar fi scos un briceag \u0219i ar fi lovit victima de dou\u0103 ori, \u00een zona toracelui \u0219i \u00een zona pubian\u0103, dup\u0103 care ar fi p\u0103r\u0103sit locul incidentului.<\/p>\n<p>Ini\u021bial, cauza a fost instrumentat\u0103 sub aspectul s\u0103v\u00e2r\u0219irii infrac\u021biunii de lovire sau alte violen\u021be, \u00eens\u0103, \u00een urma administr\u0103rii probelor, dosarul a fost preluat de Parchetul de pe l\u00e2ng\u0103 Tribunalul Suceava, iar \u00eencadrarea juridic\u0103 a fost schimbat\u0103 \u00een tentativ\u0103 la infrac\u021biunea de omor.<\/p>\n<p>La data de 8 iulie, procurorul de caz a dispus continuarea urm\u0103ririi penale fa\u021b\u0103 de suspect \u0219i re\u021binerea acestuia pentru 24 de ore. <\/p>\n<p>T\u00e2n\u0103rul urmeaz\u0103 s\u0103 fie prezentat unui judec\u0103tor din cadrul Tribunalului Suceava, care va decide dac\u0103 va fi dispus\u0103 o m\u0103sur\u0103 preventiv\u0103.<\/p>\n<p>Cercet\u0103rile continu\u0103 sub coordonarea procurorului de caz, \u00een vederea stabilirii tuturor \u00eemprejur\u0103rilor \u00een care s-a produs incidentul.<\/p>\n<\/div>\n<p>[analyse_source url=&#8221;https:\/\/www.informatiata.ro\/tanar-injunghiat-in-strada-in-conflict-spontan\/&#8221;]<\/p>\n","protected":false},"excerpt":{"rendered":"<p>[analyse_image type=&#8221;featured&#8221; src=&#8221;https:\/\/www.informatiata.ro\/wp-content\/uploads\/2026\/07\/ridicat-1024&#215;617.jpg&#8221;] T\u00e2n\u0103r \u00eenjunghiat \u00een strad\u0103, \u00een urma unui conflict spontan. Incidentul s-a petrecut \u00een localitatea Ostra. Un t\u00e2n\u0103r \u00een v\u00e2rst\u0103 de 18 ani, din ora\u0219ul Frasin, a fost re\u021binut de poli\u021bi\u0219ti, fiind cercetat \u00eentr-un dosar de tentativ\u0103 de omor, \u00een urma unui conflict petrecut \u00een comuna Ostra, jude\u021bul Suceava. Potrivit datelor transmise de [&hellip;]<\/p>\n","protected":false},"author":1,"featured_media":0,"comment_status":"open","ping_status":"","sticky":false,"template":"","format":"standard","meta":{"footnotes":""},"categories":[89],"tags":[226,167],"class_list":["post-2035332","post","type-post","status-publish","format-standard","hentry","category-romania","tag-crawlmanager","tag-informatiata-ro"],"_links":{"self":[{"href":"https:\/\/analyse.optim.biz\/index.php?rest_route=\/wp\/v2\/posts\/2035332","targetHints":{"allow":["GET"]}}],"collection":[{"href":"https:\/\/analyse.optim.biz\/index.php?rest_route=\/wp\/v2\/posts"}],"about":[{"href":"https:\/\/analyse.optim.biz\/index.php?rest_route=\/wp\/v2\/types\/post"}],"author":[{"embeddable":true,"href":"https:\/\/analyse.optim.biz\/index.php?rest_route=\/wp\/v2\/users\/1"}],"replies":[{"embeddable":true,"href":"https:\/\/analyse.optim.biz\/index.php?rest_route=%2Fwp%2Fv2%2Fcomments&post=2035332"}],"version-history":[{"count":0,"href":"https:\/\/analyse.optim.biz\/index.php?rest_route=\/wp\/v2\/posts\/2035332\/revisions"}],"wp:attachment":[{"href":"https:\/\/analyse.optim.biz\/index.php?rest_route=%2Fwp%2Fv2%2Fmedia&parent=2035332"}],"wp:term":[{"taxonomy":"category","embeddable":true,"href":"https:\/\/analyse.optim.biz\/index.php?rest_route=%2Fwp%2Fv2%2Fcategories&post=2035332"},{"taxonomy":"post_tag","embeddable":true,"href":"https:\/\/analyse.optim.biz\/index.php?rest_route=%2Fwp%2Fv2%2Ftags&post=2035332"}],"curies":[{"name":"wp","href":"https:\/\/api.w.org\/{rel}","templated":true}]}}