{"id":2035093,"date":"2026-07-09T06:00:13","date_gmt":"2026-07-09T03:00:13","guid":{"rendered":"https:\/\/analyse.optim.biz\/?p=2035093"},"modified":"2026-07-09T06:00:13","modified_gmt":"2026-07-09T03:00:13","slug":"festivalul-luminii-2026-ii-invita-pe-tulceni-sa-redescopere-frumusetea-lucrurilor-marunte-ziarul","status":"publish","type":"post","link":"https:\/\/analyse.optim.biz\/?p=2035093","title":{"rendered":"Festivalul Luminii 2026 \u00eei invit\u0103 pe tulceni s\u0103 \u201eredescopere frumuse\u0163ea lucrurilor m\u0103runte&#8221; &#8211; Ziarul"},"content":{"rendered":"<p>[analyse_image type=&#8221;featured&#8221; src=&#8221;https:\/\/ziaruldelta.ro\/wp-content\/uploads\/2026\/07\/Festivalul-Luminii-e1783518153191.jpg&#8221;]<\/p>\n<article id=\"post-37363\" class=\"module single-post-module post-37363 post type-post status-publish format-standard has-post-thumbnail hentry category-eveniment et-has-post-format-content et_post_format-et-post-format-standard\">\n<div class=\"post-header\">\n<h1 class=\"entry-title\">Festivalul Luminii 2026 \u00eei invit\u0103 pe tulceni s\u0103 \u201eredescopere frumuse\u0163ea lucrurilor m\u0103runte\u201d<\/h1>\n<div class=\"post-meta vcard\">\n<p>Posted by <a href=\"https:\/\/ziaruldelta.ro\/author\/claudia-ionescu\/\" class=\"url fn\" title=\"Posts by Claudia Ionescu\" rel=\"author\">Claudia Ionescu<\/a> | <span class=\"updated\">Jul 9, 2026<\/span> | <a href=\"https:\/\/ziaruldelta.ro\/category\/eveniment\/\" rel=\"tag\">Eveniment<\/a> | <\/p>\n<\/div>\n<\/div>\n<div class=\"post-thumbnail header\"><img decoding=\"async\" src=\"https:\/\/ziaruldelta.ro\/wp-content\/uploads\/2026\/07\/Festivalul-Luminii-1280x640.jpg\" alt=\"Festivalul Luminii 2026 \u00eei invit\u0103 pe tulceni s\u0103 \u201eredescopere frumuse\u0163ea lucrurilor m\u0103runte\u201d\"><\/div>\n<div class=\"post-wrap\">\n<div class=\"post-content entry-content\">\n<p>Festivalul Luminii revine la Tulcea pe 30 august, la Lacul Ciuperca, cu o nou\u0103 edi\u0163ie dedicat\u0103 \u00eentregii comunit\u0103\u0163i. \u00centre orele 14.00 \u015fi 22.00, cerceta\u015fii \u00eei invit\u0103 pe tulceni la o zi plin\u0103 de ateliere, jocuri, muzic\u0103 \u015fi activit\u0103\u0163i pentru toate v\u00e2rstele, desf\u0103\u015furate anul acesta sub tema \u201eUniversul\u201d. Organizatorii promit o experien\u0163\u0103 care \u00eembin\u0103 distrac\u0163ia, creativitatea \u015fi momentele de reflec\u0163ie, mesajul pe care doresc s\u0103-l transmit\u0103 \u00een aceast\u0103 edi\u0163ie fiind \u201eRedescoper\u0103 frumuse\u0163ea lucrurilor m\u0103runte\u201d. Pentru a afla ce surprize preg\u0103tesc cerceta\u015fii la edi\u0163ia din acest an, am discutat cu Iulia Ioana Evtei, coordonatoarea Festivalului Luminii 2026.<\/p>\n<blockquote>\n<p>\u201ePreg\u0103tim o zi plin\u0103 de jocuri, ateliere, muzic\u0103 \u015fi, mai ales, omenie. Vom avea o varietate de activit\u0103\u0163i \u015fi ateliere inspirate din tema aleas\u0103 anul acesta care va st\u00e2rni cu siguran\u0163\u0103 curiozitatea participan\u0163ilor, mai ales a celor pasiona\u0163i de science-fiction, dar nu numai. Ne dorim ca Festivalul Luminii s\u0103 fie un loc \u00een care oricine, indiferent de v\u00e2rst\u0103, s\u0103 poat\u0103 veni, s\u0103 se simt\u0103 bine, s\u0103 descopere ceva nou \u015fi s\u0103 plece acas\u0103 cu o amintire frumoas\u0103\u201d, ne-a declarat Iulia Ioana Evtei.<\/p>\n<\/blockquote>\n<p>Coordonatoarea evenimentului ne-a spus c\u0103 prin tematica din acest an a festivalului, \u201eUniversul\u201d, cerceta\u015fii \u00ee\u015fi doresc s\u0103 ofere o experien\u0163\u0103 aparte.<\/p>\n<blockquote>\n<p>\u201eDup\u0103 o perioad\u0103 mai \u00eendelungat\u0103 de discu\u0163ii \u015fi brainstorming al\u0103turi de echipa de coordonatori, am decis s\u0103 alegem tematica &lt;&lt;Universul&gt;&gt;, deoarece este un subiect extrem de versatil, care ne permite s\u0103 dezvolt\u0103m at\u00e2t activit\u0103\u0163i interactive \u015fi captivante pentru tineri, c\u00e2t \u015fi momente cu o latur\u0103 mai profund\u0103 sau spiritual\u0103 dedicate p\u0103rin\u0163ilor. De\u015fi conceptul festivalului r\u0103m\u00e2ne acela\u015fi, \u00eencerc\u0103m \u00een fiecare an s\u0103 venim cu elemente noi \u015fi cu oportunit\u0103\u0163i diferite pentru participan\u0163i, iar speran\u0163a noastr\u0103 este ca edi\u0163ia de anul acesta s\u0103 ofere o experien\u0163\u0103 aparte. Ne bucur\u0103m s\u0103 avem al\u0103turi o echip\u0103 numeroas\u0103 de voluntari dedica\u0163i, dar \u015fi propriul nostru spa\u0163iu \u00een care putem lucra \u015fi ne putem dezvolta ideile. \u00cen plus, preg\u0103tim \u015fi o surpriz\u0103 special\u0103, at\u00e2t pentru tineri, c\u00e2t \u015fi pentru adul\u0163i, \u00een special pentru cei pasiona\u0163i de muzic\u0103\u201d, a spus coordonatoarea.<\/p>\n<\/blockquote>\n<p>Vizitatorii sunt invita\u0163i s\u0103 participe la c\u00e2t mai multe ateliere preg\u0103tite de echipa de cerceta\u015fi.<\/p>\n<blockquote>\n<p>\u201eLe recomand participan\u0163ilor s\u0103 \u00eencerce c\u00e2t mai multe dintre atelierele preg\u0103tite de echipa noastr\u0103, deoarece fiecare are un scop diferit. Din experien\u0163a proprie, \u00eemi amintesc c\u0103, atunci c\u00e2nd eram mic\u0103, eram mereu atras\u0103 de ateliere decorative precum cel de \u00eempletit codi\u0163e sau de atelierul de pictat pe fa\u0163\u0103. Totu\u015fi, fiecare dintre atelierele noastre este g\u00e2ndit cu un scop aparte \u015fi poate rezona diferit cu fiecare persoan\u0103, \u00een func\u0163ie de preferin\u0163ele sale. Fie c\u0103 vorbim despre activit\u0103\u0163i cu o latur\u0103 spiritual\u0103, afectiv\u0103, fizic\u0103, social\u0103 sau orientat\u0103 spre dezvoltarea caracterului, \u00eencerc\u0103m s\u0103 acoperim toate ariile cercet\u0103\u015fe\u015fti de dezvoltare\u201d, a men\u0163ionat Iulia.<\/p>\n<\/blockquote>\n<p>Citi\u0163i continuarea \u00een edi\u0163ia tip\u0103rit\u0103 a Ziarului DELTA.<\/p>\n<p>\u00a0<\/p>\n<\/div>\n<\/div>\n<div class=\"post-footer\">\n<div class=\"social-icons ed-social-share-icons\">\n<p class=\"share-title\">Share:<\/p>\n<\/div>\n<div class=\"rating-stars\">\n<p id=\"rate-title\" class=\"rate-title\">Rate:<\/p>\n<\/div>\n<\/div>\n<\/article>\n<div class=\"post-content entry-content\">\n<p>Festivalul Luminii revine la Tulcea pe 30 august, la Lacul Ciuperca, cu o nou\u0103 edi\u0163ie dedicat\u0103 \u00eentregii comunit\u0103\u0163i. \u00centre orele 14.00 \u015fi 22.00, cerceta\u015fii \u00eei invit\u0103 pe tulceni la o zi plin\u0103 de ateliere, jocuri, muzic\u0103 \u015fi activit\u0103\u0163i pentru toate v\u00e2rstele, desf\u0103\u015furate anul acesta sub tema \u201eUniversul\u201d. Organizatorii promit o experien\u0163\u0103 care \u00eembin\u0103 distrac\u0163ia, creativitatea \u015fi momentele de reflec\u0163ie, mesajul pe care doresc s\u0103-l transmit\u0103 \u00een aceast\u0103 edi\u0163ie fiind \u201eRedescoper\u0103 frumuse\u0163ea lucrurilor m\u0103runte\u201d. Pentru a afla ce surprize preg\u0103tesc cerceta\u015fii la edi\u0163ia din acest an, am discutat cu Iulia Ioana Evtei, coordonatoarea Festivalului Luminii 2026.<\/p>\n<blockquote>\n<p>\u201ePreg\u0103tim o zi plin\u0103 de jocuri, ateliere, muzic\u0103 \u015fi, mai ales, omenie. Vom avea o varietate de activit\u0103\u0163i \u015fi ateliere inspirate din tema aleas\u0103 anul acesta care va st\u00e2rni cu siguran\u0163\u0103 curiozitatea participan\u0163ilor, mai ales a celor pasiona\u0163i de science-fiction, dar nu numai. Ne dorim ca Festivalul Luminii s\u0103 fie un loc \u00een care oricine, indiferent de v\u00e2rst\u0103, s\u0103 poat\u0103 veni, s\u0103 se simt\u0103 bine, s\u0103 descopere ceva nou \u015fi s\u0103 plece acas\u0103 cu o amintire frumoas\u0103\u201d, ne-a declarat Iulia Ioana Evtei.<\/p>\n<\/blockquote>\n<p>Coordonatoarea evenimentului ne-a spus c\u0103 prin tematica din acest an a festivalului, \u201eUniversul\u201d, cerceta\u015fii \u00ee\u015fi doresc s\u0103 ofere o experien\u0163\u0103 aparte.<\/p>\n<blockquote>\n<p>\u201eDup\u0103 o perioad\u0103 mai \u00eendelungat\u0103 de discu\u0163ii \u015fi brainstorming al\u0103turi de echipa de coordonatori, am decis s\u0103 alegem tematica &lt;&lt;Universul&gt;&gt;, deoarece este un subiect extrem de versatil, care ne permite s\u0103 dezvolt\u0103m at\u00e2t activit\u0103\u0163i interactive \u015fi captivante pentru tineri, c\u00e2t \u015fi momente cu o latur\u0103 mai profund\u0103 sau spiritual\u0103 dedicate p\u0103rin\u0163ilor. De\u015fi conceptul festivalului r\u0103m\u00e2ne acela\u015fi, \u00eencerc\u0103m \u00een fiecare an s\u0103 venim cu elemente noi \u015fi cu oportunit\u0103\u0163i diferite pentru participan\u0163i, iar speran\u0163a noastr\u0103 este ca edi\u0163ia de anul acesta s\u0103 ofere o experien\u0163\u0103 aparte. Ne bucur\u0103m s\u0103 avem al\u0103turi o echip\u0103 numeroas\u0103 de voluntari dedica\u0163i, dar \u015fi propriul nostru spa\u0163iu \u00een care putem lucra \u015fi ne putem dezvolta ideile. \u00cen plus, preg\u0103tim \u015fi o surpriz\u0103 special\u0103, at\u00e2t pentru tineri, c\u00e2t \u015fi pentru adul\u0163i, \u00een special pentru cei pasiona\u0163i de muzic\u0103\u201d, a spus coordonatoarea.<\/p>\n<\/blockquote>\n<p>Vizitatorii sunt invita\u0163i s\u0103 participe la c\u00e2t mai multe ateliere preg\u0103tite de echipa de cerceta\u015fi.<\/p>\n<blockquote>\n<p>\u201eLe recomand participan\u0163ilor s\u0103 \u00eencerce c\u00e2t mai multe dintre atelierele preg\u0103tite de echipa noastr\u0103, deoarece fiecare are un scop diferit. Din experien\u0163a proprie, \u00eemi amintesc c\u0103, atunci c\u00e2nd eram mic\u0103, eram mereu atras\u0103 de ateliere decorative precum cel de \u00eempletit codi\u0163e sau de atelierul de pictat pe fa\u0163\u0103. Totu\u015fi, fiecare dintre atelierele noastre este g\u00e2ndit cu un scop aparte \u015fi poate rezona diferit cu fiecare persoan\u0103, \u00een func\u0163ie de preferin\u0163ele sale. Fie c\u0103 vorbim despre activit\u0103\u0163i cu o latur\u0103 spiritual\u0103, afectiv\u0103, fizic\u0103, social\u0103 sau orientat\u0103 spre dezvoltarea caracterului, \u00eencerc\u0103m s\u0103 acoperim toate ariile cercet\u0103\u015fe\u015fti de dezvoltare\u201d, a men\u0163ionat Iulia.<\/p>\n<\/blockquote>\n<p>Citi\u0163i continuarea \u00een edi\u0163ia tip\u0103rit\u0103 a Ziarului DELTA.<\/p>\n<p>\u00a0<\/p>\n<\/div>\n<div class=\"post-content entry-content\">\n<p>Festivalul Luminii revine la Tulcea pe 30 august, la Lacul Ciuperca, cu o nou\u0103 edi\u0163ie dedicat\u0103 \u00eentregii comunit\u0103\u0163i. \u00centre orele 14.00 \u015fi 22.00, cerceta\u015fii \u00eei invit\u0103 pe tulceni la o zi plin\u0103 de ateliere, jocuri, muzic\u0103 \u015fi activit\u0103\u0163i pentru toate v\u00e2rstele, desf\u0103\u015furate anul acesta sub tema \u201eUniversul\u201d. Organizatorii promit o experien\u0163\u0103 care \u00eembin\u0103 distrac\u0163ia, creativitatea \u015fi momentele de reflec\u0163ie, mesajul pe care doresc s\u0103-l transmit\u0103 \u00een aceast\u0103 edi\u0163ie fiind \u201eRedescoper\u0103 frumuse\u0163ea lucrurilor m\u0103runte\u201d. Pentru a afla ce surprize preg\u0103tesc cerceta\u015fii la edi\u0163ia din acest an, am discutat cu Iulia Ioana Evtei, coordonatoarea Festivalului Luminii 2026.<\/p>\n<blockquote>\n<p>\u201ePreg\u0103tim o zi plin\u0103 de jocuri, ateliere, muzic\u0103 \u015fi, mai ales, omenie. Vom avea o varietate de activit\u0103\u0163i \u015fi ateliere inspirate din tema aleas\u0103 anul acesta care va st\u00e2rni cu siguran\u0163\u0103 curiozitatea participan\u0163ilor, mai ales a celor pasiona\u0163i de science-fiction, dar nu numai. Ne dorim ca Festivalul Luminii s\u0103 fie un loc \u00een care oricine, indiferent de v\u00e2rst\u0103, s\u0103 poat\u0103 veni, s\u0103 se simt\u0103 bine, s\u0103 descopere ceva nou \u015fi s\u0103 plece acas\u0103 cu o amintire frumoas\u0103\u201d, ne-a declarat Iulia Ioana Evtei.<\/p>\n<\/blockquote>\n<p>Coordonatoarea evenimentului ne-a spus c\u0103 prin tematica din acest an a festivalului, \u201eUniversul\u201d, cerceta\u015fii \u00ee\u015fi doresc s\u0103 ofere o experien\u0163\u0103 aparte.<\/p>\n<blockquote>\n<p>\u201eDup\u0103 o perioad\u0103 mai \u00eendelungat\u0103 de discu\u0163ii \u015fi brainstorming al\u0103turi de echipa de coordonatori, am decis s\u0103 alegem tematica &lt;&lt;Universul&gt;&gt;, deoarece este un subiect extrem de versatil, care ne permite s\u0103 dezvolt\u0103m at\u00e2t activit\u0103\u0163i interactive \u015fi captivante pentru tineri, c\u00e2t \u015fi momente cu o latur\u0103 mai profund\u0103 sau spiritual\u0103 dedicate p\u0103rin\u0163ilor. De\u015fi conceptul festivalului r\u0103m\u00e2ne acela\u015fi, \u00eencerc\u0103m \u00een fiecare an s\u0103 venim cu elemente noi \u015fi cu oportunit\u0103\u0163i diferite pentru participan\u0163i, iar speran\u0163a noastr\u0103 este ca edi\u0163ia de anul acesta s\u0103 ofere o experien\u0163\u0103 aparte. Ne bucur\u0103m s\u0103 avem al\u0103turi o echip\u0103 numeroas\u0103 de voluntari dedica\u0163i, dar \u015fi propriul nostru spa\u0163iu \u00een care putem lucra \u015fi ne putem dezvolta ideile. \u00cen plus, preg\u0103tim \u015fi o surpriz\u0103 special\u0103, at\u00e2t pentru tineri, c\u00e2t \u015fi pentru adul\u0163i, \u00een special pentru cei pasiona\u0163i de muzic\u0103\u201d, a spus coordonatoarea.<\/p>\n<\/blockquote>\n<p>Vizitatorii sunt invita\u0163i s\u0103 participe la c\u00e2t mai multe ateliere preg\u0103tite de echipa de cerceta\u015fi.<\/p>\n<blockquote>\n<p>\u201eLe recomand participan\u0163ilor s\u0103 \u00eencerce c\u00e2t mai multe dintre atelierele preg\u0103tite de echipa noastr\u0103, deoarece fiecare are un scop diferit. Din experien\u0163a proprie, \u00eemi amintesc c\u0103, atunci c\u00e2nd eram mic\u0103, eram mereu atras\u0103 de ateliere decorative precum cel de \u00eempletit codi\u0163e sau de atelierul de pictat pe fa\u0163\u0103. Totu\u015fi, fiecare dintre atelierele noastre este g\u00e2ndit cu un scop aparte \u015fi poate rezona diferit cu fiecare persoan\u0103, \u00een func\u0163ie de preferin\u0163ele sale. Fie c\u0103 vorbim despre activit\u0103\u0163i cu o latur\u0103 spiritual\u0103, afectiv\u0103, fizic\u0103, social\u0103 sau orientat\u0103 spre dezvoltarea caracterului, \u00eencerc\u0103m s\u0103 acoperim toate ariile cercet\u0103\u015fe\u015fti de dezvoltare\u201d, a men\u0163ionat Iulia.<\/p>\n<\/blockquote>\n<p>Citi\u0163i continuarea \u00een edi\u0163ia tip\u0103rit\u0103 a Ziarului DELTA.<\/p>\n<p>\u00a0<\/p>\n<\/div>\n<p>[analyse_source url=&#8221;https:\/\/ziaruldelta.ro\/2026\/07\/09\/festivalul-luminii-2026-ii-invita-pe-tulceni-sa-redescopere-frumusetea-lucrurilor-marunte\/&#8221;]<\/p>\n","protected":false},"excerpt":{"rendered":"<p>[analyse_image type=&#8221;featured&#8221; src=&#8221;https:\/\/ziaruldelta.ro\/wp-content\/uploads\/2026\/07\/Festivalul-Luminii-e1783518153191.jpg&#8221;] Festivalul Luminii 2026 \u00eei invit\u0103 pe tulceni s\u0103 \u201eredescopere frumuse\u0163ea lucrurilor m\u0103runte\u201d Posted by Claudia Ionescu | Jul 9, 2026 | Eveniment | Festivalul Luminii revine la Tulcea pe 30 august, la Lacul Ciuperca, cu o nou\u0103 edi\u0163ie dedicat\u0103 \u00eentregii comunit\u0103\u0163i. \u00centre orele 14.00 \u015fi 22.00, cerceta\u015fii \u00eei invit\u0103 pe tulceni la [&hellip;]<\/p>\n","protected":false},"author":1,"featured_media":0,"comment_status":"open","ping_status":"","sticky":false,"template":"","format":"standard","meta":{"footnotes":""},"categories":[89],"tags":[226,206],"class_list":["post-2035093","post","type-post","status-publish","format-standard","hentry","category-romania","tag-crawlmanager","tag-ziaruldelta-ro"],"_links":{"self":[{"href":"https:\/\/analyse.optim.biz\/index.php?rest_route=\/wp\/v2\/posts\/2035093","targetHints":{"allow":["GET"]}}],"collection":[{"href":"https:\/\/analyse.optim.biz\/index.php?rest_route=\/wp\/v2\/posts"}],"about":[{"href":"https:\/\/analyse.optim.biz\/index.php?rest_route=\/wp\/v2\/types\/post"}],"author":[{"embeddable":true,"href":"https:\/\/analyse.optim.biz\/index.php?rest_route=\/wp\/v2\/users\/1"}],"replies":[{"embeddable":true,"href":"https:\/\/analyse.optim.biz\/index.php?rest_route=%2Fwp%2Fv2%2Fcomments&post=2035093"}],"version-history":[{"count":0,"href":"https:\/\/analyse.optim.biz\/index.php?rest_route=\/wp\/v2\/posts\/2035093\/revisions"}],"wp:attachment":[{"href":"https:\/\/analyse.optim.biz\/index.php?rest_route=%2Fwp%2Fv2%2Fmedia&parent=2035093"}],"wp:term":[{"taxonomy":"category","embeddable":true,"href":"https:\/\/analyse.optim.biz\/index.php?rest_route=%2Fwp%2Fv2%2Fcategories&post=2035093"},{"taxonomy":"post_tag","embeddable":true,"href":"https:\/\/analyse.optim.biz\/index.php?rest_route=%2Fwp%2Fv2%2Ftags&post=2035093"}],"curies":[{"name":"wp","href":"https:\/\/api.w.org\/{rel}","templated":true}]}}