{"id":2035086,"date":"2026-07-09T00:00:00","date_gmt":"2026-07-08T21:00:00","guid":{"rendered":"https:\/\/analyse.optim.biz\/?p=2035086"},"modified":"2026-07-09T00:00:00","modified_gmt":"2026-07-08T21:00:00","slug":"catalin-baciu-se-intoarce-la-scm-timisoara-dupa-sapte-ani","status":"publish","type":"post","link":"https:\/\/analyse.optim.biz\/?p=2035086","title":{"rendered":"C\u0103t\u0103lin Baciu se \u00eentoarce la SCM Timi\u0219oara dup\u0103 \u0219apte ani"},"content":{"rendered":"<p>[analyse_image type=&#8221;featured&#8221; src=&#8221;https:\/\/livetimisoara.ro\/wp-content\/uploads\/2024\/10\/baschet-timisoara.jpg&#8221;]<\/p>\n<div class=\"post-content entry-content\">\n<p class=\"wp-block-paragraph\">C\u0103t\u0103lin Baciu se \u00eentoarce dup\u0103 \u0219apte ani. Pivotul de 2,14 metri \u0219i 130 de kilograme, n\u0103scut pe 16 august 1988 la Cluj-Napoca \u0219i-a dat acordul pentru a evolua \u00een sezonul viitor la SCM Politehnica Timi\u0219oara.<\/p>\n<p class=\"wp-block-paragraph\">El a mai jucat sub culorile clubului \u00een sezonul 2018-2019.<\/p>\n<blockquote class=\"wp-block-quote is-layout-flow wp-block-quote-is-layout-flow\">\n<p class=\"wp-block-paragraph\"><em>\u201e\u00cen primul r\u00e2nd a\u0219 vrea s\u0103 mul\u021bumesc conducerii pentru oportunitate \u0219i pentru \u00eencredere. M\u0103 bucur c\u0103 m\u0103 \u00eentorc la Timi\u0219oara! Un ora\u0219 frumos pe care \u00eel cunosc deja. \u0218tiu c\u0103 are un grup frumos de fani care este prezent la meciuri \u0219i sper s\u0103 \u00eei facem m\u00e2ndri sezonul ce urmeaz\u0103. Eu voi dat tot ce pot s\u0103 ajut echipa s\u0103 \u00ee\u0219i ating\u0103 obiectivele\u201d<\/em>, a declarat C\u0103t\u0103lin Baciu.<\/p>\n<\/blockquote>\n<p class=\"wp-block-paragraph\">Dup\u0103 patru stagiuni petrecute \u00een NCAA la Clemson University (SUA), Baciu s-a \u00eentors \u00een Rom\u00e2nia, fiind legitimat prima dat\u0103 de U-BT Cluj-Napoca, iar ulterior de CSA Steaua Bucure\u0219ti, SCM Timi\u0219oara, CSM CSU Oradea, CSM Constan\u021ba \u0219i FC Arge\u0219 Pite\u0219ti (echipa la care a jucat \u00een sezonul precedent).<\/p>\n<\/div>\n<p>[analyse_source url=&#8221;https:\/\/livetimisoara.ro\/2026\/07\/09\/catalin-baciu-se-intoarce-la-scm-timisoara-dupa-sapte-ani\/&#8221;]<\/p>\n","protected":false},"excerpt":{"rendered":"<p>[analyse_image type=&#8221;featured&#8221; src=&#8221;https:\/\/livetimisoara.ro\/wp-content\/uploads\/2024\/10\/baschet-timisoara.jpg&#8221;] C\u0103t\u0103lin Baciu se \u00eentoarce dup\u0103 \u0219apte ani. Pivotul de 2,14 metri \u0219i 130 de kilograme, n\u0103scut pe 16 august 1988 la Cluj-Napoca \u0219i-a dat acordul pentru a evolua \u00een sezonul viitor la SCM Politehnica Timi\u0219oara. El a mai jucat sub culorile clubului \u00een sezonul 2018-2019. \u201e\u00cen primul r\u00e2nd a\u0219 vrea s\u0103 mul\u021bumesc [&hellip;]<\/p>\n","protected":false},"author":1,"featured_media":0,"comment_status":"open","ping_status":"","sticky":false,"template":"","format":"standard","meta":{"footnotes":""},"categories":[89],"tags":[226,194],"class_list":["post-2035086","post","type-post","status-publish","format-standard","hentry","category-romania","tag-crawlmanager","tag-livetimisoara-ro"],"_links":{"self":[{"href":"https:\/\/analyse.optim.biz\/index.php?rest_route=\/wp\/v2\/posts\/2035086","targetHints":{"allow":["GET"]}}],"collection":[{"href":"https:\/\/analyse.optim.biz\/index.php?rest_route=\/wp\/v2\/posts"}],"about":[{"href":"https:\/\/analyse.optim.biz\/index.php?rest_route=\/wp\/v2\/types\/post"}],"author":[{"embeddable":true,"href":"https:\/\/analyse.optim.biz\/index.php?rest_route=\/wp\/v2\/users\/1"}],"replies":[{"embeddable":true,"href":"https:\/\/analyse.optim.biz\/index.php?rest_route=%2Fwp%2Fv2%2Fcomments&post=2035086"}],"version-history":[{"count":0,"href":"https:\/\/analyse.optim.biz\/index.php?rest_route=\/wp\/v2\/posts\/2035086\/revisions"}],"wp:attachment":[{"href":"https:\/\/analyse.optim.biz\/index.php?rest_route=%2Fwp%2Fv2%2Fmedia&parent=2035086"}],"wp:term":[{"taxonomy":"category","embeddable":true,"href":"https:\/\/analyse.optim.biz\/index.php?rest_route=%2Fwp%2Fv2%2Fcategories&post=2035086"},{"taxonomy":"post_tag","embeddable":true,"href":"https:\/\/analyse.optim.biz\/index.php?rest_route=%2Fwp%2Fv2%2Ftags&post=2035086"}],"curies":[{"name":"wp","href":"https:\/\/api.w.org\/{rel}","templated":true}]}}