{"id":2035050,"date":"2026-07-07T11:53:23","date_gmt":"2026-07-07T08:53:23","guid":{"rendered":"https:\/\/analyse.optim.biz\/?p=2035050"},"modified":"2026-07-07T11:53:23","modified_gmt":"2026-07-07T08:53:23","slug":"se-muta-traficul-pe-bulevardul-liviu-rebreanu-din-timisoara-cat-dureaza-lucrarile","status":"publish","type":"post","link":"https:\/\/analyse.optim.biz\/?p=2035050","title":{"rendered":"Se mut\u0103 traficul pe bulevardul Liviu Rebreanu din Timi\u0219oara. C\u00e2t dureaz\u0103 lucr\u0103rile"},"content":{"rendered":"<p>[analyse_image type=&#8221;featured&#8221; src=&#8221;https:\/\/www.opiniatimisoarei.ro\/wp-content\/uploads\/2026\/07\/rebreanu-728&#215;336.jpghttps:\/\/www.opiniatimisoarei.ro\/wp-content\/uploads\/2026\/07\/rebreanu.jpg&#8221;]<\/p>\n<div class=\"the_content\">\n<p><strong>TIMISOARA.<\/strong> Aglomera\u021bia \u00een trafic va continua pe bulevardul Liviu Rebreanu \u0219i \u00een perioada urm\u0103toare, chiar dac\u0103 o parte din lucr\u0103rile de modernizare au fost finalizate.<\/p>\n<p><strong><span>CITE\u0218TE \u0218I:<\/span><a href=\"https:\/\/www.opiniatimisoarei.ro\/alfred-simonis-legea-in-baza-careia-a-fost-declarata-incompatibila-paula-romocean-initiata-de-un-lider-usr\/07\/07\/2026\">Alfred Simonis: Legea \u00een baza c\u0103reia a fost declarat\u0103 incompatibil\u0103 Paula Romocean, ini\u021biat\u0103 de un lider USR<\/a><\/strong><\/p>\n<p>Muncitorii au terminat asfaltarea \u00eentre strada Ulpia Traiana \u0219i Calea Martirilor, pe sensul ce circula\u021bie c\u0103tre Spitalul Jude\u021bean, iar \u00eencep\u00e2nd de m\u00e2ine, 8 iulie, circula\u021bia ma\u0219inilor va fi reconfigurat\u0103 \u0219i lucr\u0103rile se vor muta pe cel\u0103lalt sens.<\/p>\n<p><a href=\"https:\/\/www.opiniatimisoarei.ro\/wp-content\/uploads\/2026\/07\/rebreanu-2.jpg\"><img loading=\"lazy\" decoding=\"async\" class=\"aligncenter size-full wp-image-882444\" src=\"https:\/\/www.opiniatimisoarei.ro\/wp-content\/uploads\/2026\/07\/rebreanu-2.jpg\" alt=\"\" width=\"1080\" height=\"498\"><\/a><\/p>\n<p>Finalizarea acestor lucr\u0103rile este estimat\u0103 pentru a doua jum\u0103tate a lunii august.<\/p>\n<blockquote>\n<p>\u201c<strong>\u00cen urm\u0103toarea etap\u0103, lucr\u0103rile se mut\u0103 pe sensul de mers dinspre strada Arie\u0219 c\u0103tre Calea \u0218agului. Astfel, \u00een perioada 8.07.2026 \u2013 20.08.2026, circula\u021bia rutier\u0103 va fi restric\u021bionat\u0103 pe acest sens, iar traficul va fi deviat pe sensul opus, unde lucr\u0103rile sunt deja finalizate, \u00een regim de circula\u021bie pe contrasens, pe tronsonul cuprins \u00eentre strada Ulpia Traiana \u0219i strada Arie\u0219.<\/strong><\/p>\n<p><strong>Urm\u0103toarele interven\u021bii sunt programate \u00een intersec\u021biile cu Calea Martirilor \u0219i strada Arie\u0219. Pentru a evita spargerea ulterioar\u0103 a carosabilului nou, lucr\u0103rile de refacere vor \u00eencepe dup\u0103 finalizarea interven\u021biilor operatorilor de utilit\u0103\u021bi \u00een re\u021beaua subteran\u0103<\/strong>\u201c, au transmis reprezentan\u021bii Prim\u0103riei Timi\u0219oara.<\/p>\n<\/blockquote>\n<p>***<\/p>\n<p><strong><span class=\"dia_suggestion w0\">Mai<\/span>\u00a0<span class=\"dia_suggestion w1\">multe<\/span>\u00a0<span class=\"dia_suggestion w2\">g\u0103si\u021bi<\/span>\u00a0pe\u00a0<span class=\"dia_suggestion w4\">pagina noastr<span class=\"dia_suggestion w0\">\u0103<\/span><\/span>\u00a0de\u00a0<a href=\"https:\/\/www.facebook.com\/OpiniaTM\/?ref=page_internal\" target=\"_blank\" rel=\"noopener\">Facebook opiniatimisoarei.ro<\/a>!<\/strong><\/p>\n<p><strong><span class=\"dia_suggestion w0\">Dac\u0103<\/span>\u00a0<span class=\"dia_suggestion w1\">a\u021bi<\/span>\u00a0fost martorii unui eveniment\u00a0<span class=\"dia_suggestion w6\">sau<\/span>\u00a0<span class=\"dia_suggestion w7\">ai<\/span>\u00a0unei\u00a0<span class=\"dia_suggestion w9\">situa\u021bii<\/span>\u00a0<span class=\"dia_suggestion w10\">neobi\u0219nuite<\/span>\u00a0<span class=\"dia_suggestion w11\">care<\/span>\u00a0ar\u00a0<span class=\"dia_suggestion w13\">putea<\/span>\u00a0deveni subiect de\u00a0<span class=\"dia_suggestion w17\">\u0219tire<\/span>,\u00a0<span class=\"dia_suggestion w18\">contacta\u021bi<\/span>-ne\u00a0<span class=\"dia_suggestion w20\">la<\/span>\u00a0<a href=\"https:\/\/www.opiniatimisoarei.ro\/cdn-cgi\/l\/email-protection\" class=\"__cf_email__\" data-cfemail=\"166473727775627f735679667f787f77627f7b7f65797764737f386479\">[email\u00a0protected]<\/a>,\u00a0 pe\u00a0<a href=\"https:\/\/www.facebook.com\/OpiniaTM\">FB<\/a>\u00a0sau pe contul nostru de\u00a0<a href=\"https:\/\/www.instagram.com\/opiniatimisoarei.ro\/\" target=\"_blank\" rel=\"noopener\">Instagram<\/a>!<\/strong><\/p>\n<p><strong><span>CITESTE SI:\u00a0<\/span><a href=\"https:\/\/www.opiniatimisoarei.ro\/afli-primul-tot-ceea-ce-se-intampla-cu-adevarat-important-in-timisoara-si-in-regiune-cu-aplicatia-de-stiri-opinia-timisoarei-3-tipuri-de-alerte-te-tin-mereu-conectat-la-evenimente-descarca-gratuit-a\/31\/10\/2022\">Afli primul tot ceea ce se intampla cu adevarat important in Timisoara si in regiune cu Aplicatia de stiri Opinia Timisoarei. 3 tipuri de alerte te tin mereu conectat la evenimente. Descarca gratuit Aplicatia OT aici!<\/a><\/strong><\/p>\n<\/div>\n<p>[analyse_source url=&#8221;https:\/\/www.opiniatimisoarei.ro\/se-muta-traficul-pe-bulevardul-liviu-rebreanu-din-timisoara-cat-dureaza-lucrarile\/07\/07\/2026&#8243;]<\/p>\n","protected":false},"excerpt":{"rendered":"<p>[analyse_image type=&#8221;featured&#8221; src=&#8221;https:\/\/www.opiniatimisoarei.ro\/wp-content\/uploads\/2026\/07\/rebreanu-728&#215;336.jpghttps:\/\/www.opiniatimisoarei.ro\/wp-content\/uploads\/2026\/07\/rebreanu.jpg&#8221;] TIMISOARA. Aglomera\u021bia \u00een trafic va continua pe bulevardul Liviu Rebreanu \u0219i \u00een perioada urm\u0103toare, chiar dac\u0103 o parte din lucr\u0103rile de modernizare au fost finalizate. CITE\u0218TE \u0218I:Alfred Simonis: Legea \u00een baza c\u0103reia a fost declarat\u0103 incompatibil\u0103 Paula Romocean, ini\u021biat\u0103 de un lider USR Muncitorii au terminat asfaltarea \u00eentre strada Ulpia Traiana \u0219i [&hellip;]<\/p>\n","protected":false},"author":1,"featured_media":0,"comment_status":"open","ping_status":"","sticky":false,"template":"","format":"standard","meta":{"footnotes":""},"categories":[89],"tags":[226,190],"class_list":["post-2035050","post","type-post","status-publish","format-standard","hentry","category-romania","tag-crawlmanager","tag-opiniatimisoarei-ro"],"_links":{"self":[{"href":"https:\/\/analyse.optim.biz\/index.php?rest_route=\/wp\/v2\/posts\/2035050","targetHints":{"allow":["GET"]}}],"collection":[{"href":"https:\/\/analyse.optim.biz\/index.php?rest_route=\/wp\/v2\/posts"}],"about":[{"href":"https:\/\/analyse.optim.biz\/index.php?rest_route=\/wp\/v2\/types\/post"}],"author":[{"embeddable":true,"href":"https:\/\/analyse.optim.biz\/index.php?rest_route=\/wp\/v2\/users\/1"}],"replies":[{"embeddable":true,"href":"https:\/\/analyse.optim.biz\/index.php?rest_route=%2Fwp%2Fv2%2Fcomments&post=2035050"}],"version-history":[{"count":0,"href":"https:\/\/analyse.optim.biz\/index.php?rest_route=\/wp\/v2\/posts\/2035050\/revisions"}],"wp:attachment":[{"href":"https:\/\/analyse.optim.biz\/index.php?rest_route=%2Fwp%2Fv2%2Fmedia&parent=2035050"}],"wp:term":[{"taxonomy":"category","embeddable":true,"href":"https:\/\/analyse.optim.biz\/index.php?rest_route=%2Fwp%2Fv2%2Fcategories&post=2035050"},{"taxonomy":"post_tag","embeddable":true,"href":"https:\/\/analyse.optim.biz\/index.php?rest_route=%2Fwp%2Fv2%2Ftags&post=2035050"}],"curies":[{"name":"wp","href":"https:\/\/api.w.org\/{rel}","templated":true}]}}