{"id":2035047,"date":"2026-07-06T13:13:23","date_gmt":"2026-07-06T10:13:23","guid":{"rendered":"https:\/\/analyse.optim.biz\/?p=2035047"},"modified":"2026-07-06T13:13:23","modified_gmt":"2026-07-06T10:13:23","slug":"gasita-in-stare-de-incompatibilitate-paula-romocean-pierde-procesul-cu-ani-la-curtea-de-apel-timisoara-viceprimarul-a-fost-2-ani-si-sef-in-usr-si-membru-in-consiliul-de-administratie-la-spitalul-mun","status":"publish","type":"post","link":"https:\/\/analyse.optim.biz\/?p=2035047","title":{"rendered":"G\u0103sit\u0103 \u00een stare de incompatibilitate, Paula Romocean pierde procesul cu ANI la Curtea de Apel Timi\u0219oara. Viceprimarul a fost 2 ani \u0219i \u0219ef \u00een USR \u0219i membru \u00een Consiliul de Administra\u021bie la Spitalul Municipal"},"content":{"rendered":"<p>[analyse_image type=&#8221;featured&#8221; src=&#8221;https:\/\/www.opiniatimisoarei.ro\/wp-content\/uploads\/2025\/01\/Paula-Romocean-728&#215;336.jpghttps:\/\/www.opiniatimisoarei.ro\/wp-content\/uploads\/2025\/01\/Paula-Romocean.jpg&#8221;]<\/p>\n<div class=\"the_content\">\n<p><strong>TIMI\u0218OARA<\/strong>. Viceprimarul Timi\u0219oarei, <span class=\"dia_suggestion w2\"><span class=\"dia_suggestion w35\">Paula<\/span><\/span>\u2013<span class=\"dia_suggestion w3\">Ana<\/span> Romocean (USR), g\u0103sit\u0103 \u00een incompatibilitate de ANI, a aflat <span class=\"dia_suggestion w13\">sentin\u021ba<\/span><span class=\"dia_suggestion w14\">Cur\u021bii<\/span> de Apel <span class=\"dia_suggestion w17\">Timi\u0219oara<\/span>, unde a <span class=\"dia_suggestion w20\">\u00eencercat<\/span> anularea raportului Agen<span class=\"dia_suggestion w1\">\u021b<\/span>iei de Intergritate.<\/p>\n<p><span class=\"dia_suggestion w28\">Judec\u0103torii<\/span> au stabilit <span class=\"dia_suggestion w31\">c\u0103<\/span> ANI are dreptate. <span class=\"dia_suggestion w2\"><span class=\"dia_suggestion w35\">Paula<\/span><\/span> Romocean poate <span class=\"dia_suggestion w38\">s\u0103<\/span> atace decizia <span class=\"dia_suggestion w41\">magistra\u021bilor<\/span>.<\/p>\n<p>\u201c<strong>Respinge ac\u0163iunea formulat\u0103 de reclamanta ROMOCEAN ANA PAULA \u00een contradictoriu cu p\u00e2r\u00e2ta AGEN\u0162IA NA\u0162IONAL\u0102 DE INTEGRITATE, ca ne\u00eentemeiat\u0103. Cu recurs \u00een termen de 15 zile de la comunicare. Recursul se va depune la Curtea de Apel Timi\u015foara \u2013 Sec\u0163ia contencios administrativ \u015fi fiscal. <\/strong><\/p>\n<p><strong>Pronun\u0163at\u0103 azi 06.07.2026, prin punerea solu\u0163iei la dispozi\u0163ia p\u0103r\u0163ilor de c\u0103tre grefa instan\u0163ei.<\/strong><\/p>\n<p><strong>Admite cererea de sesizare a Cur\u021bii Constitu\u021bionale. Sesizeaz\u0103 Curtea Constitu\u021bional\u0103 \u00een vederea solu\u021bion\u0103rii excep\u021biei de neconstitu\u021bionalitate<\/strong>\u201c, <span class=\"dia_suggestion w0\">arat\u0103<\/span> judecatorii <span class=\"dia_suggestion w2\">Cur\u021bii<\/span> de Apel <span class=\"dia_suggestion w5\">Timi\u0219oara<\/span>.<\/p>\n<p>Paula Romocean poate continua demersul <span class=\"dia_suggestion w0\">la<\/span><span class=\"dia_suggestion w1\">\u00cenalta<\/span> Curte de <span class=\"dia_suggestion w4\">Casa\u021bie<\/span><span class=\"dia_suggestion w5\">\u0219i<\/span><span class=\"dia_suggestion w6\">Justi\u021bie<\/span>.<\/p>\n<p><span><strong><span>UPDATE<\/span>: Paula Romocean: \u0218tiu exact ce am f\u0103cut \u0219i ce nu am f\u0103cut<\/strong><\/span><\/p>\n<p>Viceprimarul Paula Romocean anun\u021b\u0103 c\u0103 va contesta decizia.<\/p>\n<p>\u201c<strong>Voi contesta prin recurs decizia de ast\u0103zi a instan\u021bei, pentru c\u0103 \u0219tiu exact ce am f\u0103cut \u0219i ce nu am f\u0103cut.<\/strong><br \/><strong>Am fost, \u00een acela\u0219i timp, membru \u00een Biroul Local USR \u0219i \u00een Consiliul de Administra\u021bie al Spitalului Municipal. Dou\u0103 pozi\u021bii f\u0103r\u0103 remunera\u021bie, f\u0103r\u0103 nicio suprapunere de atribu\u021bii , f\u0103r\u0103 niciun beneficiu, personal sau politic. <\/strong><br \/><strong>Nu am luat nicio decizie politic\u0103 \u00een CA \u0219i nicio decizie \u00een Biroul Local care s\u0103 priveasc\u0103 activitatea spitalului. Fapt care rezult\u0103, clar, din documentele pe care le-am pus la dispozi\u021bia judec\u0103torilor. <\/strong><br \/><strong>Desemnarea prin vot a fost obligatorie pentru a asigura continuitatea conducerii spitalului \u0219i nu a avut leg\u0103tur\u0103 cu o func\u021bie politic\u0103. Votul larg din Consiliul Local, superior num\u0103rului consilierilor USR, confirm\u0103 caracterul institu\u021bional \u0219i apolitic al desemn\u0103rii.<\/strong><br \/><strong>Mandatul meu \u00een CA s-a \u00eencheiat \u00een mai 2023. Din acel moment, starea de incompatibilitate a \u00eencetat de la sine, potrivit legii. <\/strong><br \/><strong>Interdic\u021bia de 3 ani pe care o cere ANI presupune o dovad\u0103, un act, o decizie, luate cu \u00eenc\u0103lcarea legii. Nu exist\u0103 \u0219i nu poate exista, pentru c\u0103 nu am f\u0103cut-o<\/strong>\u201c, a transmis pe pagina sa de Facebook Paula Romocean.<\/p>\n<p>***<\/p>\n<p>V\u0103 reamintim, potrivit Agen\u021biei Na\u021bionale de Integritate, \u00een perioada 2021-2023, Paula Romocean a fost membru \u00een Consiliul de Administra\u021bie al Spitalului Municipal, \u00een timp ce avea \u0219i func\u021bie de conducere \u00een partid.<\/p>\n<p>Conform propriei <span class=\"dia_suggestion w2\">declara\u021bii<\/span> de avere, <span class=\"dia_suggestion w5\">Paula<\/span> Romocean ar <span class=\"dia_suggestion w8\">fi<\/span><span class=\"dia_suggestion w9\">\u00eencasat<\/span> o <span class=\"dia_suggestion w11\">sum<span class=\"dia_suggestion w12\">\u0103<\/span><\/span>\u00a0<span class=\"dia_suggestion w12\">modic\u0103<\/span> drept <span class=\"dia_suggestion w14\">indemniza\u021bie de membru <span class=\"dia_suggestion w9\">\u00ee<\/span>n CA al <\/span>Spitalul Municipal <span class=\"dia_suggestion w19\">Timi\u0219oara,<\/span> aflat <span class=\"dia_suggestion w21\">\u00een<\/span> subordinea <span class=\"dia_suggestion w23\">Prim\u0103riei<\/span>.\u00a0 Detalii <a href=\"https:\/\/assets.primariatm.ro\/fd40c88d-b5be-415b-ae7d-08f5bfded06c\/ROMOCEAN%20PAULA.pdf\"><strong>AICI<\/strong><\/a>.<\/p>\n<p>\u201c<strong>S-a aflat \u00een stare de incompatibilitate \u00een perioada 27 iunie 2021 \u2013 22 mai 2023, \u00eentruc\u00e2t simultan cu exercitarea func\u021biei de membru titular \u00een Consiliul de Administra\u021bie al Spitalului Clinic Municipal de Urgen\u021b\u0103 Timi\u0219oara a exercitat func\u021bii \u00een organele de conducere ale Partidului Uniunea Salva\u021bi Rom\u00e2nia, respectiv func\u021bia de membru \u00een cadrul Biroului Local Timi\u0219oara.<\/strong><\/p>\n<p><strong>Prevederi legale \u00eenc\u0103lcate:<\/strong><\/p>\n<p><strong>art. 187 alin. (13) coroborat cu art. 178 alin. (1) lit. f) din Legea nr. 95\/2006 privind reforma \u00een domeniul s\u0103n\u0103t\u0103\u0163ii\u201d, arat\u0103 ANI.<\/strong><\/p>\n<p><strong>\u201eFapta persoanei cu privire la care s-a constatat (\u2026) \u00eenc\u0103lcarea obliga\u021biilor legale privind (\u2026) starea de incompatibilitate constituie abatere disciplinar\u0103 \u0219i se sanc\u021bioneaz\u0103 potrivit reglement\u0103rii aplicabile demnit\u0103\u021bii, func\u021biei sau activit\u0103\u021bii respective (\u2026)\u201d.<\/strong><\/p>\n<p><strong>\u201ePersoan\u0103 (\u2026) fa\u021b\u0103 de care s-a constatat (\u2026) starea de incompatibilitate este dec\u0103zut\u0103 din dreptul de a mai exercit\u0103 o func\u021bie sau o demnitate public\u0103 (\u2026) pe o perioad\u0103 de 3 ani de la dat\u0103 eliber\u0103rii, destituirii din func\u021bia ori demnitatea public\u0103 respectiv\u0103 sau a \u00eencet\u0103rii de drept a mandatului. Dac\u0103 persoan\u0103 a ocupat o func\u021bie eligibil\u0103, nu mai poate ocup\u0103 aceea\u0219i func\u021bie pe o perioad\u0103 de 3 ani de la \u00eencetarea mandatului\u201d<\/strong>, se arat\u0103 \u00een raportul Agen\u021biei Na\u021bionale de Integritate.<\/p>\n<h2><span><strong>Dominic Fritz, \u0219eful USR, a pierdut definitiv procesul cu ANI<\/strong><\/span><\/h2>\n<p>V\u0103 reamintim, <span class=\"dia_suggestion w2\">\u0219eful<\/span> Paulei Romocean, liderul USR Dominic Fritz, primar <span class=\"dia_suggestion w10\">al<\/span><span class=\"dia_suggestion w11\">Timi\u0219oarei<\/span>, a pierdut <span class=\"dia_suggestion w14\">luna<\/span><span class=\"dia_suggestion w15\">trecut\u0103<\/span><span class=\"dia_suggestion w16\">definitiv<\/span> procesul cu ANI.<\/p>\n<p><span class=\"dia_suggestion w20\"><span class=\"dia_suggestion w35\">Curtea<\/span><\/span><span class=\"dia_suggestion w21\">Suprem\u0103<\/span> de <span class=\"dia_suggestion w23\">Justi\u021bie<\/span> i-a respins recursul <span class=\"dia_suggestion w28\">\u0219i<\/span> a <span class=\"dia_suggestion w30\">men\u021binut<\/span><span class=\"dia_suggestion w31\">sentin\u021ba<\/span><span class=\"dia_suggestion w32\">magistra\u021bilor<\/span> de <span class=\"dia_suggestion w34\">la<\/span> Curtea de Apel <span class=\"dia_suggestion w38\">Timi\u0219oara<\/span><span class=\"dia_suggestion w39\">care<\/span> a <span class=\"dia_suggestion w41\">dat<\/span> dreptate <span class=\"dia_suggestion w43\">Agen\u021biei<\/span><span class=\"dia_suggestion w44\">Na\u021bionale<\/span> de Integritate.<\/p>\n<p><strong><span>CITE\u0218TE \u0218I:<\/span><a href=\"https:\/\/www.opiniatimisoarei.ro\/dominic-fritz-atac-la-justitie-dupa-ce-a-pierdut-procesul-cu-ani-anunta-ca-merge-la-cedo-nemultumit-ca-nu-va-putea-candida-3-ani\/18\/06\/2026\">Dominic Fritz, atac la Justi\u021bie, dupa ce a pierdut procesul cu ANI. Anun\u021b\u0103 c\u0103 merge la CEDO, nemul\u021bumit c\u0103 nu va putea candida 3 ani<\/a><\/strong><\/p>\n<p><strong><span>CITE\u0218TE \u0218I:<\/span><a href=\"https:\/\/www.opiniatimisoarei.ro\/s-a-terminat-dominic-fritz-a-pierdut-definitiv-procesul-cu-ani-ce-urmeaza-la-timisoara\/18\/06\/2026\">S-a terminat! Dominic Fritz a pierdut definitiv procesul cu ANI. Ce urmeaz\u0103 la Timi\u0219oara<\/a><\/strong><\/p>\n<p>***<\/p>\n<p><strong><span class=\"dia_suggestion w0\">Mai<\/span><span class=\"dia_suggestion w1\">multe<\/span><span class=\"dia_suggestion w2\">g\u0103si\u021bi<\/span> pe <span class=\"dia_suggestion w4\">pagina noastr<span class=\"dia_suggestion w0\">\u0103<\/span><\/span>\u00a0de <a href=\"https:\/\/www.facebook.com\/OpiniaTM\/?ref=page_internal\" target=\"_blank\" rel=\"noopener\">Facebook opiniatimisoarei.ro<\/a>!<\/strong><\/p>\n<p><strong><span class=\"dia_suggestion w0\">Dac\u0103<\/span><span class=\"dia_suggestion w1\">a\u021bi<\/span> fost martorii unui eveniment <span class=\"dia_suggestion w6\">sau<\/span><span class=\"dia_suggestion w7\">ai<\/span> unei <span class=\"dia_suggestion w9\">situa\u021bii<\/span><span class=\"dia_suggestion w10\">neobi\u0219nuite<\/span><span class=\"dia_suggestion w11\">care<\/span> ar <span class=\"dia_suggestion w13\">putea<\/span> deveni subiect de <span class=\"dia_suggestion w17\">\u0219tire<\/span>, <span class=\"dia_suggestion w18\">contacta\u021bi<\/span>-ne <span class=\"dia_suggestion w20\">la<\/span><span><a href=\"https:\/\/www.opiniatimisoarei.ro\/cdn-cgi\/l\/email-protection\" class=\"__cf_email__\" data-cfemail=\"6e1c0b0a0f0d1a070b2e011e0700070f1a0703071d010f1c0b07401c01\">[email\u00a0protected]<\/a>,<\/span>\u00a0 pe <a href=\"https:\/\/www.facebook.com\/OpiniaTM\">FB<\/a><span>sau pe contul nostru de<\/span><a href=\"https:\/\/www.instagram.com\/opiniatimisoarei.ro\/\" target=\"_blank\" rel=\"noopener\">Instagram<\/a>!<\/strong><\/p>\n<p><strong><span>CITESTE SI<\/span>: <a href=\"https:\/\/www.opiniatimisoarei.ro\/afli-primul-tot-ceea-ce-se-intampla-cu-adevarat-important-in-timisoara-si-in-regiune-cu-aplicatia-de-stiri-opinia-timisoarei-3-tipuri-de-alerte-te-tin-mereu-conectat-la-evenimente-descarca-gratuit-a\/31\/10\/2022\">Afli primul tot ceea ce se intampla cu adevarat important in Timisoara si in regiune cu Aplicatia de stiri Opinia Timisoarei. 3 tipuri de alerte te tin mereu conectat la evenimente. Descarca gratuit Aplicatia OT aici!<\/a><\/strong><\/p>\n<\/div>\n<p>[analyse_source url=&#8221;https:\/\/www.opiniatimisoarei.ro\/gasita-in-stare-de-incompatibilitate-paula-romocean-pierde-procesul-cu-ani-la-curtea-de-apel-timisoara-viceprimarul-a-fost-2-ani-si-sef-in-usr-si-membru-in-consiliul-de-administratie-la-spitalul-mun\/06\/07\/2026&#8243;]<\/p>\n","protected":false},"excerpt":{"rendered":"<p>[analyse_image type=&#8221;featured&#8221; src=&#8221;https:\/\/www.opiniatimisoarei.ro\/wp-content\/uploads\/2025\/01\/Paula-Romocean-728&#215;336.jpghttps:\/\/www.opiniatimisoarei.ro\/wp-content\/uploads\/2025\/01\/Paula-Romocean.jpg&#8221;] TIMI\u0218OARA. Viceprimarul Timi\u0219oarei, Paula\u2013Ana Romocean (USR), g\u0103sit\u0103 \u00een incompatibilitate de ANI, a aflat sentin\u021baCur\u021bii de Apel Timi\u0219oara, unde a \u00eencercat anularea raportului Agen\u021biei de Intergritate. Judec\u0103torii au stabilit c\u0103 ANI are dreptate. Paula Romocean poate s\u0103 atace decizia magistra\u021bilor. \u201cRespinge ac\u0163iunea formulat\u0103 de reclamanta ROMOCEAN ANA PAULA \u00een contradictoriu cu p\u00e2r\u00e2ta AGEN\u0162IA [&hellip;]<\/p>\n","protected":false},"author":1,"featured_media":0,"comment_status":"open","ping_status":"","sticky":false,"template":"","format":"standard","meta":{"footnotes":""},"categories":[89],"tags":[226,190],"class_list":["post-2035047","post","type-post","status-publish","format-standard","hentry","category-romania","tag-crawlmanager","tag-opiniatimisoarei-ro"],"_links":{"self":[{"href":"https:\/\/analyse.optim.biz\/index.php?rest_route=\/wp\/v2\/posts\/2035047","targetHints":{"allow":["GET"]}}],"collection":[{"href":"https:\/\/analyse.optim.biz\/index.php?rest_route=\/wp\/v2\/posts"}],"about":[{"href":"https:\/\/analyse.optim.biz\/index.php?rest_route=\/wp\/v2\/types\/post"}],"author":[{"embeddable":true,"href":"https:\/\/analyse.optim.biz\/index.php?rest_route=\/wp\/v2\/users\/1"}],"replies":[{"embeddable":true,"href":"https:\/\/analyse.optim.biz\/index.php?rest_route=%2Fwp%2Fv2%2Fcomments&post=2035047"}],"version-history":[{"count":0,"href":"https:\/\/analyse.optim.biz\/index.php?rest_route=\/wp\/v2\/posts\/2035047\/revisions"}],"wp:attachment":[{"href":"https:\/\/analyse.optim.biz\/index.php?rest_route=%2Fwp%2Fv2%2Fmedia&parent=2035047"}],"wp:term":[{"taxonomy":"category","embeddable":true,"href":"https:\/\/analyse.optim.biz\/index.php?rest_route=%2Fwp%2Fv2%2Fcategories&post=2035047"},{"taxonomy":"post_tag","embeddable":true,"href":"https:\/\/analyse.optim.biz\/index.php?rest_route=%2Fwp%2Fv2%2Ftags&post=2035047"}],"curies":[{"name":"wp","href":"https:\/\/api.w.org\/{rel}","templated":true}]}}