{"id":2035044,"date":"2026-07-06T08:26:20","date_gmt":"2026-07-06T05:26:20","guid":{"rendered":"https:\/\/analyse.optim.biz\/?p=2035044"},"modified":"2026-07-06T08:26:20","modified_gmt":"2026-07-06T05:26:20","slug":"magistrala-verde-in-cautarea-unui-constructor-dispar-451-de-locuri-de-parcare-de-pe-calea-sagului-din-timisoara-iar-pe-un-tronson-masinile-vor-circula-pe-o-singura-banda","status":"publish","type":"post","link":"https:\/\/analyse.optim.biz\/?p=2035044","title":{"rendered":"Magistrala Verde, \u00een c\u0103utarea unui constructor. Dispar 451 de locuri de parcare de pe Calea \u0218agului din Timi\u0219oara, iar pe un tronson ma\u0219inile vor circula pe o singur\u0103 band\u0103"},"content":{"rendered":"<p>[analyse_image type=&#8221;featured&#8221; src=&#8221;https:\/\/www.opiniatimisoarei.ro\/wp-content\/uploads\/2025\/10\/proiect-magistrala-verde-calea-sagului-728&#215;336.jpghttps:\/\/www.opiniatimisoarei.ro\/wp-content\/uploads\/2025\/10\/proiect-magistrala-verde-calea-sagului.jpg&#8221;]<\/p>\n<div class=\"the_content\">\n<p><strong>TIMI\u0218OARA<\/strong>. A fost lansat\u0103 licita\u021bia pentru g\u0103sirea unui constructor care s\u0103 transforme Calea \u0218agului din Timi\u0219oara \u00een Magistral\u0103 Verde.<\/p>\n<p><strong><span>CITE\u0218TE \u0218I:<\/span><a href=\"https:\/\/www.opiniatimisoarei.ro\/cu-trenul-de-la-timisoara-la-szeged-ca-odinioara-si-pod-nou-peste-mures-la-frontiera-3-oferte-la-prima-licitatie-pentru-calea-ferata-care-ne-va-lega-iarasi-de-ungaria-si-va-scurta-drumul-cu-60-km\/05\/07\/2026\">Cu trenul de la Timi\u0219oara la Szeged, ca odinioar\u0103, \u0219i pod nou peste Mure\u0219 la frontier\u0103. 3 oferte la prima licita\u021bie pentru calea ferat\u0103 care ne va lega iar\u0103\u0219i de Ungaria \u0219i va scurta drumul cu 60 km<\/a><\/strong><\/p>\n<p>Va fi prioritizat transportul \u00een comun \u0219i pe biciclete \u0219i vor disp\u0103rea 451 de locuri de parcare, potrivit proiectului Prim\u0103riei Timi\u0219oara.<br \/>\nAceasta pentru c\u0103 viitoarea Magistrala Verde va avea benzi dedicate pentru autobuze de la pasajul de ie\u0219ire din ora\u0219 p\u00e2n\u0103 la Pia\u021ba Mocioni.<br \/>\nExcep\u021bie face tronsonul dintre strada Dr. Pavel V. Ungureanu \u0219i strada Eneas, unde l\u0103\u021bimea bulevardului nu permite amenajarea acestora.<\/p>\n<p>Din Pia\u021ba Mocioni p\u00e2n\u0103 la Podul de la Maria, benzile dedicate vor fi realizate prin proiectul de regenerare urban\u0103 zona Pia\u021ba Mocioni aflat \u00een licita\u021bie.<\/p>\n<p>Prim\u0103ria Timi\u0219oara anun\u021ba acum un an c\u0103 ar fi g\u0103sit garaje vechi pe care le-ar putea demola pe Intrarea Sabiei, Intrarea Plantelor, Intrarea Cucului, Strada Kiriac \u0219i Bulevardul 16 Decembrie 1989, iar in loc sa amenajeze candva parc\u0103ri.<\/p>\n<h2><span><strong>\u2018Drumul\u2019 de la Calea \u0218agului la Magistrala Verde<\/strong><\/span><\/h2>\n<p>Calea \u0218agului a fost \u00eemp\u0103r\u021bit\u0103 pe tronsoane \u0219i toate vor avea band\u0103 dedicat\u0103 autobuzelor.<\/p>\n<p><a href=\"https:\/\/www.opiniatimisoarei.ro\/wp-content\/uploads\/2025\/09\/magistrala-verde-1.jpeg\"><img loading=\"lazy\" decoding=\"async\" class=\"aligncenter size-full wp-image-858484\" src=\"https:\/\/www.opiniatimisoarei.ro\/wp-content\/uploads\/2025\/09\/magistrala-verde-1.jpeg\" alt=\"\" width=\"1080\" height=\"607\"><\/a><\/p>\n<p>\u201c<strong>De la sensul giratoriu din Calea <span class=\"dia_suggestion w0\">\u0218<\/span>agului p\u00e2n\u0103 la intersec\u021bia cu Liviu Rebreanu, bulevardul va avea 2 benzi auto pe sens, a\u0219a cum e azi, iar, prin reconfigurarea profilului stradal, se vor face culoare pentru autobuze, paralel cu ma\u0219inile, ca s\u0103 nu stea \u00een coloana.<\/strong><\/p>\n<p><strong>De la Liviu Rebreanu p\u00e2n\u0103 la Iuliu Maniu (fosta Resitei), exist\u0103 o \u00eengustare pe l\u00e2ng\u0103 cimitir. Astfel, p\u00e2n\u0103 la intersec\u021bia cu Vulturilor vor fi 3 benzi pe sens (una pentru autobuz, 2 pentru ma\u0219ini), iar \u00een dreptul cimitirului, pe o por\u021biune, autobuzele vor merge \u00een r\u00e2nd cu ma\u0219inile.<\/strong><\/p>\n<p><strong>La intersec\u021bia cu Iuliu Maniu, unde se l\u0103rge\u0219te profilul stradal, autobuzul va dep\u0103\u0219i coloana \u0219i va avea prioritate, iar intersec\u021bia va fi semaforizat\u0103. P\u00e2n\u0103 la Dragalina vor fi 2 benzi auto plus una pentru mijloacele de transport.<\/strong><\/p>\n<p><strong>Bulevardul 16 Decembrie va deveni unul cu o singur\u0103 band\u0103 pe sens pentru ma\u0219ini \u0219i una dedicat\u0103 autobuzelor. Banda rutier\u0103 va fi \u00eengustat\u0103. Banda de transport public va fi suprapus\u0103 peste linia de tramvai pe toat\u0103 lungimea p\u00e2n\u0103 \u00een dreptul Splaiului Nistrului (n.r. a vrut s\u0103 zic\u0103 Splaiul Tudor Vladimirescu) \u0219i, undeva din dreptul intersec\u021biei cu Timotei Cipariu, cu Zugrav Nedelcu, trotuarele vor fi l\u0103rgite cu 3 m. Astfel, \u00een zona Pie\u021bei Maria, spa\u021biul public va fi mult mai amplu<\/strong>\u201c, explica in octombrie viceprimarul Ruben Latcau.<\/p>\n<p><span><strong>Iat\u0103, mai jos, \u00een detaliu, proiectul Magistralei Verzi!<\/strong><\/span><\/p>\n<p><a href=\"https:\/\/www.opiniatimisoarei.ro\/wp-content\/uploads\/2025\/10\/1.jpg\"><img loading=\"lazy\" decoding=\"async\" class=\"aligncenter size-full wp-image-860686\" src=\"https:\/\/www.opiniatimisoarei.ro\/wp-content\/uploads\/2025\/10\/1.jpg\" alt=\"\" width=\"1080\" height=\"591\"><\/a><a href=\"https:\/\/www.opiniatimisoarei.ro\/wp-content\/uploads\/2025\/10\/2.jpg\"><img loading=\"lazy\" decoding=\"async\" class=\"aligncenter size-large wp-image-860687\" src=\"https:\/\/www.opiniatimisoarei.ro\/wp-content\/uploads\/2025\/10\/2.jpg\" alt=\"\" width=\"1024\" height=\"576\"><\/a><a href=\"https:\/\/www.opiniatimisoarei.ro\/wp-content\/uploads\/2025\/10\/3.jpg\"><img decoding=\"async\" loading=\"lazy\" class=\"aligncenter size-large wp-image-860688\" src=\"https:\/\/www.opiniatimisoarei.ro\/wp-content\/uploads\/2025\/10\/3.jpg\" alt=\"\" width=\"1024\" height=\"568\"><\/a><a href=\"https:\/\/www.opiniatimisoarei.ro\/wp-content\/uploads\/2025\/10\/4.jpg\"><img decoding=\"async\" loading=\"lazy\" class=\"aligncenter size-large wp-image-860689\" src=\"https:\/\/www.opiniatimisoarei.ro\/wp-content\/uploads\/2025\/10\/4.jpg\" alt=\"\" width=\"1024\" height=\"576\"><\/a><a href=\"https:\/\/www.opiniatimisoarei.ro\/wp-content\/uploads\/2025\/10\/5.jpg\"><img decoding=\"async\" loading=\"lazy\" class=\"aligncenter size-large wp-image-860690\" src=\"https:\/\/www.opiniatimisoarei.ro\/wp-content\/uploads\/2025\/10\/5.jpg\" alt=\"\" width=\"1024\" height=\"574\"><\/a><a href=\"https:\/\/www.opiniatimisoarei.ro\/wp-content\/uploads\/2025\/10\/6.jpg\"><img decoding=\"async\" loading=\"lazy\" class=\"aligncenter size-large wp-image-860691\" src=\"https:\/\/www.opiniatimisoarei.ro\/wp-content\/uploads\/2025\/10\/6.jpg\" alt=\"\" width=\"1024\" height=\"576\"><\/a><a href=\"https:\/\/www.opiniatimisoarei.ro\/wp-content\/uploads\/2025\/10\/7.jpg\"><img decoding=\"async\" loading=\"lazy\" class=\"aligncenter size-large wp-image-860692\" src=\"https:\/\/www.opiniatimisoarei.ro\/wp-content\/uploads\/2025\/10\/7.jpg\" alt=\"\" width=\"1024\" height=\"572\"><\/a><a href=\"https:\/\/www.opiniatimisoarei.ro\/wp-content\/uploads\/2025\/10\/8.jpg\"><img decoding=\"async\" loading=\"lazy\" class=\"aligncenter size-large wp-image-860693\" src=\"https:\/\/www.opiniatimisoarei.ro\/wp-content\/uploads\/2025\/10\/8.jpg\" alt=\"\" width=\"1024\" height=\"576\"><\/a><a href=\"https:\/\/www.opiniatimisoarei.ro\/wp-content\/uploads\/2025\/10\/9.jpg\"><img decoding=\"async\" loading=\"lazy\" class=\"aligncenter size-large wp-image-860694\" src=\"https:\/\/www.opiniatimisoarei.ro\/wp-content\/uploads\/2025\/10\/9.jpg\" alt=\"\" width=\"1024\" height=\"574\"><\/a><a href=\"https:\/\/www.opiniatimisoarei.ro\/wp-content\/uploads\/2025\/10\/10.jpg\"><img decoding=\"async\" loading=\"lazy\" class=\"aligncenter size-large wp-image-860695\" src=\"https:\/\/www.opiniatimisoarei.ro\/wp-content\/uploads\/2025\/10\/10.jpg\" alt=\"\" width=\"1024\" height=\"582\"><\/a><a href=\"https:\/\/www.opiniatimisoarei.ro\/wp-content\/uploads\/2025\/10\/11.jpg\"><img decoding=\"async\" loading=\"lazy\" class=\"aligncenter size-large wp-image-860696\" src=\"https:\/\/www.opiniatimisoarei.ro\/wp-content\/uploads\/2025\/10\/11.jpg\" alt=\"\" width=\"1024\" height=\"574\"><\/a><a href=\"https:\/\/www.opiniatimisoarei.ro\/wp-content\/uploads\/2025\/10\/12.jpg\"><img decoding=\"async\" loading=\"lazy\" class=\"aligncenter size-large wp-image-860697\" src=\"https:\/\/www.opiniatimisoarei.ro\/wp-content\/uploads\/2025\/10\/12.jpg\" alt=\"\" width=\"1024\" height=\"576\"><\/a><a href=\"https:\/\/www.opiniatimisoarei.ro\/wp-content\/uploads\/2025\/10\/13.jpg\"><img decoding=\"async\" loading=\"lazy\" class=\"aligncenter size-large wp-image-860698\" src=\"https:\/\/www.opiniatimisoarei.ro\/wp-content\/uploads\/2025\/10\/13.jpg\" alt=\"\" width=\"1024\" height=\"570\"><\/a><a href=\"https:\/\/www.opiniatimisoarei.ro\/wp-content\/uploads\/2025\/10\/14.jpg\"><img decoding=\"async\" loading=\"lazy\" class=\"aligncenter size-large wp-image-860699\" src=\"https:\/\/www.opiniatimisoarei.ro\/wp-content\/uploads\/2025\/10\/14.jpg\" alt=\"\" width=\"1024\" height=\"575\"><\/a><a href=\"https:\/\/www.opiniatimisoarei.ro\/wp-content\/uploads\/2025\/10\/15.jpg\"><img decoding=\"async\" loading=\"lazy\" class=\"aligncenter size-large wp-image-860700\" src=\"https:\/\/www.opiniatimisoarei.ro\/wp-content\/uploads\/2025\/10\/15.jpg\" alt=\"\" width=\"1024\" height=\"576\"><\/a><a href=\"https:\/\/www.opiniatimisoarei.ro\/wp-content\/uploads\/2025\/10\/16.jpg\"><img decoding=\"async\" loading=\"lazy\" class=\"aligncenter size-large wp-image-860701\" src=\"https:\/\/www.opiniatimisoarei.ro\/wp-content\/uploads\/2025\/10\/16.jpg\" alt=\"\" width=\"1024\" height=\"574\"><\/a><a href=\"https:\/\/www.opiniatimisoarei.ro\/wp-content\/uploads\/2025\/10\/17.jpg\"><img decoding=\"async\" loading=\"lazy\" class=\"aligncenter size-large wp-image-860702\" src=\"https:\/\/www.opiniatimisoarei.ro\/wp-content\/uploads\/2025\/10\/17.jpg\" alt=\"\" width=\"1024\" height=\"576\"><\/a><a href=\"https:\/\/www.opiniatimisoarei.ro\/wp-content\/uploads\/2025\/10\/18.jpg\"><img decoding=\"async\" loading=\"lazy\" class=\"aligncenter size-large wp-image-860703\" src=\"https:\/\/www.opiniatimisoarei.ro\/wp-content\/uploads\/2025\/10\/18.jpg\" alt=\"\" width=\"1024\" height=\"575\"><\/a><a href=\"https:\/\/www.opiniatimisoarei.ro\/wp-content\/uploads\/2025\/10\/19.jpg\"><img decoding=\"async\" loading=\"lazy\" class=\"aligncenter size-large wp-image-860704\" src=\"https:\/\/www.opiniatimisoarei.ro\/wp-content\/uploads\/2025\/10\/19.jpg\" alt=\"\" width=\"1024\" height=\"576\"><\/a><a href=\"https:\/\/www.opiniatimisoarei.ro\/wp-content\/uploads\/2025\/10\/20.jpg\"><img decoding=\"async\" loading=\"lazy\" class=\"aligncenter size-large wp-image-860705\" src=\"https:\/\/www.opiniatimisoarei.ro\/wp-content\/uploads\/2025\/10\/20.jpg\" alt=\"\" width=\"1024\" height=\"575\"><\/a><a href=\"https:\/\/www.opiniatimisoarei.ro\/wp-content\/uploads\/2025\/10\/21.jpg\"><img decoding=\"async\" loading=\"lazy\" class=\"aligncenter size-large wp-image-860706\" src=\"https:\/\/www.opiniatimisoarei.ro\/wp-content\/uploads\/2025\/10\/21.jpg\" alt=\"\" width=\"1024\" height=\"579\"><\/a><a href=\"https:\/\/www.opiniatimisoarei.ro\/wp-content\/uploads\/2025\/10\/22.jpg\"><img decoding=\"async\" loading=\"lazy\" class=\"aligncenter size-large wp-image-860707\" src=\"https:\/\/www.opiniatimisoarei.ro\/wp-content\/uploads\/2025\/10\/22.jpg\" alt=\"\" width=\"1024\" height=\"574\"><\/a><a href=\"https:\/\/www.opiniatimisoarei.ro\/wp-content\/uploads\/2025\/10\/23.jpg\"><img decoding=\"async\" loading=\"lazy\" class=\"aligncenter size-large wp-image-860708\" src=\"https:\/\/www.opiniatimisoarei.ro\/wp-content\/uploads\/2025\/10\/23.jpg\" alt=\"\" width=\"1024\" height=\"572\"><\/a><a href=\"https:\/\/www.opiniatimisoarei.ro\/wp-content\/uploads\/2025\/10\/24.jpg\"><img decoding=\"async\" loading=\"lazy\" class=\"aligncenter size-large wp-image-860709\" src=\"https:\/\/www.opiniatimisoarei.ro\/wp-content\/uploads\/2025\/10\/24.jpg\" alt=\"\" width=\"1024\" height=\"575\"><\/a><a href=\"https:\/\/www.opiniatimisoarei.ro\/wp-content\/uploads\/2025\/10\/25.jpg\"><img decoding=\"async\" loading=\"lazy\" class=\"aligncenter size-large wp-image-860710\" src=\"https:\/\/www.opiniatimisoarei.ro\/wp-content\/uploads\/2025\/10\/25.jpg\" alt=\"\" width=\"1024\" height=\"577\"><\/a><a href=\"https:\/\/www.opiniatimisoarei.ro\/wp-content\/uploads\/2025\/10\/26.jpg\"><img decoding=\"async\" loading=\"lazy\" class=\"aligncenter size-large wp-image-860711\" src=\"https:\/\/www.opiniatimisoarei.ro\/wp-content\/uploads\/2025\/10\/26.jpg\" alt=\"\" width=\"1024\" height=\"573\"><\/a><a href=\"https:\/\/www.opiniatimisoarei.ro\/wp-content\/uploads\/2025\/10\/27.jpg\"><img decoding=\"async\" loading=\"lazy\" class=\"aligncenter size-large wp-image-860712\" src=\"https:\/\/www.opiniatimisoarei.ro\/wp-content\/uploads\/2025\/10\/27.jpg\" alt=\"\" width=\"1024\" height=\"565\"><\/a><a href=\"https:\/\/www.opiniatimisoarei.ro\/wp-content\/uploads\/2025\/10\/28.jpg\"><img decoding=\"async\" loading=\"lazy\" class=\"aligncenter size-large wp-image-860713\" src=\"https:\/\/www.opiniatimisoarei.ro\/wp-content\/uploads\/2025\/10\/28.jpg\" alt=\"\" width=\"1024\" height=\"577\"><\/a><a href=\"https:\/\/www.opiniatimisoarei.ro\/wp-content\/uploads\/2025\/10\/29.jpg\"><img decoding=\"async\" loading=\"lazy\" class=\"aligncenter size-large wp-image-860714\" src=\"https:\/\/www.opiniatimisoarei.ro\/wp-content\/uploads\/2025\/10\/29.jpg\" alt=\"\" width=\"1024\" height=\"576\"><\/a><a href=\"https:\/\/www.opiniatimisoarei.ro\/wp-content\/uploads\/2025\/10\/30.jpg\"><img decoding=\"async\" loading=\"lazy\" class=\"aligncenter size-large wp-image-860715\" src=\"https:\/\/www.opiniatimisoarei.ro\/wp-content\/uploads\/2025\/10\/30.jpg\" alt=\"\" width=\"1024\" height=\"573\"><\/a><a href=\"https:\/\/www.opiniatimisoarei.ro\/wp-content\/uploads\/2025\/10\/31.jpg\"><img decoding=\"async\" loading=\"lazy\" class=\"aligncenter size-large wp-image-860716\" src=\"https:\/\/www.opiniatimisoarei.ro\/wp-content\/uploads\/2025\/10\/31.jpg\" alt=\"\" width=\"1024\" height=\"576\"><\/a><a href=\"https:\/\/www.opiniatimisoarei.ro\/wp-content\/uploads\/2025\/10\/32.jpg\"><img decoding=\"async\" loading=\"lazy\" class=\"aligncenter size-large wp-image-860717\" src=\"https:\/\/www.opiniatimisoarei.ro\/wp-content\/uploads\/2025\/10\/32.jpg\" alt=\"\" width=\"1024\" height=\"574\"><\/a><a href=\"https:\/\/www.opiniatimisoarei.ro\/wp-content\/uploads\/2025\/10\/33.jpg\"><img decoding=\"async\" loading=\"lazy\" class=\"aligncenter size-large wp-image-860718\" src=\"https:\/\/www.opiniatimisoarei.ro\/wp-content\/uploads\/2025\/10\/33.jpg\" alt=\"\" width=\"1024\" height=\"580\"><\/a><a href=\"https:\/\/www.opiniatimisoarei.ro\/wp-content\/uploads\/2025\/10\/34.jpg\"><img decoding=\"async\" loading=\"lazy\" class=\"aligncenter size-large wp-image-860719\" src=\"https:\/\/www.opiniatimisoarei.ro\/wp-content\/uploads\/2025\/10\/34.jpg\" alt=\"\" width=\"1024\" height=\"572\"><\/a><a href=\"https:\/\/www.opiniatimisoarei.ro\/wp-content\/uploads\/2025\/10\/35.jpg\"><img decoding=\"async\" loading=\"lazy\" class=\"aligncenter size-large wp-image-860720\" src=\"https:\/\/www.opiniatimisoarei.ro\/wp-content\/uploads\/2025\/10\/35.jpg\" alt=\"\" width=\"1024\" height=\"577\"><\/a><a href=\"https:\/\/www.opiniatimisoarei.ro\/wp-content\/uploads\/2025\/10\/36.jpg\"><img decoding=\"async\" loading=\"lazy\" class=\"aligncenter size-large wp-image-860721\" src=\"https:\/\/www.opiniatimisoarei.ro\/wp-content\/uploads\/2025\/10\/36.jpg\" alt=\"\" width=\"1024\" height=\"576\"><\/a><a href=\"https:\/\/www.opiniatimisoarei.ro\/wp-content\/uploads\/2025\/10\/37.jpg\"><img decoding=\"async\" loading=\"lazy\" class=\"aligncenter size-large wp-image-860722\" src=\"https:\/\/www.opiniatimisoarei.ro\/wp-content\/uploads\/2025\/10\/37.jpg\" alt=\"\" width=\"1024\" height=\"570\"><\/a><a href=\"https:\/\/www.opiniatimisoarei.ro\/wp-content\/uploads\/2025\/10\/38.jpg\"><img decoding=\"async\" loading=\"lazy\" class=\"aligncenter size-large wp-image-860723\" src=\"https:\/\/www.opiniatimisoarei.ro\/wp-content\/uploads\/2025\/10\/38.jpg\" alt=\"\" width=\"1024\" height=\"571\"><\/a><a href=\"https:\/\/www.opiniatimisoarei.ro\/wp-content\/uploads\/2025\/10\/39.jpg\"><img decoding=\"async\" loading=\"lazy\" class=\"aligncenter size-large wp-image-860724\" src=\"https:\/\/www.opiniatimisoarei.ro\/wp-content\/uploads\/2025\/10\/39.jpg\" alt=\"\" width=\"1024\" height=\"576\"><\/a><a href=\"https:\/\/www.opiniatimisoarei.ro\/wp-content\/uploads\/2025\/10\/40.jpg\"><img decoding=\"async\" loading=\"lazy\" class=\"aligncenter size-large wp-image-860725\" src=\"https:\/\/www.opiniatimisoarei.ro\/wp-content\/uploads\/2025\/10\/40.jpg\" alt=\"\" width=\"1024\" height=\"576\"><\/a><a href=\"https:\/\/www.opiniatimisoarei.ro\/wp-content\/uploads\/2025\/10\/41.jpg\"><img decoding=\"async\" loading=\"lazy\" class=\"aligncenter size-large wp-image-860726\" src=\"https:\/\/www.opiniatimisoarei.ro\/wp-content\/uploads\/2025\/10\/41.jpg\" alt=\"\" width=\"1024\" height=\"578\"><\/a><a href=\"https:\/\/www.opiniatimisoarei.ro\/wp-content\/uploads\/2025\/10\/42.jpg\"><img decoding=\"async\" loading=\"lazy\" class=\"aligncenter size-large wp-image-860727\" src=\"https:\/\/www.opiniatimisoarei.ro\/wp-content\/uploads\/2025\/10\/42.jpg\" alt=\"\" width=\"1024\" height=\"577\"><\/a><a href=\"https:\/\/www.opiniatimisoarei.ro\/wp-content\/uploads\/2025\/10\/43.jpg\"><img decoding=\"async\" loading=\"lazy\" class=\"aligncenter size-large wp-image-860728\" src=\"https:\/\/www.opiniatimisoarei.ro\/wp-content\/uploads\/2025\/10\/43.jpg\" alt=\"\" width=\"1024\" height=\"566\"><\/a><a href=\"https:\/\/www.opiniatimisoarei.ro\/wp-content\/uploads\/2025\/10\/44.jpg\"><img decoding=\"async\" loading=\"lazy\" class=\"aligncenter size-large wp-image-860729\" src=\"https:\/\/www.opiniatimisoarei.ro\/wp-content\/uploads\/2025\/10\/44.jpg\" alt=\"\" width=\"1024\" height=\"579\"><\/a><a href=\"https:\/\/www.opiniatimisoarei.ro\/wp-content\/uploads\/2025\/10\/45.jpg\"><img decoding=\"async\" loading=\"lazy\" class=\"aligncenter size-large wp-image-860730\" src=\"https:\/\/www.opiniatimisoarei.ro\/wp-content\/uploads\/2025\/10\/45.jpg\" alt=\"\" width=\"1024\" height=\"575\"><\/a><a href=\"https:\/\/www.opiniatimisoarei.ro\/wp-content\/uploads\/2025\/10\/46.jpg\"><img decoding=\"async\" loading=\"lazy\" class=\"aligncenter size-large wp-image-860731\" src=\"https:\/\/www.opiniatimisoarei.ro\/wp-content\/uploads\/2025\/10\/46.jpg\" alt=\"\" width=\"1024\" height=\"573\"><\/a><a href=\"https:\/\/www.opiniatimisoarei.ro\/wp-content\/uploads\/2025\/10\/47.jpg\"><img decoding=\"async\" loading=\"lazy\" class=\"aligncenter size-large wp-image-860732\" src=\"https:\/\/www.opiniatimisoarei.ro\/wp-content\/uploads\/2025\/10\/47.jpg\" alt=\"\" width=\"1024\" height=\"575\"><\/a><a href=\"https:\/\/www.opiniatimisoarei.ro\/wp-content\/uploads\/2025\/10\/48.jpg\"><img decoding=\"async\" loading=\"lazy\" class=\"aligncenter size-large wp-image-860733\" src=\"https:\/\/www.opiniatimisoarei.ro\/wp-content\/uploads\/2025\/10\/48.jpg\" alt=\"\" width=\"1024\" height=\"572\"><\/a><\/p>\n<p>Magistrala Verde va avea piste de biciclete, iar trotuarele vor fi reamenajate cu finisaje din piatr\u0103 natural\u0103 \u0219i pavaj modern. Mai mult, va cre\u0219te pu\u021bin suprafa\u021ba zonei verzi, cu 2.000 mp.<\/p>\n<p>Valoarea estimat\u0103 a contractului de lucr\u0103ri este de aproximativ 95,3 milioane de lei (f\u0103r\u0103 TVA), iar durata de execu\u021bie este de 2 ani si jum\u0103tate.<\/p>\n<p class=\"western\" lang=\"ro-RO\"><span><span>Investi\u021bia total\u0103 se va ridica la 158,3 milioane de lei.<\/span><\/span><\/p>\n<p>***<\/p>\n<p><strong><span class=\"dia_suggestion w0\">Mai<\/span><span class=\"dia_suggestion w1\">multe<\/span><span class=\"dia_suggestion w2\">g\u0103si\u021bi<\/span> pe <span class=\"dia_suggestion w4\">pagina noastr<span class=\"dia_suggestion w0\">\u0103<\/span><\/span>\u00a0de <a href=\"https:\/\/www.facebook.com\/OpiniaTM\/?ref=page_internal\" target=\"_blank\" rel=\"noopener\">Facebook opiniatimisoarei.ro<\/a>!<\/strong><\/p>\n<p><strong><span class=\"dia_suggestion w0\">Dac\u0103<\/span><span class=\"dia_suggestion w1\">a\u021bi<\/span> fost martorii unui eveniment <span class=\"dia_suggestion w6\">sau<\/span><span class=\"dia_suggestion w7\">ai<\/span> unei <span class=\"dia_suggestion w9\">situa\u021bii<\/span><span class=\"dia_suggestion w10\">neobi\u0219nuite<\/span><span class=\"dia_suggestion w11\">care<\/span> ar <span class=\"dia_suggestion w13\">putea<\/span> deveni subiect de <span class=\"dia_suggestion w17\">\u0219tire<\/span>, <span class=\"dia_suggestion w18\">contacta\u021bi<\/span>-ne <span class=\"dia_suggestion w20\">la<\/span><span><a href=\"https:\/\/www.opiniatimisoarei.ro\/cdn-cgi\/l\/email-protection\" class=\"__cf_email__\" data-cfemail=\"176572737674637e725778677e797e76637e7a7e64787665727e396578\">[email\u00a0protected]<\/a>,<\/span>\u00a0 pe <a href=\"https:\/\/www.facebook.com\/OpiniaTM\">FB<\/a><span>sau pe contul nostru de<\/span><a href=\"https:\/\/www.instagram.com\/opiniatimisoarei.ro\/\" target=\"_blank\" rel=\"noopener\">Instagram<\/a>!<\/strong><\/p>\n<p><strong><span>CITE\u0218TE \u0218I<\/span>: <a href=\"https:\/\/www.opiniatimisoarei.ro\/afli-primul-tot-ceea-ce-se-intampla-cu-adevarat-important-in-timisoara-si-in-regiune-cu-aplicatia-de-stiri-opinia-timisoarei-3-tipuri-de-alerte-te-tin-mereu-conectat-la-evenimente-descarca-gratuit-a\/31\/10\/2022\">Afli primul tot ceea ce se intampla cu adevarat important in Timisoara si in regiune cu Aplicatia de stiri Opinia Timisoarei. 3 tipuri de alerte te tin mereu conectat la evenimente. Descarca gratuit Aplicatia OT aici!<\/a><\/strong><\/p>\n<\/div>\n<p>[analyse_source url=&#8221;https:\/\/www.opiniatimisoarei.ro\/magistrala-verde-in-cautarea-unui-constructor-dispar-451-de-locuri-de-parcare-de-pe-calea-sagului-din-timisoara-iar-pe-un-tronson-masinile-vor-circula-pe-o-singura-banda\/06\/07\/2026&#8243;]<\/p>\n","protected":false},"excerpt":{"rendered":"<p>[analyse_image type=&#8221;featured&#8221; src=&#8221;https:\/\/www.opiniatimisoarei.ro\/wp-content\/uploads\/2025\/10\/proiect-magistrala-verde-calea-sagului-728&#215;336.jpghttps:\/\/www.opiniatimisoarei.ro\/wp-content\/uploads\/2025\/10\/proiect-magistrala-verde-calea-sagului.jpg&#8221;] TIMI\u0218OARA. A fost lansat\u0103 licita\u021bia pentru g\u0103sirea unui constructor care s\u0103 transforme Calea \u0218agului din Timi\u0219oara \u00een Magistral\u0103 Verde. CITE\u0218TE \u0218I:Cu trenul de la Timi\u0219oara la Szeged, ca odinioar\u0103, \u0219i pod nou peste Mure\u0219 la frontier\u0103. 3 oferte la prima licita\u021bie pentru calea ferat\u0103 care ne va lega iar\u0103\u0219i de Ungaria \u0219i [&hellip;]<\/p>\n","protected":false},"author":1,"featured_media":0,"comment_status":"open","ping_status":"","sticky":false,"template":"","format":"standard","meta":{"footnotes":""},"categories":[89],"tags":[226,190],"class_list":["post-2035044","post","type-post","status-publish","format-standard","hentry","category-romania","tag-crawlmanager","tag-opiniatimisoarei-ro"],"_links":{"self":[{"href":"https:\/\/analyse.optim.biz\/index.php?rest_route=\/wp\/v2\/posts\/2035044","targetHints":{"allow":["GET"]}}],"collection":[{"href":"https:\/\/analyse.optim.biz\/index.php?rest_route=\/wp\/v2\/posts"}],"about":[{"href":"https:\/\/analyse.optim.biz\/index.php?rest_route=\/wp\/v2\/types\/post"}],"author":[{"embeddable":true,"href":"https:\/\/analyse.optim.biz\/index.php?rest_route=\/wp\/v2\/users\/1"}],"replies":[{"embeddable":true,"href":"https:\/\/analyse.optim.biz\/index.php?rest_route=%2Fwp%2Fv2%2Fcomments&post=2035044"}],"version-history":[{"count":0,"href":"https:\/\/analyse.optim.biz\/index.php?rest_route=\/wp\/v2\/posts\/2035044\/revisions"}],"wp:attachment":[{"href":"https:\/\/analyse.optim.biz\/index.php?rest_route=%2Fwp%2Fv2%2Fmedia&parent=2035044"}],"wp:term":[{"taxonomy":"category","embeddable":true,"href":"https:\/\/analyse.optim.biz\/index.php?rest_route=%2Fwp%2Fv2%2Fcategories&post=2035044"},{"taxonomy":"post_tag","embeddable":true,"href":"https:\/\/analyse.optim.biz\/index.php?rest_route=%2Fwp%2Fv2%2Ftags&post=2035044"}],"curies":[{"name":"wp","href":"https:\/\/api.w.org\/{rel}","templated":true}]}}