{"id":2034989,"date":"2026-07-09T10:04:08","date_gmt":"2026-07-09T07:04:08","guid":{"rendered":"https:\/\/analyse.optim.biz\/?p=2034989"},"modified":"2026-07-09T10:04:08","modified_gmt":"2026-07-09T07:04:08","slug":"barbat-cu-arsuri-pe-90-din-suprafata-corpului-dupa-ce-o-butelie-a-luat-foc-stiri-suceava","status":"publish","type":"post","link":"https:\/\/analyse.optim.biz\/?p=2034989","title":{"rendered":"B\u0103rbat cu arsuri pe 90% din suprafa\u021ba corpului dup\u0103 ce o butelie a luat foc &#8211; Stiri Suceava"},"content":{"rendered":"<p>[analyse_image type=&#8221;featured&#8221; src=&#8221;https:\/\/www.informatiata.ro\/wp-content\/uploads\/2019\/12\/butelie-1-1.jpg&#8221;]<\/p>\n<div class=\"td-post-content tagdiv-type\">\n<div class=\"td-post-featured-image\"><a href=\"https:\/\/www.informatiata.ro\/wp-content\/uploads\/2019\/12\/butelie-1-1.jpg\" data-caption><img loading=\"lazy\" decoding=\"async\" width=\"600\" height=\"450\" class=\"entry-thumb td-modal-image\" src=\"https:\/\/www.informatiata.ro\/wp-content\/uploads\/2019\/12\/butelie-1-1.jpg\" alt title=\"incendiu explozie butelie Ude\u0219ti\"><img loading=\"lazy\" decoding=\"async\" width=\"600\" height=\"450\" class=\"entry-thumb td-modal-image\" src=\"https:\/\/www.informatiata.ro\/wp-content\/uploads\/2019\/12\/butelie-1-1.jpg\" alt title=\"incendiu explozie butelie Ude\u0219ti\"><\/a><\/div>\n<p>B\u0103rbat cu arsuri pe 90% din suprafa\u021ba corpului dup\u0103 ce o butelie a luat foc, \u00een timp ce acesta era \u00eentr-o buc\u0103t\u0103rie de var\u0103. <\/p>\n<p>La data de 08.07.2026, \u00een jurul orelor 11:10, lucr\u0103torii de poli\u021bie din cadrul Poli\u021biei Ora\u0219ului Liteni au fost sesiza\u021bi telefonic prin S.N.U.A.U. 112 de c\u0103tre un b\u0103rbat cu privire la faptul c\u0103 vecinului s\u0103u,un localnic de 59 ani, i-a luat foc butelia \u0219i a suferit arsuri.<\/p>\n<div class=\"td-a-rec td-a-rec-id-content_inlineright  tdi_7 td_block_template_1\"><img loading=\"lazy\" decoding=\"async\" class=\"aligncenter size-full wp-image-65536\" src=\"https:\/\/www.informatiata.ro\/wp-content\/uploads\/2026\/07\/SAVCOM-4.gif\" alt width=\"299\" height=\"250\"><img loading=\"lazy\" decoding=\"async\" class=\"aligncenter size-full wp-image-65536\" src=\"https:\/\/www.informatiata.ro\/wp-content\/uploads\/2026\/07\/SAVCOM-4.gif\" alt width=\"299\" height=\"250\"><img loading=\"lazy\" decoding=\"async\" class=\"aligncenter size-full wp-image-65537\" src=\"https:\/\/www.informatiata.ro\/wp-content\/uploads\/2026\/07\/FACOS-3.gif\" alt width=\"300\" height=\"250\"><img loading=\"lazy\" decoding=\"async\" class=\"aligncenter size-full wp-image-65537\" src=\"https:\/\/www.informatiata.ro\/wp-content\/uploads\/2026\/07\/FACOS-3.gif\" alt width=\"300\" height=\"250\"><\/div>\n<p>C\u00e2nd au ajuns la fa\u021ba locului poli\u021bi\u0219tii \u0219i cadrele de la Ambulan\u021b\u0103, r\u0103nitul era \u00een stare de \u0219oc. <\/p>\n<p>Acesta a declarat verbal faptul c\u0103 se afla \u00eentr-o anex\u0103 pe care o folose\u0219te ca buc\u0103t\u0103rie de var\u0103 \u00een care se afl\u0103 o butelie \u0219i un aragaz.<\/p>\n<p>\u00cen momentul \u00een care a \u00eencercat s\u0103 aprind\u0103 aragazul pentru a-\u0219i face ceva de m\u00e2ncare, gazului evacuat din butelie a luat foc \u0219i s-au aprins \u0219i hainele de pe el. <\/p>\n<p>La fa\u021ba locului a intervenit un echipaj de ambulan\u021b\u0103 din cadrul S.A.J. Suceava \u2013 Substa\u021bia Liteni, care l-a preluat \u0219i transportat pe r\u0103nit la Spitalul de Urgen\u021b\u0103 Jude\u021bean \u201eSf. Ioan cel Nou\u201d Suceava pentru mai multe investiga\u021bii. <\/p>\n<p>Potrivit evalu\u0103rii preliminare efectuate de c\u0103tre membrii echipajului medical, acesta prezenta arsuri pe aproximativ 90% din suprafa\u021ba corpului.<\/p>\n<p>Poli\u021bia Ora\u0219ului Liteni s-a sesizat din oficiu \u0219i a dispus \u00eenceperea urm\u0103ririi penale pentru infrac\u021biunea de \u201ev\u0103t\u0103mare corporal\u0103 din culp\u0103\u201d, fapt\u0103 prev\u0103zut\u0103 \u015fi pedepsit\u0103 de art. 196, alin. 1 din Codul Penal.<\/p>\n<p> .<\/p>\n<\/div>\n<p>[analyse_source url=&#8221;https:\/\/www.informatiata.ro\/barbat-cu-arsuri-dupa-ce-o-butelie-a-luat-foc\/&#8221;]<\/p>\n","protected":false},"excerpt":{"rendered":"<p>[analyse_image type=&#8221;featured&#8221; src=&#8221;https:\/\/www.informatiata.ro\/wp-content\/uploads\/2019\/12\/butelie-1-1.jpg&#8221;] B\u0103rbat cu arsuri pe 90% din suprafa\u021ba corpului dup\u0103 ce o butelie a luat foc, \u00een timp ce acesta era \u00eentr-o buc\u0103t\u0103rie de var\u0103. La data de 08.07.2026, \u00een jurul orelor 11:10, lucr\u0103torii de poli\u021bie din cadrul Poli\u021biei Ora\u0219ului Liteni au fost sesiza\u021bi telefonic prin S.N.U.A.U. 112 de c\u0103tre un b\u0103rbat cu [&hellip;]<\/p>\n","protected":false},"author":1,"featured_media":0,"comment_status":"open","ping_status":"","sticky":false,"template":"","format":"standard","meta":{"footnotes":""},"categories":[89],"tags":[226,167],"class_list":["post-2034989","post","type-post","status-publish","format-standard","hentry","category-romania","tag-crawlmanager","tag-informatiata-ro"],"_links":{"self":[{"href":"https:\/\/analyse.optim.biz\/index.php?rest_route=\/wp\/v2\/posts\/2034989","targetHints":{"allow":["GET"]}}],"collection":[{"href":"https:\/\/analyse.optim.biz\/index.php?rest_route=\/wp\/v2\/posts"}],"about":[{"href":"https:\/\/analyse.optim.biz\/index.php?rest_route=\/wp\/v2\/types\/post"}],"author":[{"embeddable":true,"href":"https:\/\/analyse.optim.biz\/index.php?rest_route=\/wp\/v2\/users\/1"}],"replies":[{"embeddable":true,"href":"https:\/\/analyse.optim.biz\/index.php?rest_route=%2Fwp%2Fv2%2Fcomments&post=2034989"}],"version-history":[{"count":0,"href":"https:\/\/analyse.optim.biz\/index.php?rest_route=\/wp\/v2\/posts\/2034989\/revisions"}],"wp:attachment":[{"href":"https:\/\/analyse.optim.biz\/index.php?rest_route=%2Fwp%2Fv2%2Fmedia&parent=2034989"}],"wp:term":[{"taxonomy":"category","embeddable":true,"href":"https:\/\/analyse.optim.biz\/index.php?rest_route=%2Fwp%2Fv2%2Fcategories&post=2034989"},{"taxonomy":"post_tag","embeddable":true,"href":"https:\/\/analyse.optim.biz\/index.php?rest_route=%2Fwp%2Fv2%2Ftags&post=2034989"}],"curies":[{"name":"wp","href":"https:\/\/api.w.org\/{rel}","templated":true}]}}