{"id":2034861,"date":"2026-07-09T09:57:32","date_gmt":"2026-07-09T06:57:32","guid":{"rendered":"https:\/\/analyse.optim.biz\/?p=2034861"},"modified":"2026-07-09T09:57:32","modified_gmt":"2026-07-09T06:57:32","slug":"tour-de-france-rider-finishes-stage-with-no-memory-of-brutal-high-speed-crash","status":"publish","type":"post","link":"https:\/\/analyse.optim.biz\/?p=2034861","title":{"rendered":"Tour de France Rider Finishes Stage with No Memory of Brutal High-Speed Crash"},"content":{"rendered":"<p>[analyse_image type=&#8221;featured&#8221; src=&#8221;https:\/\/velo-cdn.outsideonline.com\/wp-content\/uploads\/2026\/07\/Etapa-5-%C2%A9-Sprint-Cycling-12.jpg&#8221;]<\/p>\n<div class=\"content-wrap fp-contentTarget\">\n<div class=\"article-body\">\n<div class=\"mb-base-loose flex flex-wrap gap-(--spacing-base)\"><!--$--><\/p>\n<div class=\"fp-remove flex items-center justify-start gap-(--spacing-base-tight)\"><span class=\"font-utility-2 font-bold text-primary\">Jim Cotton<\/span><\/div>\n<p><!--\/$--><\/div>\n<div class=\"pub-date font-utility-2 text-secondary\">Updated July 9, 2026 06:13AM<\/div>\n<div class=\"mt-base-loose\"><\/div>\n<\/div>\n<div class=\"tts-player relative w-full\">\n<div id=\"beyondwords-player\"><\/div>\n<\/div>\n<p>Alex Molenaar was center of a brutal high-speed crash the tore apart the final of stage 5 of the Tour de France, but he doesn\u2019t know a thing about it.<\/p>\n<p class=\"aspect-video\">\n<p>The 26-year-old came to the line in Pau dazed, confused, and 7 minutes back after Wednesday\u2019s stage having plowed full speed into a traffic island.<\/p>\n<p>According to <em>AS<\/em>, the dizzied Dutchman has no memory of a collision that had a significant impact on the finale of the Tour\u2019s first sprint stage.<\/p>\n<p>\u201cI don\u2019t remember how the crash happened,\u201d Molenaar told the Spanish outlet.<\/p>\n<p>Moleenar\u2019s team Caja Rural-Seguros RGA later reported that the rider fractured a metacarpal bone in his hand.<\/p>\n<p>But it seems the damage was far worse. The jury\u2019s post-stage medical bulletin lists that Molenaar suffered a concussion.<\/p>\n<p>The incident raises questions about the proper application of the UCI\u2019s \u201cconcussion protocol.\u201d The governing body mandates that race medics run riders suspected of head injuries through a series of tests before they\u2019re allowed to get back on the bike.<\/p>\n<div class=\"ad-placeholder-wrapper relative w-full border-t border-b border-border-light col-span-full my-3 md:col-span-10 md:col-start-2\">\n<div class=\"mb-[30px] min-h-[30px] text-center\"><span class=\"font-utility-4 font-medium tracking-[1px] text-neutral-500 uppercase\">ADVERTISEMENT<\/span><\/div>\n<div class=\"ad-placeholder -mt-[30px] mb-[30px] flex min-h-[250px] w-full items-center justify-center\">\n<div class=\"w-full \">\n<div id=\"in-content-leaderboard-in-content-leaderboard-I0-P0-CMI0\" class=\"flex justify-center text-left\"><\/div>\n<\/div>\n<\/div>\n<\/div>\n<p>Correct application of this protocol should be at the center of a sport that\u2019s putting safety at the top of the agenda after a notable increase in devastating high-speed crashes.<\/p>\n<p>However, implementing the protocol amid the madness of a bike race is not straightforward. Molenaar\u2019s stage 5 crash occurred at 5.4km to go, leaving medics little time to take action.<\/p>\n<p><em>AS<\/em> reported medics immediately screened Molenaar for head injuries at the finish line.<\/p>\n<p>Team Caja Rural confirmed Wednesday night that Molenaar would become the 5th rider to abandon the Tour de France having broken his hand.<\/p>\n<p>No mention was made of the concussion, an injury that can sideline riders for months and leave a long hangover of symptoms.<\/p>\n<p>\u201cThe tests carried out after the conclusion of the day in Pau have revealed that the cyclist suffers a fracture in the first metacarpal of his right hand, which makes it impossible to continue competing in the Tour de France. In addition to that rupture, Molenaar suffers several contusions at different points of his body,\u201d read the note.<\/p>\n<div class=\"ad-placeholder-wrapper relative w-full border-t border-b border-border-light col-span-full my-3 md:col-span-10 md:col-start-2\">\n<div class=\"mb-[30px] min-h-[30px] text-center\"><span class=\"font-utility-4 font-medium tracking-[1px] text-neutral-500 uppercase\">ADVERTISEMENT<\/span><\/div>\n<div class=\"ad-placeholder -mt-[30px] mb-[30px] flex min-h-[250px] w-full items-center justify-center\">\n<div class=\"w-full \">\n<div id=\"in-content-leaderboard-in-content-leaderboard-I1-P0-CMI0\" class=\"flex justify-center text-left\"><\/div>\n<\/div>\n<\/div>\n<\/div>\n<p>Molenaar\u2019s exit is a blow for the Spanish wildcard in its long-awaited return to the Tour.<\/p>\n<p>He was a key protagonist in the team and wore the polka dot jersey for a day during the Barcelona grand d\u00e9part.<\/p>\n<div class=\"o-embed\">\n<blockquote class=\"twitter-tweet\">\n<p lang=\"en\" dir=\"ltr\">Why was Alex Molenaar allowed to continue, and how could he pass the concussion test? There are many questions.<\/p>\n<p>Alex Molenaar explained that he absolutely doesn\u2019t remember anything from yesterday\u2019s crash. And he has to abandon the Tour with a fracture of the metacarpal in his\u2026 pic.twitter.com\/htamrsIjwF<\/p>\n<p>\u2014 Luk\u00e1\u0161 Ronald Luk\u00e1cs (@lucxsronald) July 9, 2026<\/p><\/blockquote>\n<\/div>\n<p><!-- --><span hidden aria-hidden=\"true\"><\/span><\/div>\n<div class=\"article-body\">\n<div class=\"mb-base-loose flex flex-wrap gap-(--spacing-base)\"><!--$--><\/p>\n<div class=\"fp-remove flex items-center justify-start gap-(--spacing-base-tight)\"><span class=\"font-utility-2 font-bold text-primary\">Jim Cotton<\/span><\/div>\n<p><!--\/$--><\/div>\n<div class=\"pub-date font-utility-2 text-secondary\">Updated July 9, 2026 06:13AM<\/div>\n<div class=\"mt-base-loose\"><\/div>\n<\/div>\n<p>[analyse_source url=&#8221;https:\/\/velo.outsideonline.com\/road\/road-racing\/tour-de-france\/tour-de-france-rider-finishes-stage-with-no-memory-of-crash\/&#8221;]<\/p>\n","protected":false},"excerpt":{"rendered":"<p>[analyse_image type=&#8221;featured&#8221; src=&#8221;https:\/\/velo-cdn.outsideonline.com\/wp-content\/uploads\/2026\/07\/Etapa-5-%C2%A9-Sprint-Cycling-12.jpg&#8221;] Jim Cotton Updated July 9, 2026 06:13AM Alex Molenaar was center of a brutal high-speed crash the tore apart the final of stage 5 of the Tour de France, but he doesn\u2019t know a thing about it. The 26-year-old came to the line in Pau dazed, confused, and 7 minutes back after [&hellip;]<\/p>\n","protected":false},"author":1,"featured_media":0,"comment_status":"open","ping_status":"","sticky":false,"template":"","format":"standard","meta":{"footnotes":""},"categories":[2],"tags":[226,71],"class_list":["post-2034861","post","type-post","status-publish","format-standard","hentry","category-politics","tag-crawlmanager","tag-velo-outsideonline-com"],"_links":{"self":[{"href":"https:\/\/analyse.optim.biz\/index.php?rest_route=\/wp\/v2\/posts\/2034861","targetHints":{"allow":["GET"]}}],"collection":[{"href":"https:\/\/analyse.optim.biz\/index.php?rest_route=\/wp\/v2\/posts"}],"about":[{"href":"https:\/\/analyse.optim.biz\/index.php?rest_route=\/wp\/v2\/types\/post"}],"author":[{"embeddable":true,"href":"https:\/\/analyse.optim.biz\/index.php?rest_route=\/wp\/v2\/users\/1"}],"replies":[{"embeddable":true,"href":"https:\/\/analyse.optim.biz\/index.php?rest_route=%2Fwp%2Fv2%2Fcomments&post=2034861"}],"version-history":[{"count":0,"href":"https:\/\/analyse.optim.biz\/index.php?rest_route=\/wp\/v2\/posts\/2034861\/revisions"}],"wp:attachment":[{"href":"https:\/\/analyse.optim.biz\/index.php?rest_route=%2Fwp%2Fv2%2Fmedia&parent=2034861"}],"wp:term":[{"taxonomy":"category","embeddable":true,"href":"https:\/\/analyse.optim.biz\/index.php?rest_route=%2Fwp%2Fv2%2Fcategories&post=2034861"},{"taxonomy":"post_tag","embeddable":true,"href":"https:\/\/analyse.optim.biz\/index.php?rest_route=%2Fwp%2Fv2%2Ftags&post=2034861"}],"curies":[{"name":"wp","href":"https:\/\/api.w.org\/{rel}","templated":true}]}}