{"id":203478,"date":"2014-06-06T16:02:32","date_gmt":"2014-06-06T13:02:32","guid":{"rendered":"https:\/\/analyse.optim.biz\/?p=203478"},"modified":"2014-06-06T16:02:32","modified_gmt":"2014-06-06T13:02:32","slug":"neconcordante-intre-victor-ponta-si-liviu-dragnea-pe-tema-candidatului-la-presedintie","status":"publish","type":"post","link":"https:\/\/analyse.optim.biz\/?p=203478","title":{"rendered":"Neconcordan\u0163e \u00eentre Victor Ponta \u0219i Liviu Dragnea pe tema candidatului la Pre\u0219edin\u021bie"},"content":{"rendered":"<div class=\"entry data-app-meta data-app-meta-article\" data-embed-base-url-canonical=\"https:\/\/www.digi24.ro\/embed\/stiri\/actualitate\/politica\/neconcordante-intre-victor-ponta-si-liviu-dragnea-pe-tema-candidatului-la-presedintie-253128\">\n<p data-index=\"1\">Victor Ponta nu se gr\u0103be\u015fte deloc s\u0103 anun\u0163e c\u0103 va candida la alegerile preziden\u0163iale. \u015ei nici nu exclude ca, \u00een cursa intern\u0103 din partid, s\u0103 intre mai multe persoane. De altfel, PSD a stabilit s\u0103 fac\u0103 sondaje pentru a vedea cine este mai bine plasat.<\/p>\n<p data-index=\"2\">\u201eCandidatul la preziden\u021biale nu poate fi stabilit dec\u00e2t de congres. Congresul se va desf\u0103\u0219ura \u00een septembrie. P\u00e2n\u0103 atunci, probabil c\u0103 oric\u00e2nd putem anun\u021ba cine suntem cei care eventual candidam. Lista este foarte scurt\u0103\u201d, a spus premierul<strong> Victor Ponta<\/strong>.<\/p>\n<p data-index=\"3\">Potrivit lui Victor Ponta, inclusiv Mircea Geoan\u0103 ar putea fi cadidatul PSD-ului \u00een cursa pentru Palatul Cotroceni, \u00eens\u0103 recunoa\u0219te c\u0103 mesajele din partid nu sunt foarte \u00eencurajatoare \u00een acest sens.<\/p>\n<p data-index=\"4\">De cealalt\u0103 parte, pre\u015fedintele executiv al PSD, Liviu Dragnea, nici nu vrea s\u0103 aud\u0103 de vreo list\u0103 de candida\u0163i. Mai mult, crede c\u0103 strategia de am\u00e2nare a anun\u0163ului este contraproductiv\u0103 pentru PSD.<\/p>\n<p data-index=\"5\">\u201e<span>Nu avem o list\u0103 scurt\u0103 \u00een partid. <\/span><span lang=\"en-US\">Adic<\/span><span>\u0103 \u00een partid nu se fac liste pentru candidaturi la func\u021bia de pre\u0219edinte al Rom\u00e2niei. Eu nu cred c\u0103 putem l\u0103sa s\u0103 treac\u0103 vara p\u00e2n\u0103 s\u0103 stabilim \u00een PSD pe cine sus\u021binem. \u0218i organiza\u021biile noastre au nevoie de un reper pentru alegerile preziden\u021biale. Pentru c\u0103 altfel se uita la al\u021bi colegi care se autotrec pe tot felul de liste \u0219i nu a\u0219 vrea s\u0103 apar\u0103 confuzie \u00een partid\u201d, a spus <strong>Liviu Dragnea<\/strong>.<\/span><\/p>\n<p data-index=\"6\">Primii doi oameni din PSD s-au mai contrazis \u015fi cu alte ocazii, pe teme la fel de serioase. Numirea lui C\u0103lin Popescu T\u0103riceanu la \u015fefia Senatului era dezaprobat\u0103 de Liviu Dragnea, chiar \u00een timp ce Victor Ponta negocia cu fostul liberal.<\/p>\n<p data-index=\"7\">\u201ePre\u015fedin\u021bia Senatului trebuie s\u0103 revin\u0103 unui candidat pe listele USL din zona liberal\u0103. A\u015fa cred eu c\u0103 e bine\u201d, spunea Victor Ponta.<\/p>\n<p data-index=\"8\">\u00cen cele din urm\u0103, PSD l-a sprijinit pe C\u0103lin Popescu T\u0103riceanu s\u0103 preia \u015fefia Senatului.<\/p>\n<\/div>\n<p> Source URL: https:\/\/www.digi24.ro\/stiri\/actualitate\/politica\/neconcordante-intre-victor-ponta-si-liviu-dragnea-pe-tema-candidatului-la-presedintie-253128<\/p>\n","protected":false},"excerpt":{"rendered":"<p>Victor Ponta nu se gr\u0103be\u015fte deloc s\u0103 anun\u0163e c\u0103 va candida la alegerile preziden\u0163iale. \u015ei nici nu exclude ca, \u00een cursa intern\u0103 din partid, s\u0103 intre mai multe persoane. De altfel, PSD a stabilit s\u0103 fac\u0103 sondaje pentru a vedea cine este mai bine plasat. \u201eCandidatul la preziden\u021biale nu poate fi stabilit dec\u00e2t de congres. [&hellip;]<\/p>\n","protected":false},"author":1,"featured_media":203479,"comment_status":"open","ping_status":"","sticky":false,"template":"","format":"standard","meta":{"footnotes":""},"categories":[2],"tags":[11],"class_list":["post-203478","post","type-post","status-publish","format-standard","has-post-thumbnail","hentry","category-politics","tag-digi24"],"_links":{"self":[{"href":"https:\/\/analyse.optim.biz\/index.php?rest_route=\/wp\/v2\/posts\/203478","targetHints":{"allow":["GET"]}}],"collection":[{"href":"https:\/\/analyse.optim.biz\/index.php?rest_route=\/wp\/v2\/posts"}],"about":[{"href":"https:\/\/analyse.optim.biz\/index.php?rest_route=\/wp\/v2\/types\/post"}],"author":[{"embeddable":true,"href":"https:\/\/analyse.optim.biz\/index.php?rest_route=\/wp\/v2\/users\/1"}],"replies":[{"embeddable":true,"href":"https:\/\/analyse.optim.biz\/index.php?rest_route=%2Fwp%2Fv2%2Fcomments&post=203478"}],"version-history":[{"count":0,"href":"https:\/\/analyse.optim.biz\/index.php?rest_route=\/wp\/v2\/posts\/203478\/revisions"}],"wp:featuredmedia":[{"embeddable":true,"href":"https:\/\/analyse.optim.biz\/index.php?rest_route=\/wp\/v2\/media\/203479"}],"wp:attachment":[{"href":"https:\/\/analyse.optim.biz\/index.php?rest_route=%2Fwp%2Fv2%2Fmedia&parent=203478"}],"wp:term":[{"taxonomy":"category","embeddable":true,"href":"https:\/\/analyse.optim.biz\/index.php?rest_route=%2Fwp%2Fv2%2Fcategories&post=203478"},{"taxonomy":"post_tag","embeddable":true,"href":"https:\/\/analyse.optim.biz\/index.php?rest_route=%2Fwp%2Fv2%2Ftags&post=203478"}],"curies":[{"name":"wp","href":"https:\/\/api.w.org\/{rel}","templated":true}]}}