{"id":2034483,"date":"2026-07-09T06:00:54","date_gmt":"2026-07-09T03:00:54","guid":{"rendered":"https:\/\/analyse.optim.biz\/?p=2034483"},"modified":"2026-07-09T06:00:54","modified_gmt":"2026-07-09T03:00:54","slug":"cupa-comunitatii-va-reuni-echipele-de-fotbal-din-hamcearca-balabancea-nifon-si-caprioara-in-august","status":"publish","type":"post","link":"https:\/\/analyse.optim.biz\/?p=2034483","title":{"rendered":"Cupa Comunit\u0103\u0163ii va reuni echipele de fotbal din Hamcearca, Balabancea, Nifon \u015fi C\u0103prioara, \u00een august &#8211;"},"content":{"rendered":"<p>[analyse_image type=&#8221;featured&#8221; src=&#8221;https:\/\/ziaruldelta.ro\/wp-content\/uploads\/2026\/07\/Cupa-Comunitatii-Cropped.jpg&#8221;]<\/p>\n<article id=\"post-37358\" class=\"module single-post-module post-37358 post type-post status-publish format-standard has-post-thumbnail hentry category-sport et-has-post-format-content et_post_format-et-post-format-standard\">\n<div class=\"post-header\">\n<h1 class=\"entry-title\">Cupa Comunit\u0103\u0163ii va reuni echipele de fotbal din Hamcearca, Balabancea, Nifon \u015fi C\u0103prioara, \u00een august<\/h1>\n<div class=\"post-meta vcard\">\n<p>Posted by <a href=\"https:\/\/ziaruldelta.ro\/author\/nicoleta-urmuz\/\" class=\"url fn\" title=\"Posts by Nicoleta URMUZ\" rel=\"author\">Nicoleta URMUZ<\/a> | <span class=\"updated\">Jul 9, 2026<\/span> | <a href=\"https:\/\/ziaruldelta.ro\/category\/sport\/\" rel=\"tag\">Sport<\/a> | <\/p>\n<\/div>\n<\/div>\n<div class=\"post-thumbnail header\"><img decoding=\"async\" src=\"https:\/\/ziaruldelta.ro\/wp-content\/uploads\/2026\/07\/Cupa-Comunitatii-Cropped.jpg\" alt=\"Cupa Comunit\u0103\u0163ii va reuni echipele de fotbal din Hamcearca, Balabancea, Nifon \u015fi C\u0103prioara, \u00een august\"><\/div>\n<div class=\"post-wrap\">\n<div class=\"post-content entry-content\">\n<p>Locuitorii din comunele Hamcearca, Balabancea, Nifon \u015fi C\u0103prioara sunt invita\u0163i s\u0103 participe la Cupa Comunit\u0103\u0163ii, un eveniment sportiv dedicat promov\u0103rii mi\u015fc\u0103rii, fair-play-ului \u015fi spiritului de echip\u0103.<\/p>\n<p>Competi\u0163ia de fotbal va avea loc s\u00e2mb\u0103t\u0103, 1 august, \u015fi este deschis\u0103 tuturor iubitorilor acestui sport din comunitate.<\/p>\n<blockquote>\n<p>\u201eHaide\u0163i s\u0103 aducem pasiunea pentru mi\u015fcare \u015fi fair-play pe terenul de fotbal! V\u0103 invit\u0103m la o zi dedicat\u0103 \u00een \u00eentregime bucuriei de a juca fotbal \u00eempreun\u0103. Competi\u0163ia este deschis\u0103 tuturor iubitorilor acestui sport din comunitatea noastr\u0103. Indiferent de scor, cel mai important este s\u0103 ne sim\u0163im bine \u015fi s\u0103 celebr\u0103m spiritul de echip\u0103\u201d, au transmis organizatorii.<\/p>\n<\/blockquote>\n<p>Evenimentul este organizat cu sprijinul \u015fi sus\u0163inerea Prim\u0103riei Hamcearca.<\/p>\n<blockquote>\n<p>\u00a0\u201e\u00cencuraj\u0103m desf\u0103\u015furarea unor activit\u0103\u0163i menite s\u0103 promoveze spor-tul, implicarea comunit\u0103\u0163ii \u015fi un stil de via\u0163\u0103 activ\u201d, a declarat primarul Doru Marius Caludi.<\/p>\n<\/blockquote>\n<p>La finalul competi\u0163iei, echipele clasate pe locurile I \u015fi II vor fi premiate cu cupe \u015fi medalii speciale, iar to\u0163i participan\u0163ii vor primi diplome de participare, \u00een semn de apreciere pentru implicarea lor. Ora de \u00eencepere \u015fi loca\u0163ia exact\u0103 a evenimentului vor fi anun\u0163ate \u00een perioada urm\u0103toare. Cei care doresc s\u0103 participe sunt invita\u0163i s\u0103 transmit\u0103 un mesaj \u00een privat lui Mauna George Adrian, pe pagina de Facebook, pentru \u00eenscriere.<\/p>\n<p>\u00a0<\/p>\n<\/div>\n<\/div>\n<div class=\"post-footer\">\n<div class=\"social-icons ed-social-share-icons\">\n<p class=\"share-title\">Share:<\/p>\n<\/div>\n<div class=\"rating-stars\">\n<p id=\"rate-title\" class=\"rate-title\">Rate:<\/p>\n<\/div>\n<\/div>\n<\/article>\n<div class=\"post-content entry-content\">\n<p>Locuitorii din comunele Hamcearca, Balabancea, Nifon \u015fi C\u0103prioara sunt invita\u0163i s\u0103 participe la Cupa Comunit\u0103\u0163ii, un eveniment sportiv dedicat promov\u0103rii mi\u015fc\u0103rii, fair-play-ului \u015fi spiritului de echip\u0103.<\/p>\n<p>Competi\u0163ia de fotbal va avea loc s\u00e2mb\u0103t\u0103, 1 august, \u015fi este deschis\u0103 tuturor iubitorilor acestui sport din comunitate.<\/p>\n<blockquote>\n<p>\u201eHaide\u0163i s\u0103 aducem pasiunea pentru mi\u015fcare \u015fi fair-play pe terenul de fotbal! V\u0103 invit\u0103m la o zi dedicat\u0103 \u00een \u00eentregime bucuriei de a juca fotbal \u00eempreun\u0103. Competi\u0163ia este deschis\u0103 tuturor iubitorilor acestui sport din comunitatea noastr\u0103. Indiferent de scor, cel mai important este s\u0103 ne sim\u0163im bine \u015fi s\u0103 celebr\u0103m spiritul de echip\u0103\u201d, au transmis organizatorii.<\/p>\n<\/blockquote>\n<p>Evenimentul este organizat cu sprijinul \u015fi sus\u0163inerea Prim\u0103riei Hamcearca.<\/p>\n<blockquote>\n<p>\u00a0\u201e\u00cencuraj\u0103m desf\u0103\u015furarea unor activit\u0103\u0163i menite s\u0103 promoveze spor-tul, implicarea comunit\u0103\u0163ii \u015fi un stil de via\u0163\u0103 activ\u201d, a declarat primarul Doru Marius Caludi.<\/p>\n<\/blockquote>\n<p>La finalul competi\u0163iei, echipele clasate pe locurile I \u015fi II vor fi premiate cu cupe \u015fi medalii speciale, iar to\u0163i participan\u0163ii vor primi diplome de participare, \u00een semn de apreciere pentru implicarea lor. Ora de \u00eencepere \u015fi loca\u0163ia exact\u0103 a evenimentului vor fi anun\u0163ate \u00een perioada urm\u0103toare. Cei care doresc s\u0103 participe sunt invita\u0163i s\u0103 transmit\u0103 un mesaj \u00een privat lui Mauna George Adrian, pe pagina de Facebook, pentru \u00eenscriere.<\/p>\n<p>\u00a0<\/p>\n<\/div>\n<div class=\"post-content entry-content\">\n<p>Locuitorii din comunele Hamcearca, Balabancea, Nifon \u015fi C\u0103prioara sunt invita\u0163i s\u0103 participe la Cupa Comunit\u0103\u0163ii, un eveniment sportiv dedicat promov\u0103rii mi\u015fc\u0103rii, fair-play-ului \u015fi spiritului de echip\u0103.<\/p>\n<p>Competi\u0163ia de fotbal va avea loc s\u00e2mb\u0103t\u0103, 1 august, \u015fi este deschis\u0103 tuturor iubitorilor acestui sport din comunitate.<\/p>\n<blockquote>\n<p>\u201eHaide\u0163i s\u0103 aducem pasiunea pentru mi\u015fcare \u015fi fair-play pe terenul de fotbal! V\u0103 invit\u0103m la o zi dedicat\u0103 \u00een \u00eentregime bucuriei de a juca fotbal \u00eempreun\u0103. Competi\u0163ia este deschis\u0103 tuturor iubitorilor acestui sport din comunitatea noastr\u0103. Indiferent de scor, cel mai important este s\u0103 ne sim\u0163im bine \u015fi s\u0103 celebr\u0103m spiritul de echip\u0103\u201d, au transmis organizatorii.<\/p>\n<\/blockquote>\n<p>Evenimentul este organizat cu sprijinul \u015fi sus\u0163inerea Prim\u0103riei Hamcearca.<\/p>\n<blockquote>\n<p>\u00a0\u201e\u00cencuraj\u0103m desf\u0103\u015furarea unor activit\u0103\u0163i menite s\u0103 promoveze spor-tul, implicarea comunit\u0103\u0163ii \u015fi un stil de via\u0163\u0103 activ\u201d, a declarat primarul Doru Marius Caludi.<\/p>\n<\/blockquote>\n<p>La finalul competi\u0163iei, echipele clasate pe locurile I \u015fi II vor fi premiate cu cupe \u015fi medalii speciale, iar to\u0163i participan\u0163ii vor primi diplome de participare, \u00een semn de apreciere pentru implicarea lor. Ora de \u00eencepere \u015fi loca\u0163ia exact\u0103 a evenimentului vor fi anun\u0163ate \u00een perioada urm\u0103toare. Cei care doresc s\u0103 participe sunt invita\u0163i s\u0103 transmit\u0103 un mesaj \u00een privat lui Mauna George Adrian, pe pagina de Facebook, pentru \u00eenscriere.<\/p>\n<p>\u00a0<\/p>\n<\/div>\n<p>[analyse_source url=&#8221;https:\/\/ziaruldelta.ro\/2026\/07\/09\/cupa-comunitatii-va-reuni-echipele-de-fotbal-din-hamcearca-balabancea-nifon-si-caprioara-in-august\/&#8221;]<\/p>\n","protected":false},"excerpt":{"rendered":"<p>[analyse_image type=&#8221;featured&#8221; src=&#8221;https:\/\/ziaruldelta.ro\/wp-content\/uploads\/2026\/07\/Cupa-Comunitatii-Cropped.jpg&#8221;] Cupa Comunit\u0103\u0163ii va reuni echipele de fotbal din Hamcearca, Balabancea, Nifon \u015fi C\u0103prioara, \u00een august Posted by Nicoleta URMUZ | Jul 9, 2026 | Sport | Locuitorii din comunele Hamcearca, Balabancea, Nifon \u015fi C\u0103prioara sunt invita\u0163i s\u0103 participe la Cupa Comunit\u0103\u0163ii, un eveniment sportiv dedicat promov\u0103rii mi\u015fc\u0103rii, fair-play-ului \u015fi spiritului de echip\u0103. [&hellip;]<\/p>\n","protected":false},"author":1,"featured_media":0,"comment_status":"open","ping_status":"","sticky":false,"template":"","format":"standard","meta":{"footnotes":""},"categories":[89],"tags":[226,206],"class_list":["post-2034483","post","type-post","status-publish","format-standard","hentry","category-romania","tag-crawlmanager","tag-ziaruldelta-ro"],"_links":{"self":[{"href":"https:\/\/analyse.optim.biz\/index.php?rest_route=\/wp\/v2\/posts\/2034483","targetHints":{"allow":["GET"]}}],"collection":[{"href":"https:\/\/analyse.optim.biz\/index.php?rest_route=\/wp\/v2\/posts"}],"about":[{"href":"https:\/\/analyse.optim.biz\/index.php?rest_route=\/wp\/v2\/types\/post"}],"author":[{"embeddable":true,"href":"https:\/\/analyse.optim.biz\/index.php?rest_route=\/wp\/v2\/users\/1"}],"replies":[{"embeddable":true,"href":"https:\/\/analyse.optim.biz\/index.php?rest_route=%2Fwp%2Fv2%2Fcomments&post=2034483"}],"version-history":[{"count":0,"href":"https:\/\/analyse.optim.biz\/index.php?rest_route=\/wp\/v2\/posts\/2034483\/revisions"}],"wp:attachment":[{"href":"https:\/\/analyse.optim.biz\/index.php?rest_route=%2Fwp%2Fv2%2Fmedia&parent=2034483"}],"wp:term":[{"taxonomy":"category","embeddable":true,"href":"https:\/\/analyse.optim.biz\/index.php?rest_route=%2Fwp%2Fv2%2Fcategories&post=2034483"},{"taxonomy":"post_tag","embeddable":true,"href":"https:\/\/analyse.optim.biz\/index.php?rest_route=%2Fwp%2Fv2%2Ftags&post=2034483"}],"curies":[{"name":"wp","href":"https:\/\/api.w.org\/{rel}","templated":true}]}}