{"id":2034457,"date":"2026-07-05T16:49:43","date_gmt":"2026-07-05T13:49:43","guid":{"rendered":"https:\/\/analyse.optim.biz\/?p=2034457"},"modified":"2026-07-05T16:49:43","modified_gmt":"2026-07-05T13:49:43","slug":"accident-cu-3-masini-pe-cea-mai-circulata-sosea-din-vestul-tarii-oameni-raniti","status":"publish","type":"post","link":"https:\/\/analyse.optim.biz\/?p=2034457","title":{"rendered":"Accident cu 3 ma\u0219ini pe cea mai circulat\u0103 \u0219osea din vestul \u021b\u0103rii. Oameni r\u0103ni\u021bi"},"content":{"rendered":"<p>[analyse_image type=&#8221;featured&#8221; src=&#8221;https:\/\/www.opiniatimisoarei.ro\/wp-content\/uploads\/2023\/05\/accident-cosava-728&#215;336.jpghttps:\/\/www.opiniatimisoarei.ro\/wp-content\/uploads\/2023\/05\/accident-cosava.jpg&#8221;]<\/p>\n<div class=\"the_content\">\n<p><strong>TIMIS.<\/strong> Trei ma\u0219ini s-au izbit duminic\u0103 dup\u0103-amiaz\u0103 pe \u0219oseaua ce face leg\u0103tura \u00eentre jude\u021bele Timi\u0219 \u0219i Hunedoara.<\/p>\n<p><strong><span>CITE\u0218TE \u0218I:<\/span><a href=\"https:\/\/www.opiniatimisoarei.ro\/soferita-ranita-dupa-ce-s-a-infipt-cu-masina-intr-un-cap-de-pod-nu-departe-de-timisoara-a-intervenit-descarcerarea\/05\/07\/2026\">\u0218oferi\u021b\u0103 r\u0103nit\u0103 dup\u0103 ce s-a \u00eenfipt cu ma\u0219ina \u00eentr-un cap de pod, nu departe de Timi\u0219oara. A intervenit descarcerarea<\/a><\/strong><\/p>\n<p>Accidentul a avut loc \u00een zona Co\u0219ava, iar \u00een autoturisme se aflau 5 oameni. Dou\u0103 femei au fost r\u0103nite \u0219i au fost preluate de ambulan\u021be.<\/p>\n<p>Traficul \u00een zon\u0103 se desf\u0103\u0219oar\u0103 cu restric\u021bii.<\/p>\n<blockquote>\n<p>\u201c<strong>Au intervenit de urgen\u021b\u0103 pompierii din cadrul Sta\u021biei F\u0103get cu o autospecial\u0103 de stingere cu modul de descarcerare \u0219i un echipaj SMURD, precum \u0219i dou\u0103 ambulan\u021be SAJ. \u00cen accidentul rutier au fost implicate trei autoturisme \u00een care se aflau cinci persoane.<\/strong><br \/><strong>\u00cen urma evenimentului, dou\u0103 femei, ambele conduc\u0103tori auto, con\u0219tiente \u0219i cooperante au fost transportate la spital de c\u0103tre echipajele medicale<\/strong>.\u201d, au transmis reprezentan\u021bii ISU Timi\u0219.<\/p>\n<\/blockquote>\n<p>O \u0219oferi\u021b\u0103 conducea o ma\u0219in\u0103 de la Co\u0219ava c\u0103tre Co\u0219evi\u021ba, iar autoturismul tracta \u0219i o semiremorc\u0103 \u00een care se aflau anvelope. Semiremorca a acro\u0219at un autoturism ce circula din sens opus, iar c\u00e2teva dintre anvelope au avariat un al treilea vehicul.<\/p>\n<p>\u201c<strong>O femeie de 30 de ani a condus un autoturism care tracta o semiremorc\u0103 \u00eenc\u0103rcat\u0103 cu anvelope pe DN 68A, \u00een comuna Co\u0219ava, dinspre Co\u0219ava spre Co\u0219evi\u021ba, iar la un moment dat, semiremorca ar fi intrat \u00een coliziune cu un autoturism care circula pe sensul opus de mers, condus de o femeie de 25 de ani.<\/strong><\/p>\n<p><strong>\u00cen urma impactului, cele dou\u0103 femei au fost transportate la spital \u00een vederea acord\u0103rii de \u00eengrijiri medicale.<\/strong><\/p>\n<p><strong>\u00cen cauz\u0103 a fost \u00eentocmit un dosar penal sub aspectul s\u0103v\u00e2r\u0219irii infrac\u021biunii de v\u0103t\u0103mare corporal\u0103 din culp\u0103<\/strong>\u201c, au transmis reprezentan\u021bii IPJ Timi\u0219.<\/p>\n<p>\u0218oferi\u021bele au fost verificate cu etilotestul, care a ar\u0103tat c\u0103 niciuna nu b\u0103use.<\/p>\n<p><strong>Foto: Arhiv\u0103<\/strong><\/p>\n<p>***<\/p>\n<p><strong><span class=\"dia_suggestion w0\">Mai<\/span>\u00a0<span class=\"dia_suggestion w1\">multe<\/span>\u00a0<span class=\"dia_suggestion w2\">g\u0103si\u021bi<\/span>\u00a0pe\u00a0<span class=\"dia_suggestion w4\">pagina noastr<span class=\"dia_suggestion w0\">\u0103<\/span><\/span>\u00a0de\u00a0<a href=\"https:\/\/www.facebook.com\/OpiniaTM\/?ref=page_internal\" target=\"_blank\" rel=\"noopener\">Facebook opiniatimisoarei.ro<\/a>!<\/strong><\/p>\n<p><strong><span class=\"dia_suggestion w0\">Dac\u0103<\/span>\u00a0<span class=\"dia_suggestion w1\">a\u021bi<\/span>\u00a0fost martorii unui eveniment\u00a0<span class=\"dia_suggestion w6\">sau<\/span>\u00a0<span class=\"dia_suggestion w7\">ai<\/span>\u00a0unei\u00a0<span class=\"dia_suggestion w9\">situa\u021bii<\/span>\u00a0<span class=\"dia_suggestion w10\">neobi\u0219nuite<\/span>\u00a0<span class=\"dia_suggestion w11\">care<\/span>\u00a0ar\u00a0<span class=\"dia_suggestion w13\">putea<\/span>\u00a0deveni subiect de\u00a0<span class=\"dia_suggestion w17\">\u0219tire<\/span>,\u00a0<span class=\"dia_suggestion w18\">contacta\u021bi<\/span>-ne\u00a0<span class=\"dia_suggestion w20\">la<\/span>\u00a0<a href=\"https:\/\/www.opiniatimisoarei.ro\/cdn-cgi\/l\/email-protection\" class=\"__cf_email__\" data-cfemail=\"780a1d1c191b0c111d381708111611190c1115110b17190a1d11560a17\">[email\u00a0protected]<\/a>,\u00a0 pe\u00a0<a href=\"https:\/\/www.facebook.com\/OpiniaTM\">FB<\/a>\u00a0sau pe contul nostru de\u00a0<a href=\"https:\/\/www.instagram.com\/opiniatimisoarei.ro\/\" target=\"_blank\" rel=\"noopener\">Instagram<\/a>!<\/strong><\/p>\n<p><strong><span>CITESTE SI:\u00a0<\/span><a href=\"https:\/\/www.opiniatimisoarei.ro\/afli-primul-tot-ceea-ce-se-intampla-cu-adevarat-important-in-timisoara-si-in-regiune-cu-aplicatia-de-stiri-opinia-timisoarei-3-tipuri-de-alerte-te-tin-mereu-conectat-la-evenimente-descarca-gratuit-a\/31\/10\/2022\">Afli primul tot ceea ce se intampla cu adevarat important in Timisoara si in regiune cu Aplicatia de stiri Opinia Timisoarei. 3 tipuri de alerte te tin mereu conectat la evenimente. Descarca gratuit Aplicatia OT aici!<\/a><\/strong><\/p>\n<\/div>\n<p>[analyse_source url=&#8221;https:\/\/www.opiniatimisoarei.ro\/accident-cu-3-masini-pe-cea-mai-circulata-sosea-din-vestul-tarii-oameni-raniti\/05\/07\/2026&#8243;]<\/p>\n","protected":false},"excerpt":{"rendered":"<p>[analyse_image type=&#8221;featured&#8221; src=&#8221;https:\/\/www.opiniatimisoarei.ro\/wp-content\/uploads\/2023\/05\/accident-cosava-728&#215;336.jpghttps:\/\/www.opiniatimisoarei.ro\/wp-content\/uploads\/2023\/05\/accident-cosava.jpg&#8221;] TIMIS. Trei ma\u0219ini s-au izbit duminic\u0103 dup\u0103-amiaz\u0103 pe \u0219oseaua ce face leg\u0103tura \u00eentre jude\u021bele Timi\u0219 \u0219i Hunedoara. CITE\u0218TE \u0218I:\u0218oferi\u021b\u0103 r\u0103nit\u0103 dup\u0103 ce s-a \u00eenfipt cu ma\u0219ina \u00eentr-un cap de pod, nu departe de Timi\u0219oara. A intervenit descarcerarea Accidentul a avut loc \u00een zona Co\u0219ava, iar \u00een autoturisme se aflau 5 oameni. Dou\u0103 [&hellip;]<\/p>\n","protected":false},"author":1,"featured_media":0,"comment_status":"open","ping_status":"","sticky":false,"template":"","format":"standard","meta":{"footnotes":""},"categories":[89],"tags":[226,190],"class_list":["post-2034457","post","type-post","status-publish","format-standard","hentry","category-romania","tag-crawlmanager","tag-opiniatimisoarei-ro"],"_links":{"self":[{"href":"https:\/\/analyse.optim.biz\/index.php?rest_route=\/wp\/v2\/posts\/2034457","targetHints":{"allow":["GET"]}}],"collection":[{"href":"https:\/\/analyse.optim.biz\/index.php?rest_route=\/wp\/v2\/posts"}],"about":[{"href":"https:\/\/analyse.optim.biz\/index.php?rest_route=\/wp\/v2\/types\/post"}],"author":[{"embeddable":true,"href":"https:\/\/analyse.optim.biz\/index.php?rest_route=\/wp\/v2\/users\/1"}],"replies":[{"embeddable":true,"href":"https:\/\/analyse.optim.biz\/index.php?rest_route=%2Fwp%2Fv2%2Fcomments&post=2034457"}],"version-history":[{"count":0,"href":"https:\/\/analyse.optim.biz\/index.php?rest_route=\/wp\/v2\/posts\/2034457\/revisions"}],"wp:attachment":[{"href":"https:\/\/analyse.optim.biz\/index.php?rest_route=%2Fwp%2Fv2%2Fmedia&parent=2034457"}],"wp:term":[{"taxonomy":"category","embeddable":true,"href":"https:\/\/analyse.optim.biz\/index.php?rest_route=%2Fwp%2Fv2%2Fcategories&post=2034457"},{"taxonomy":"post_tag","embeddable":true,"href":"https:\/\/analyse.optim.biz\/index.php?rest_route=%2Fwp%2Fv2%2Ftags&post=2034457"}],"curies":[{"name":"wp","href":"https:\/\/api.w.org\/{rel}","templated":true}]}}