{"id":2034454,"date":"2026-07-05T09:27:44","date_gmt":"2026-07-05T06:27:44","guid":{"rendered":"https:\/\/analyse.optim.biz\/?p=2034454"},"modified":"2026-07-05T09:27:44","modified_gmt":"2026-07-05T06:27:44","slug":"soferita-ranita-dupa-ce-s-a-infipt-cu-masina-intr-un-cap-de-pod-nu-departe-de-timisoara-a-intervenit-descarcerarea","status":"publish","type":"post","link":"https:\/\/analyse.optim.biz\/?p=2034454","title":{"rendered":"\u0218oferi\u021b\u0103 r\u0103nit\u0103 dup\u0103 ce s-a \u00eenfipt cu ma\u0219ina \u00eentr-un cap de pod, nu departe de Timi\u0219oara. A intervenit descarcerarea"},"content":{"rendered":"<p>[analyse_image type=&#8221;featured&#8221; src=&#8221;https:\/\/www.opiniatimisoarei.ro\/wp-content\/uploads\/2020\/03\/masina-cap-de-pod-700&#215;336.jpghttps:\/\/www.opiniatimisoarei.ro\/wp-content\/uploads\/2020\/03\/masina-cap-de-pod.jpg&#8221;]<\/p>\n<div class=\"the_content\">\n<p><strong>TIMI\u0218OARA.<\/strong> Accident duminic\u0103 diminea\u021b\u0103 nu departe de Timi\u0219oara.<\/p>\n<p><strong><span>CITE\u0218TE \u0218I:<\/span><a href=\"https:\/\/www.opiniatimisoarei.ro\/unde-e-statia-de-tramvai-femeie-dezorientata-salvata-de-un-jandarm-aflat-in-timpul-liber-la-timisoara-foto\/05\/07\/2026\">\u2018Unde e sta\u021bia de tramvai?\u2019 Bunicu\u021b\u0103 dezorientat\u0103 salvat\u0103 de un jandarm aflat \u00een timpul liber la Timi\u0219oara. FOTO<\/a><\/strong><\/p>\n<p>O \u0219oferi\u021b\u0103 conducea prin S\u00e2nmihaiu German, dinspre Bobda, a pierdut controlul volanului \u0219i s-a izbit de un cap de pod.<\/p>\n<p>\u00cen urma impactului, femeia a fost r\u0103nit\u0103, \u0219i a fost nevoie de echipajul de descarcerare al pompierilor pentru a fi scoas\u0103 din autoturism.<\/p>\n<p>\u201c<strong>La fa\u021ba locului s-au deplasat de urgen\u021b\u0103 o autospecial\u0103 de prim\u0103 interven\u021bie \u0219i comand\u0103, o autospecial\u0103 de descarcerare \u0219i un echipaj medical SAJ. \u00cen accident este implicat un autoturism care a p\u0103r\u0103sit partea carosabil\u0103 \u0219i a intrat \u00eentr-un cap de pod. \u00cen urma impactului, conduc\u0103torul auto, o victim\u0103 de sex feminin, a r\u0103mas \u00eencarcerat\u0103, con\u0219tient\u0103 \u0219i cooperant\u0103. Se lucreaz\u0103 pentru extragerea victimei<\/strong>\u201c, au transmis reprezentan\u021bii ISU Timi\u0219.<\/p>\n<p>Femeia a fost scoas\u0103 din autoturism \u0219i transportat\u0103 la spital.<\/p>\n<blockquote>\n<p>\u201c<strong>O femeie de 55 de ani, a condus un autoturism pe DJ 591 \u00een localitatea S\u00e2nmihaiu German dinspre localitatea Bobda \u00eenspre localitatea S\u00e2nmihaiu Rom\u00e2n, iar la un moment dat a pierdut controlul asupra direc\u021biei de deplasare \u0219i a intrat \u00een coliziune cu un cap de pod.<\/strong><\/p>\n<p><strong>\u00cen urma impactului a rezultat o victim\u0103, respectiv femeia de 55 de ani, care a fost transportat\u0103 la spital \u00een vederea acord\u0103rii de \u00eengrijiri medicale.<\/strong><\/p>\n<p><strong>\u00cen cauz\u0103 a fost \u00eentocmit un dosar penal sub aspectul s\u0103v\u00e2r\u0219irii infrac\u021biunii de v\u0103t\u0103mare corporal\u0103 din culp\u0103.<\/strong>\u201c, au transmis reprezentan\u021bii IPJ Timi\u0219.<\/p>\n<\/blockquote>\n<p>Femeia a fost verificat\u0103 \u0219i cu aparatul etilotest, care a ar\u0103tat c\u0103 nu b\u0103use.<\/p>\n<p>FOTO: Arhiva<\/p>\n<p>***<\/p>\n<p><strong><span class=\"dia_suggestion w0\">Mai<\/span>\u00a0<span class=\"dia_suggestion w1\">multe<\/span>\u00a0<span class=\"dia_suggestion w2\">g\u0103si\u021bi<\/span>\u00a0pe\u00a0<span class=\"dia_suggestion w4\">pagina noastr<span class=\"dia_suggestion w0\">\u0103<\/span><\/span>\u00a0de\u00a0<a href=\"https:\/\/www.facebook.com\/OpiniaTM\/?ref=page_internal\" target=\"_blank\" rel=\"noopener\">Facebook opiniatimisoarei.ro<\/a>!<\/strong><\/p>\n<p><strong><span class=\"dia_suggestion w0\">Dac\u0103<\/span>\u00a0<span class=\"dia_suggestion w1\">a\u021bi<\/span>\u00a0fost martorii unui eveniment\u00a0<span class=\"dia_suggestion w6\">sau<\/span>\u00a0<span class=\"dia_suggestion w7\">ai<\/span>\u00a0unei\u00a0<span class=\"dia_suggestion w9\">situa\u021bii<\/span>\u00a0<span class=\"dia_suggestion w10\">neobi\u0219nuite<\/span>\u00a0<span class=\"dia_suggestion w11\">care<\/span>\u00a0ar\u00a0<span class=\"dia_suggestion w13\">putea<\/span>\u00a0deveni subiect de\u00a0<span class=\"dia_suggestion w17\">\u0219tire<\/span>,\u00a0<span class=\"dia_suggestion w18\">contacta\u021bi<\/span>-ne\u00a0<span class=\"dia_suggestion w20\">la<\/span>\u00a0<a href=\"https:\/\/www.opiniatimisoarei.ro\/cdn-cgi\/l\/email-protection\" class=\"__cf_email__\" data-cfemail=\"710314151012051814311e01181f181005181c18021e100314185f031e\">[email\u00a0protected]<\/a>,\u00a0 pe\u00a0<a href=\"https:\/\/www.facebook.com\/OpiniaTM\">FB<\/a>\u00a0sau pe contul nostru de\u00a0<a href=\"https:\/\/www.instagram.com\/opiniatimisoarei.ro\/\" target=\"_blank\" rel=\"noopener\">Instagram<\/a>!<\/strong><\/p>\n<p><strong><span>CITESTE SI:<\/span>\u00a0<a href=\"https:\/\/www.opiniatimisoarei.ro\/afli-primul-tot-ceea-ce-se-intampla-cu-adevarat-important-in-timisoara-si-in-regiune-cu-aplicatia-de-stiri-opinia-timisoarei-3-tipuri-de-alerte-te-tin-mereu-conectat-la-evenimente-descarca-gratuit-a\/31\/10\/2022\">Afli primul tot ceea ce se intampla cu adevarat important in Timisoara si in regiune cu Aplicatia de stiri Opinia Timisoarei. 3 tipuri de alerte te tin mereu conectat la evenimente. Descarca gratuit Aplicatia OT aici!<\/a><\/strong><\/p>\n<\/div>\n<p>[analyse_source url=&#8221;https:\/\/www.opiniatimisoarei.ro\/soferita-ranita-dupa-ce-s-a-infipt-cu-masina-intr-un-cap-de-pod-nu-departe-de-timisoara-a-intervenit-descarcerarea\/05\/07\/2026&#8243;]<\/p>\n","protected":false},"excerpt":{"rendered":"<p>[analyse_image type=&#8221;featured&#8221; src=&#8221;https:\/\/www.opiniatimisoarei.ro\/wp-content\/uploads\/2020\/03\/masina-cap-de-pod-700&#215;336.jpghttps:\/\/www.opiniatimisoarei.ro\/wp-content\/uploads\/2020\/03\/masina-cap-de-pod.jpg&#8221;] TIMI\u0218OARA. Accident duminic\u0103 diminea\u021b\u0103 nu departe de Timi\u0219oara. CITE\u0218TE \u0218I:\u2018Unde e sta\u021bia de tramvai?\u2019 Bunicu\u021b\u0103 dezorientat\u0103 salvat\u0103 de un jandarm aflat \u00een timpul liber la Timi\u0219oara. FOTO O \u0219oferi\u021b\u0103 conducea prin S\u00e2nmihaiu German, dinspre Bobda, a pierdut controlul volanului \u0219i s-a izbit de un cap de pod. \u00cen urma impactului, femeia a [&hellip;]<\/p>\n","protected":false},"author":1,"featured_media":0,"comment_status":"open","ping_status":"","sticky":false,"template":"","format":"standard","meta":{"footnotes":""},"categories":[89],"tags":[226,190],"class_list":["post-2034454","post","type-post","status-publish","format-standard","hentry","category-romania","tag-crawlmanager","tag-opiniatimisoarei-ro"],"_links":{"self":[{"href":"https:\/\/analyse.optim.biz\/index.php?rest_route=\/wp\/v2\/posts\/2034454","targetHints":{"allow":["GET"]}}],"collection":[{"href":"https:\/\/analyse.optim.biz\/index.php?rest_route=\/wp\/v2\/posts"}],"about":[{"href":"https:\/\/analyse.optim.biz\/index.php?rest_route=\/wp\/v2\/types\/post"}],"author":[{"embeddable":true,"href":"https:\/\/analyse.optim.biz\/index.php?rest_route=\/wp\/v2\/users\/1"}],"replies":[{"embeddable":true,"href":"https:\/\/analyse.optim.biz\/index.php?rest_route=%2Fwp%2Fv2%2Fcomments&post=2034454"}],"version-history":[{"count":0,"href":"https:\/\/analyse.optim.biz\/index.php?rest_route=\/wp\/v2\/posts\/2034454\/revisions"}],"wp:attachment":[{"href":"https:\/\/analyse.optim.biz\/index.php?rest_route=%2Fwp%2Fv2%2Fmedia&parent=2034454"}],"wp:term":[{"taxonomy":"category","embeddable":true,"href":"https:\/\/analyse.optim.biz\/index.php?rest_route=%2Fwp%2Fv2%2Fcategories&post=2034454"},{"taxonomy":"post_tag","embeddable":true,"href":"https:\/\/analyse.optim.biz\/index.php?rest_route=%2Fwp%2Fv2%2Ftags&post=2034454"}],"curies":[{"name":"wp","href":"https:\/\/api.w.org\/{rel}","templated":true}]}}