{"id":2034451,"date":"2026-07-05T07:21:30","date_gmt":"2026-07-05T04:21:30","guid":{"rendered":"https:\/\/analyse.optim.biz\/?p=2034451"},"modified":"2026-07-05T07:21:30","modified_gmt":"2026-07-05T04:21:30","slug":"unde-e-statia-de-tramvai-bunicuta-dezorientata-salvata-de-un-jandarm-aflat-in-timpul-liber-la-timisoara-foto","status":"publish","type":"post","link":"https:\/\/analyse.optim.biz\/?p=2034451","title":{"rendered":"\u2018Unde e sta\u021bia de tramvai?\u2019 Bunicu\u021b\u0103 dezorientat\u0103 salvat\u0103 de un jandarm aflat \u00een timpul liber la Timi\u0219oara. FOTO"},"content":{"rendered":"<p>[analyse_image type=&#8221;featured&#8221; src=&#8221;https:\/\/www.opiniatimisoarei.ro\/wp-content\/uploads\/2026\/07\/colej-jandarm-batrana-dezorientata-728&#215;336.pnghttps:\/\/www.opiniatimisoarei.ro\/wp-content\/uploads\/2026\/07\/colej-jandarm-batrana-dezorientata.png&#8221;]<\/p>\n<div class=\"the_content\">\n<p><strong>TIMISOARA.<\/strong> O femeie a ajuns \u00een siguran\u021b\u0103 acas\u0103 datorit\u0103 inspira\u021biei de care a dat dovad\u0103 un jandarm aflat \u00een timpul liber la Timi\u0219oara.<\/p>\n<p><strong><span>CITE\u0218TE \u0218I:<\/span><a href=\"https:\/\/www.opiniatimisoarei.ro\/accident-langa-timisoara-soferita-ranita-dupa-ce-masina-i-a-fost-aruncata-intr-un-copac\/04\/07\/2026\">Accident l\u00e2ng\u0103 Timi\u0219oara. \u0218oferi\u021ba r\u0103nit\u0103, dup\u0103 ce ma\u0219ina i-a fost aruncat\u0103 \u00eentr-un copac<\/a><\/strong><\/p>\n<p>Sergentul major Daniel Samoil\u0103 era s\u00e2mb\u0103t\u0103 seara cu familia, \u00een timpul liber, \u00een Parcul Copiilor.<\/p>\n<p>La plecarea c\u0103tre cas\u0103, b\u0103rbatul a fost abordat de o b\u0103tr\u00e2n\u0103, care l-a \u00eentrebat cum ajunge la o sta\u021bie de tramvai. Jandarmul \u0219i-a dat seama c\u0103 femeia este u\u0219or dezorientat\u0103 \u0219i speriat\u0103, astfel c\u0103 \u0219i-a l\u0103sat copilul \u00een bra\u021bele so\u021biei \u0219i a \u00eenceput s\u0103 vorbeasc\u0103 cu b\u0103tr\u00e2na pentru a afla unde locuie\u0219te. \u00cen paralel, a cerut \u0219i ajutorul colegilor. Jandarmul a stat de vorb\u0103 cu b\u0103tr\u00e2na \u0219i a aflat unde locuie\u0219te. El a fost cel care a condus-o acas\u0103.<\/p>\n<p>A fost de asemenea contactat\u0103 \u0219i fiica femeii, care a venit s\u0103 \u00ee\u0219i vad\u0103 mama \u0219i s\u0103 se asigure c\u0103 totul este \u00een regul\u0103.<\/p>\n<blockquote>\n<p>\u201c<strong>De\u0219i nu avea cheia de la intrare \u0219i era t\u00e2rziu, a sunat la interfon p\u00e2n\u0103 c\u00e2nd un locatar a deschis u\u0219a, iar ulterior au ajuns \u00een apartament, pe care femeia \u00eel l\u0103sase descuiat la plecare. La scurt timp, a fost contactat\u0103 fiica acesteia, care a sosit \u00eengrijorat\u0103 \u0219i a solicitat interven\u021bia unui echipaj de ambulan\u021b\u0103 pentru evaluarea st\u0103rii de s\u0103n\u0103tate a mamei sale, \u00een v\u00e2rst\u0103 de 87 de ani.<\/strong><br \/><strong>Nu era cunoscut\u0103 cu astfel de afec\u021biuni medicale, \u00eens\u0103, temperaturile ridicate \u00eei pot afecta pe cei mai vulnerabili dintre noi<\/strong>\u201c, au transmis reprezentan\u021bii Inspectoratului Jude\u021bean de Jandarmi Timi\u0219.<\/p>\n<\/blockquote>\n<p><img loading=\"lazy\" decoding=\"async\" class=\"alignnone size-full wp-image-882305\" src=\"https:\/\/www.opiniatimisoarei.ro\/wp-content\/uploads\/2026\/07\/batrana-dezorientata-jandarm-1.png\" alt=\"\" width=\"1080\" height=\"700\"><\/p>\n<p>***<\/p>\n<p><strong><span class=\"dia_suggestion w0\">Mai<\/span>\u00a0<span class=\"dia_suggestion w1\">multe<\/span>\u00a0<span class=\"dia_suggestion w2\">g\u0103si\u021bi<\/span>\u00a0pe\u00a0<span class=\"dia_suggestion w4\">pagina noastr<span class=\"dia_suggestion w0\">\u0103<\/span><\/span>\u00a0de\u00a0<a href=\"https:\/\/www.facebook.com\/OpiniaTM\/?ref=page_internal\" target=\"_blank\" rel=\"noopener\">Facebook opiniatimisoarei.ro<\/a>!<\/strong><\/p>\n<p><strong><span class=\"dia_suggestion w0\">Dac\u0103<\/span>\u00a0<span class=\"dia_suggestion w1\">a\u021bi<\/span>\u00a0fost martorii unui eveniment\u00a0<span class=\"dia_suggestion w6\">sau<\/span>\u00a0<span class=\"dia_suggestion w7\">ai<\/span>\u00a0unei\u00a0<span class=\"dia_suggestion w9\">situa\u021bii<\/span>\u00a0<span class=\"dia_suggestion w10\">neobi\u0219nuite<\/span>\u00a0<span class=\"dia_suggestion w11\">care<\/span>\u00a0ar\u00a0<span class=\"dia_suggestion w13\">putea<\/span>\u00a0deveni subiect de\u00a0<span class=\"dia_suggestion w17\">\u0219tire<\/span>,\u00a0<span class=\"dia_suggestion w18\">contacta\u021bi<\/span>-ne\u00a0<span class=\"dia_suggestion w20\">la<\/span>\u00a0<a href=\"https:\/\/www.opiniatimisoarei.ro\/cdn-cgi\/l\/email-protection\" class=\"__cf_email__\" data-cfemail=\"f98b9c9d989a8d909cb99689909790988d9094908a96988b9c90d78b96\">[email\u00a0protected]<\/a>,\u00a0 pe\u00a0<a href=\"https:\/\/www.facebook.com\/OpiniaTM\">FB<\/a>\u00a0sau pe contul nostru de\u00a0<a href=\"https:\/\/www.instagram.com\/opiniatimisoarei.ro\/\" target=\"_blank\" rel=\"noopener\">Instagram<\/a>!<\/strong><\/p>\n<p><strong><span>CITESTE SI:<\/span>\u00a0<a href=\"https:\/\/www.opiniatimisoarei.ro\/afli-primul-tot-ceea-ce-se-intampla-cu-adevarat-important-in-timisoara-si-in-regiune-cu-aplicatia-de-stiri-opinia-timisoarei-3-tipuri-de-alerte-te-tin-mereu-conectat-la-evenimente-descarca-gratuit-a\/31\/10\/2022\">Afli primul tot ceea ce se intampla cu adevarat important in Timisoara si in regiune cu Aplicatia de stiri Opinia Timisoarei. 3 tipuri de alerte te tin mereu conectat la evenimente. Descarca gratuit Aplicatia OT aici!<\/a><\/strong><\/p>\n<\/div>\n<p>[analyse_source url=&#8221;https:\/\/www.opiniatimisoarei.ro\/unde-e-statia-de-tramvai-femeie-dezorientata-salvata-de-un-jandarm-aflat-in-timpul-liber-la-timisoara-foto\/05\/07\/2026&#8243;]<\/p>\n","protected":false},"excerpt":{"rendered":"<p>[analyse_image type=&#8221;featured&#8221; src=&#8221;https:\/\/www.opiniatimisoarei.ro\/wp-content\/uploads\/2026\/07\/colej-jandarm-batrana-dezorientata-728&#215;336.pnghttps:\/\/www.opiniatimisoarei.ro\/wp-content\/uploads\/2026\/07\/colej-jandarm-batrana-dezorientata.png&#8221;] TIMISOARA. O femeie a ajuns \u00een siguran\u021b\u0103 acas\u0103 datorit\u0103 inspira\u021biei de care a dat dovad\u0103 un jandarm aflat \u00een timpul liber la Timi\u0219oara. CITE\u0218TE \u0218I:Accident l\u00e2ng\u0103 Timi\u0219oara. \u0218oferi\u021ba r\u0103nit\u0103, dup\u0103 ce ma\u0219ina i-a fost aruncat\u0103 \u00eentr-un copac Sergentul major Daniel Samoil\u0103 era s\u00e2mb\u0103t\u0103 seara cu familia, \u00een timpul liber, \u00een Parcul Copiilor. [&hellip;]<\/p>\n","protected":false},"author":1,"featured_media":0,"comment_status":"open","ping_status":"","sticky":false,"template":"","format":"standard","meta":{"footnotes":""},"categories":[89],"tags":[226,190],"class_list":["post-2034451","post","type-post","status-publish","format-standard","hentry","category-romania","tag-crawlmanager","tag-opiniatimisoarei-ro"],"_links":{"self":[{"href":"https:\/\/analyse.optim.biz\/index.php?rest_route=\/wp\/v2\/posts\/2034451","targetHints":{"allow":["GET"]}}],"collection":[{"href":"https:\/\/analyse.optim.biz\/index.php?rest_route=\/wp\/v2\/posts"}],"about":[{"href":"https:\/\/analyse.optim.biz\/index.php?rest_route=\/wp\/v2\/types\/post"}],"author":[{"embeddable":true,"href":"https:\/\/analyse.optim.biz\/index.php?rest_route=\/wp\/v2\/users\/1"}],"replies":[{"embeddable":true,"href":"https:\/\/analyse.optim.biz\/index.php?rest_route=%2Fwp%2Fv2%2Fcomments&post=2034451"}],"version-history":[{"count":0,"href":"https:\/\/analyse.optim.biz\/index.php?rest_route=\/wp\/v2\/posts\/2034451\/revisions"}],"wp:attachment":[{"href":"https:\/\/analyse.optim.biz\/index.php?rest_route=%2Fwp%2Fv2%2Fmedia&parent=2034451"}],"wp:term":[{"taxonomy":"category","embeddable":true,"href":"https:\/\/analyse.optim.biz\/index.php?rest_route=%2Fwp%2Fv2%2Fcategories&post=2034451"},{"taxonomy":"post_tag","embeddable":true,"href":"https:\/\/analyse.optim.biz\/index.php?rest_route=%2Fwp%2Fv2%2Ftags&post=2034451"}],"curies":[{"name":"wp","href":"https:\/\/api.w.org\/{rel}","templated":true}]}}