{"id":203445,"date":"2014-06-07T22:22:53","date_gmt":"2014-06-07T19:22:53","guid":{"rendered":"https:\/\/analyse.optim.biz\/?p=203445"},"modified":"2014-06-07T22:22:53","modified_gmt":"2014-06-07T19:22:53","slug":"traian-basescu-s-a-intalnit-cu-senatorul-american-john-mccain","status":"publish","type":"post","link":"https:\/\/analyse.optim.biz\/?p=203445","title":{"rendered":"Traian B\u0103sescu s-a \u00eent\u00e2lnit cu senatorul american John McCain"},"content":{"rendered":"<div class=\"entry data-app-meta data-app-meta-article\" data-embed-base-url-canonical=\"https:\/\/www.digi24.ro\/embed\/stiri\/actualitate\/politica\/traian-basescu-s-a-intalnit-cu-senatorul-american-john-mccain-253440\">\n<p data-index=\"1\">Dup\u0103 Rom\u00e2nia, politicienii americani vor merge \u00een Bulgaria \u015fi Polonia. La \u00eent\u00e2lnirea cu pre\u015fedintele Traian B\u0103sescu, senatorul John McCain a criticat dur politica din ultima perioad\u0103 a Rusiei, \u00een special interven\u0163ia \u00een Crimeea \u015fi anexarea peninsulei. M\u00e2ine, senatorii americani se vor \u00eent\u00e2lni \u015fi cu Ministrul de Externe, Titus Corl\u0103\u0163ean.<\/p>\n<p data-index=\"2\">\u00cen cadrul \u00eentrevederii s-a discutat despre noua situa\u021bie de securitate din Europa de Est, iar \u00eenal\u021bii oficiali americani au mul\u021bumit Rom\u00e2niei pentru contribu\u021bia avut\u0103 de-a lungul ultimilor ani la succesul misiunilor Organiza\u021biei Tratatului Atlanticului de Nord (NATO) \u0219i l-au asigurat pe pre\u015fedintele Rom\u00e2niei de sprijinul Senatului Statelor Unite.<\/p>\n<\/div>\n<p> Source URL: https:\/\/www.digi24.ro\/stiri\/actualitate\/politica\/traian-basescu-s-a-intalnit-cu-senatorul-american-john-mccain-253440<\/p>\n","protected":false},"excerpt":{"rendered":"<p>Dup\u0103 Rom\u00e2nia, politicienii americani vor merge \u00een Bulgaria \u015fi Polonia. La \u00eent\u00e2lnirea cu pre\u015fedintele Traian B\u0103sescu, senatorul John McCain a criticat dur politica din ultima perioad\u0103 a Rusiei, \u00een special interven\u0163ia \u00een Crimeea \u015fi anexarea peninsulei. M\u00e2ine, senatorii americani se vor \u00eent\u00e2lni \u015fi cu Ministrul de Externe, Titus Corl\u0103\u0163ean. \u00cen cadrul \u00eentrevederii s-a discutat despre [&hellip;]<\/p>\n","protected":false},"author":1,"featured_media":203446,"comment_status":"open","ping_status":"","sticky":false,"template":"","format":"standard","meta":{"footnotes":""},"categories":[2],"tags":[11],"class_list":["post-203445","post","type-post","status-publish","format-standard","has-post-thumbnail","hentry","category-politics","tag-digi24"],"_links":{"self":[{"href":"https:\/\/analyse.optim.biz\/index.php?rest_route=\/wp\/v2\/posts\/203445","targetHints":{"allow":["GET"]}}],"collection":[{"href":"https:\/\/analyse.optim.biz\/index.php?rest_route=\/wp\/v2\/posts"}],"about":[{"href":"https:\/\/analyse.optim.biz\/index.php?rest_route=\/wp\/v2\/types\/post"}],"author":[{"embeddable":true,"href":"https:\/\/analyse.optim.biz\/index.php?rest_route=\/wp\/v2\/users\/1"}],"replies":[{"embeddable":true,"href":"https:\/\/analyse.optim.biz\/index.php?rest_route=%2Fwp%2Fv2%2Fcomments&post=203445"}],"version-history":[{"count":0,"href":"https:\/\/analyse.optim.biz\/index.php?rest_route=\/wp\/v2\/posts\/203445\/revisions"}],"wp:featuredmedia":[{"embeddable":true,"href":"https:\/\/analyse.optim.biz\/index.php?rest_route=\/wp\/v2\/media\/203446"}],"wp:attachment":[{"href":"https:\/\/analyse.optim.biz\/index.php?rest_route=%2Fwp%2Fv2%2Fmedia&parent=203445"}],"wp:term":[{"taxonomy":"category","embeddable":true,"href":"https:\/\/analyse.optim.biz\/index.php?rest_route=%2Fwp%2Fv2%2Fcategories&post=203445"},{"taxonomy":"post_tag","embeddable":true,"href":"https:\/\/analyse.optim.biz\/index.php?rest_route=%2Fwp%2Fv2%2Ftags&post=203445"}],"curies":[{"name":"wp","href":"https:\/\/api.w.org\/{rel}","templated":true}]}}