{"id":2034448,"date":"2026-07-04T17:51:44","date_gmt":"2026-07-04T14:51:44","guid":{"rendered":"https:\/\/analyse.optim.biz\/?p=2034448"},"modified":"2026-07-04T17:51:44","modified_gmt":"2026-07-04T14:51:44","slug":"accident-langa-timisoara-soferita-ranita-dupa-ce-masina-i-a-fost-aruncata-intr-un-copac","status":"publish","type":"post","link":"https:\/\/analyse.optim.biz\/?p=2034448","title":{"rendered":"Accident l\u00e2ng\u0103 Timi\u0219oara. \u0218oferi\u021ba r\u0103nit\u0103, dup\u0103 ce ma\u0219ina i-a fost aruncat\u0103 \u00eentr-un copac"},"content":{"rendered":"<p>[analyse_image type=&#8221;featured&#8221; src=&#8221;https:\/\/www.opiniatimisoarei.ro\/wp-content\/uploads\/2016\/05\/accident-masina-in-pom-copac-camp-700&#215;336.jpghttps:\/\/www.opiniatimisoarei.ro\/wp-content\/uploads\/2016\/05\/accident-masina-in-pom-copac-camp.jpg&#8221;]<\/p>\n<div class=\"the_content\">\n<p><strong>TIMISOARA.<\/strong> Dou\u0103 ma\u0219ini s-au izbit, s\u00e2mb\u0103t\u0103 dup\u0103-amiaz\u0103, \u00een apropiere de Timi\u0219oara.<\/p>\n<p><strong><span>CITE\u0218TE \u0218I:<\/span><a href=\"https:\/\/www.opiniatimisoarei.ro\/salva-de-tun-si-costume-de-epoca-la-ceremonia-schimbului-de-garda-de-la-timisoara-la-ce-ora-are-loc-evenimentul\/04\/07\/2026\">Salv\u0103 de tun \u0219i costume de epoc\u0103 la ceremonia Schimbului de Gard\u0103 de la Timi\u0219oara. La ce or\u0103 are loc evenimentul<\/a><\/strong><\/p>\n<p>Accidentul a avut la S\u00e2nandrei, iar \u00een cele dou\u0103 autoturisme se aflau patru persoane. Un <span class=\"dia_suggestion w1\">\u0219ofer<\/span><span class=\"dia_suggestion w2\">care<\/span> a <span class=\"dia_suggestion w4\">f\u0103cut<\/span> un viraj <span class=\"dia_suggestion w7\">la<\/span><span class=\"dia_suggestion w8\">st\u00e2nga<\/span>, a izbit a <span class=\"dia_suggestion w12\">dou\u0103<\/span><span class=\"dia_suggestion w13\">ma\u0219in\u0103<\/span><span class=\"dia_suggestion w14\">\u0219i<\/span> a proiectat-o <span class=\"dia_suggestion w18\">\u00eentr<\/span>-un copac.<\/p>\n<p>Martorii au sunat la 112, iar la fa\u021ba locului au ajuns o autospecial\u0103 de stingere cu modul de descarcerare \u0219i 3 pompieri, dar \u0219i echipaje ale ambulan\u021bei \u0219i poli\u021biei.<\/p>\n<p><span class=\"dia_suggestion w0\">\u0218oferi\u021ba<\/span><span class=\"dia_suggestion w1\">ma\u0219inii<\/span><span class=\"dia_suggestion w2\">care<\/span> a <span class=\"dia_suggestion w4\">intrat<\/span><span class=\"dia_suggestion w5\">\u00een<\/span> pom a fost r\u0103nit\u0103 \u0219i a fost transportat\u0103 la spital pentru \u00eengrijiri medicale suplimentare.<\/p>\n<blockquote>\n<p>\u201c<strong>Un b\u0103rbat de 66 de ani, a condus un autoturism pe DN 69 dinspre localitatea Or\u021bi\u0219oara, iar la un moment dat, ar fi efectuat virajul la st\u00e2nga \u0219i ar fi intrat \u00een coliziune cu un autoturism, condus de o femeie de 34 de ani. \u00cen urma impactului, autoturismul condus de c\u0103tre femeie a fost proiectat \u00eentr-un copac.<\/strong><\/p>\n<p><strong>Femeia de 34 de ani a fost transportat\u0103 la spital \u00een vederea acord\u0103rii de \u00eengrijiri medicale.<\/strong><\/p>\n<p><strong>\u00cen cauz\u0103 a fost \u00eentocmit un dosar penal sub aspectul s\u0103v\u00e2r\u0219irii infrac\u021biunii de v\u0103t\u0103mare corporal\u0103 din culp\u0103<\/strong>\u201c, au transmis reprezentan\u021bii IPJ Timi\u0219.<\/p>\n<\/blockquote>\n<p>Ambii conduc\u0103tori auto au fost verifica\u021bi cu aparatul etilotest, care a ar\u0103tat c\u0103 niciunul nu b\u0103use.<\/p>\n<p><strong>Foto: Arhiv\u0103<\/strong><\/p>\n<p>***<\/p>\n<p><strong><span class=\"dia_suggestion w0\">Mai<\/span>\u00a0<span class=\"dia_suggestion w1\">multe<\/span>\u00a0<span class=\"dia_suggestion w2\">g\u0103si\u021bi<\/span>\u00a0pe\u00a0<span class=\"dia_suggestion w4\">pagina noastr<span class=\"dia_suggestion w0\">\u0103<\/span><\/span>\u00a0de\u00a0<a href=\"https:\/\/www.facebook.com\/OpiniaTM\/?ref=page_internal\" target=\"_blank\" rel=\"noopener\">Facebook opiniatimisoarei.ro<\/a>!<\/strong><\/p>\n<p><strong><span class=\"dia_suggestion w0\">Dac\u0103<\/span>\u00a0<span class=\"dia_suggestion w1\">a\u021bi<\/span>\u00a0fost martorii unui eveniment\u00a0<span class=\"dia_suggestion w6\">sau<\/span>\u00a0<span class=\"dia_suggestion w7\">ai<\/span>\u00a0unei\u00a0<span class=\"dia_suggestion w9\">situa\u021bii<\/span>\u00a0<span class=\"dia_suggestion w10\">neobi\u0219nuite<\/span>\u00a0<span class=\"dia_suggestion w11\">care<\/span>\u00a0ar\u00a0<span class=\"dia_suggestion w13\">putea<\/span>\u00a0deveni subiect de\u00a0<span class=\"dia_suggestion w17\">\u0219tire<\/span>,\u00a0<span class=\"dia_suggestion w18\">contacta\u021bi<\/span>-ne\u00a0<span class=\"dia_suggestion w20\">la<\/span>\u00a0<a href=\"https:\/\/www.opiniatimisoarei.ro\/cdn-cgi\/l\/email-protection\" class=\"__cf_email__\" data-cfemail=\"740611101517001d11341b041d1a1d15001d191d071b1506111d5a061b\">[email\u00a0protected]<\/a>,\u00a0 pe\u00a0<a href=\"https:\/\/www.facebook.com\/OpiniaTM\">FB<\/a>\u00a0sau pe contul nostru de\u00a0<a href=\"https:\/\/www.instagram.com\/opiniatimisoarei.ro\/\" target=\"_blank\" rel=\"noopener\">Instagram<\/a>!<\/strong><\/p>\n<p><strong><span>CITESTE SI:<\/span>\u00a0<a href=\"https:\/\/www.opiniatimisoarei.ro\/afli-primul-tot-ceea-ce-se-intampla-cu-adevarat-important-in-timisoara-si-in-regiune-cu-aplicatia-de-stiri-opinia-timisoarei-3-tipuri-de-alerte-te-tin-mereu-conectat-la-evenimente-descarca-gratuit-a\/31\/10\/2022\">Afli primul tot ceea ce se intampla cu adevarat important in Timisoara si in regiune cu Aplicatia de stiri Opinia Timisoarei. 3 tipuri de alerte te tin mereu conectat la evenimente. Descarca gratuit Aplicatia OT aici!<\/a><\/strong><\/p>\n<p>\u00a0<\/p>\n<\/div>\n<p>[analyse_source url=&#8221;https:\/\/www.opiniatimisoarei.ro\/accident-langa-timisoara-soferita-ranita-dupa-ce-masina-i-a-fost-aruncata-intr-un-copac\/04\/07\/2026&#8243;]<\/p>\n","protected":false},"excerpt":{"rendered":"<p>[analyse_image type=&#8221;featured&#8221; src=&#8221;https:\/\/www.opiniatimisoarei.ro\/wp-content\/uploads\/2016\/05\/accident-masina-in-pom-copac-camp-700&#215;336.jpghttps:\/\/www.opiniatimisoarei.ro\/wp-content\/uploads\/2016\/05\/accident-masina-in-pom-copac-camp.jpg&#8221;] TIMISOARA. Dou\u0103 ma\u0219ini s-au izbit, s\u00e2mb\u0103t\u0103 dup\u0103-amiaz\u0103, \u00een apropiere de Timi\u0219oara. CITE\u0218TE \u0218I:Salv\u0103 de tun \u0219i costume de epoc\u0103 la ceremonia Schimbului de Gard\u0103 de la Timi\u0219oara. La ce or\u0103 are loc evenimentul Accidentul a avut la S\u00e2nandrei, iar \u00een cele dou\u0103 autoturisme se aflau patru persoane. Un \u0219ofercare a f\u0103cut un [&hellip;]<\/p>\n","protected":false},"author":1,"featured_media":0,"comment_status":"open","ping_status":"","sticky":false,"template":"","format":"standard","meta":{"footnotes":""},"categories":[89],"tags":[226,190],"class_list":["post-2034448","post","type-post","status-publish","format-standard","hentry","category-romania","tag-crawlmanager","tag-opiniatimisoarei-ro"],"_links":{"self":[{"href":"https:\/\/analyse.optim.biz\/index.php?rest_route=\/wp\/v2\/posts\/2034448","targetHints":{"allow":["GET"]}}],"collection":[{"href":"https:\/\/analyse.optim.biz\/index.php?rest_route=\/wp\/v2\/posts"}],"about":[{"href":"https:\/\/analyse.optim.biz\/index.php?rest_route=\/wp\/v2\/types\/post"}],"author":[{"embeddable":true,"href":"https:\/\/analyse.optim.biz\/index.php?rest_route=\/wp\/v2\/users\/1"}],"replies":[{"embeddable":true,"href":"https:\/\/analyse.optim.biz\/index.php?rest_route=%2Fwp%2Fv2%2Fcomments&post=2034448"}],"version-history":[{"count":0,"href":"https:\/\/analyse.optim.biz\/index.php?rest_route=\/wp\/v2\/posts\/2034448\/revisions"}],"wp:attachment":[{"href":"https:\/\/analyse.optim.biz\/index.php?rest_route=%2Fwp%2Fv2%2Fmedia&parent=2034448"}],"wp:term":[{"taxonomy":"category","embeddable":true,"href":"https:\/\/analyse.optim.biz\/index.php?rest_route=%2Fwp%2Fv2%2Fcategories&post=2034448"},{"taxonomy":"post_tag","embeddable":true,"href":"https:\/\/analyse.optim.biz\/index.php?rest_route=%2Fwp%2Fv2%2Ftags&post=2034448"}],"curies":[{"name":"wp","href":"https:\/\/api.w.org\/{rel}","templated":true}]}}