{"id":2034209,"date":"2026-07-08T04:55:27","date_gmt":"2026-07-08T01:55:27","guid":{"rendered":"https:\/\/analyse.optim.biz\/?p=2034209"},"modified":"2026-07-08T04:55:27","modified_gmt":"2026-07-08T01:55:27","slug":"impact-violent-intre-o-masina-si-un-tir-in-timis-autoturismul-a-fost-aruncat-in-camp-tanar-ranit","status":"publish","type":"post","link":"https:\/\/analyse.optim.biz\/?p=2034209","title":{"rendered":"Impact violent \u00eentre o ma\u0219in\u0103 \u0219i un tir, \u00een Timi\u0219. Autoturismul a fost aruncat \u00een c\u00e2mp, t\u00e2n\u0103r r\u0103nit"},"content":{"rendered":"<p>[analyse_image type=&#8221;featured&#8221; src=&#8221;https:\/\/www.opiniatimisoarei.ro\/wp-content\/uploads\/2026\/07\/axxident-masina-camp-728&#215;336.jpghttps:\/\/www.opiniatimisoarei.ro\/wp-content\/uploads\/2026\/07\/axxident-masina-camp.jpg&#8221;]<\/p>\n<div class=\"the_content\">\n<p><strong><span class=\"dia_suggestion w16\">TIMI\u0218OARA<\/span><\/strong>. Grav accident, miercuri <span class=\"dia_suggestion w20\">diminea\u021b\u0103<\/span>, pe DN6, <span class=\"dia_suggestion w8\">\u00een<\/span><span class=\"dia_suggestion w9\">Timi\u0219<\/span>.<\/p>\n<p>Un <span class=\"dia_suggestion w7\"><span class=\"dia_suggestion w26\">tir<\/span><\/span><span class=\"dia_suggestion w5\">\u0219i<\/span> un autoturism s-au ciocnit violent <span class=\"dia_suggestion w8\">\u00een<\/span> localitatea Gavojdia, aproape de Lugoj,<\/p>\n<p><span class=\"dia_suggestion w14\"><span class=\"dia_suggestion w0\">\u00cen<\/span><\/span><span class=\"dia_suggestion w39\"><span class=\"dia_suggestion w1\">urm\u0103<\/span><\/span>impactului, <span class=\"dia_suggestion w4\">ma\u0219i<span class=\"dia_suggestion w23\">na <\/span><\/span>a zburat <span class=\"dia_suggestion w34\">\u00een<\/span><span class=\"dia_suggestion w15\">c\u00e2mp, iar <span class=\"dia_suggestion w10\">\u0219oferul, un t\u00e2n\u0103r de 20 de ani,<\/span> a fost <span class=\"dia_suggestion w13\">r\u0103nit<\/span><\/span>.<\/p>\n<p><strong><span>CITE\u0218TE \u0218I:<\/span><a href=\"https:\/\/www.opiniatimisoarei.ro\/se-muta-traficul-pe-bulevardul-liviu-rebreanu-din-timisoara-cat-dureaza-lucrarile\/07\/07\/2026\">Se mut\u0103 traficul pe bulevardul Liviu Rebreanu din Timi\u0219oara. C\u00e2t dureaz\u0103 lucr\u0103rile<\/a><\/strong><\/p>\n<p>\u201c<strong><span class=\"dia_suggestion w46\">La<\/span> locul evenimentului au fost mobilizate o autospecial\u0103 de prim\u0103 interven\u021bie \u0219i comand\u0103, o autospecial\u0103 de descarcerare, precum \u0219i o ambulan\u021b\u0103 SAJ.<\/strong><\/p>\n<p><strong>\u00cen accidentul rutier au fost implicate un autoturism \u0219i un autotren, \u00een <span class=\"dia_suggestion w80\">care<\/span><span class=\"dia_suggestion w81\">se<\/span> aflau doar conduc\u0103torii auto.\u00a0<\/strong><br \/><strong>Conduc\u0103torul autoturismului a fost preluat de c\u0103tre ambulan\u021ba\u00a0 \u0219i transportat <span class=\"dia_suggestion w96\">la<\/span> spital, \u00een stare con\u0219tient\u0103 \u0219i cooperant\u0103<\/strong>\u201c, transmit <span class=\"dia_suggestion w104\">reprezentan\u021bii<\/span> ISU <span class=\"dia_suggestion w9\">Timi\u0219<\/span>.<\/p>\n<p><span class=\"dia_suggestion w107\">Poli\u021bi\u0219tii<\/span><span class=\"dia_suggestion w108\">\u00eencearc\u0103<\/span><span class=\"dia_suggestion w109\">s\u0103<\/span><span class=\"dia_suggestion w110\">stabileasc\u0103<\/span> cu precizie cum s-a produs accidentul.<\/p>\n<p>\u201c<strong>Un t\u00e2n\u0103r de 20 de ani a condus un autoturism pe DN6 dinspre localitatea Jena \u00eenspre localitatea Lugoj, iar \u00een apropierea localit\u0103\u021bii G\u0103vojdia a intrat \u00een coliziune cu un autocamion condus de un b\u0103rbat de 54 de ani.<\/strong><\/p>\n<p><strong>\u00cen urma impactului a rezultat o victim\u0103, respectiv conduc\u0103torul auto de 20 de ani.<\/strong><\/p>\n<p><strong>Ambii conduc\u0103tori auto au fost testa\u021bi cu aparatul etilotest, rezultatele fiind negative.<\/strong><\/p>\n<p><strong>Poli\u021bi\u0219tii continu\u0103 cercet\u0103rile \u00een cadrul unui dosar penal \u00eentocmit sub aspectul s\u0103v\u00e2r\u0219irii infrac\u021biunii de v\u0103t\u0103mare corporal\u0103 din culp\u0103<\/strong>\u201c, transmit reprezentantii IPJ Timis.<\/p>\n<p>***<\/p>\n<p><strong><span class=\"dia_suggestion w0\">Mai<\/span><span class=\"dia_suggestion w1\">multe<\/span><span class=\"dia_suggestion w2\">g\u0103si\u021bi<\/span> pe <span class=\"dia_suggestion w4\">pagina noastr<span class=\"dia_suggestion w0\">\u0103<\/span><\/span>\u00a0de <a href=\"https:\/\/www.facebook.com\/OpiniaTM\/?ref=page_internal\" target=\"_blank\" rel=\"noopener\">Facebook opiniatimisoarei.ro<\/a>!<\/strong><\/p>\n<p><strong><span class=\"dia_suggestion w0\">Dac\u0103<\/span><span class=\"dia_suggestion w1\">a\u021bi<\/span> fost martorii unui eveniment <span class=\"dia_suggestion w6\">sau<\/span><span class=\"dia_suggestion w7\">ai<\/span> unei <span class=\"dia_suggestion w9\">situa\u021bii<\/span><span class=\"dia_suggestion w10\">neobi\u0219nuite<\/span><span class=\"dia_suggestion w11\">care<\/span> ar <span class=\"dia_suggestion w13\">putea<\/span> deveni subiect de <span class=\"dia_suggestion w17\">\u0219tire<\/span>, <span class=\"dia_suggestion w18\">contacta\u021bi<\/span>-ne <span class=\"dia_suggestion w20\">la<\/span><span><a href=\"https:\/\/www.opiniatimisoarei.ro\/cdn-cgi\/l\/email-protection\" class=\"__cf_email__\" data-cfemail=\"a3d1c6c7c2c0d7cac6e3ccd3cacdcac2d7cacecad0ccc2d1c6ca8dd1cc\">[email\u00a0protected]<\/a>,<\/span>\u00a0 pe <a href=\"https:\/\/www.facebook.com\/OpiniaTM\">FB<\/a><span>sau pe contul nostru de<\/span><a href=\"https:\/\/www.instagram.com\/opiniatimisoarei.ro\/\" target=\"_blank\" rel=\"noopener\">Instagram<\/a>!<\/strong><\/p>\n<p><strong><span>CITE\u0218TE \u0218I<\/span>: <a href=\"https:\/\/www.opiniatimisoarei.ro\/afli-primul-tot-ceea-ce-se-intampla-cu-adevarat-important-in-timisoara-si-in-regiune-cu-aplicatia-de-stiri-opinia-timisoarei-3-tipuri-de-alerte-te-tin-mereu-conectat-la-evenimente-descarca-gratuit-a\/31\/10\/2022\">Afli primul tot ceea ce se intampla cu adevarat important in Timisoara si in regiune cu Aplicatia de stiri Opinia Timisoarei. 3 tipuri de alerte te tin mereu conectat la evenimente. Descarca gratuit Aplicatia OT aici!<\/a><\/strong><\/p>\n<\/div>\n<p>[analyse_source url=&#8221;https:\/\/www.opiniatimisoarei.ro\/impact-violent-intre-o-masina-si-un-tir-in-timis-autoturismul-a-fost-aruncat-in-camp\/08\/07\/2026&#8243;]<\/p>\n","protected":false},"excerpt":{"rendered":"<p>[analyse_image type=&#8221;featured&#8221; src=&#8221;https:\/\/www.opiniatimisoarei.ro\/wp-content\/uploads\/2026\/07\/axxident-masina-camp-728&#215;336.jpghttps:\/\/www.opiniatimisoarei.ro\/wp-content\/uploads\/2026\/07\/axxident-masina-camp.jpg&#8221;] TIMI\u0218OARA. Grav accident, miercuri diminea\u021b\u0103, pe DN6, \u00eenTimi\u0219. Un tir\u0219i un autoturism s-au ciocnit violent \u00een localitatea Gavojdia, aproape de Lugoj, \u00cenurm\u0103impactului, ma\u0219ina a zburat \u00eenc\u00e2mp, iar \u0219oferul, un t\u00e2n\u0103r de 20 de ani, a fost r\u0103nit. CITE\u0218TE \u0218I:Se mut\u0103 traficul pe bulevardul Liviu Rebreanu din Timi\u0219oara. C\u00e2t dureaz\u0103 lucr\u0103rile \u201cLa locul [&hellip;]<\/p>\n","protected":false},"author":1,"featured_media":0,"comment_status":"open","ping_status":"","sticky":false,"template":"","format":"standard","meta":{"footnotes":""},"categories":[89],"tags":[226,190],"class_list":["post-2034209","post","type-post","status-publish","format-standard","hentry","category-romania","tag-crawlmanager","tag-opiniatimisoarei-ro"],"_links":{"self":[{"href":"https:\/\/analyse.optim.biz\/index.php?rest_route=\/wp\/v2\/posts\/2034209","targetHints":{"allow":["GET"]}}],"collection":[{"href":"https:\/\/analyse.optim.biz\/index.php?rest_route=\/wp\/v2\/posts"}],"about":[{"href":"https:\/\/analyse.optim.biz\/index.php?rest_route=\/wp\/v2\/types\/post"}],"author":[{"embeddable":true,"href":"https:\/\/analyse.optim.biz\/index.php?rest_route=\/wp\/v2\/users\/1"}],"replies":[{"embeddable":true,"href":"https:\/\/analyse.optim.biz\/index.php?rest_route=%2Fwp%2Fv2%2Fcomments&post=2034209"}],"version-history":[{"count":0,"href":"https:\/\/analyse.optim.biz\/index.php?rest_route=\/wp\/v2\/posts\/2034209\/revisions"}],"wp:attachment":[{"href":"https:\/\/analyse.optim.biz\/index.php?rest_route=%2Fwp%2Fv2%2Fmedia&parent=2034209"}],"wp:term":[{"taxonomy":"category","embeddable":true,"href":"https:\/\/analyse.optim.biz\/index.php?rest_route=%2Fwp%2Fv2%2Fcategories&post=2034209"},{"taxonomy":"post_tag","embeddable":true,"href":"https:\/\/analyse.optim.biz\/index.php?rest_route=%2Fwp%2Fv2%2Ftags&post=2034209"}],"curies":[{"name":"wp","href":"https:\/\/api.w.org\/{rel}","templated":true}]}}