{"id":2034200,"date":"2026-07-07T08:34:28","date_gmt":"2026-07-07T05:34:28","guid":{"rendered":"https:\/\/analyse.optim.biz\/?p=2034200"},"modified":"2026-07-07T08:34:28","modified_gmt":"2026-07-07T05:34:28","slug":"alfred-simonis-legea-in-baza-careia-a-fost-declarata-incompatibila-paula-romocean-initiata-de-un-lider-usr","status":"publish","type":"post","link":"https:\/\/analyse.optim.biz\/?p=2034200","title":{"rendered":"Alfred Simonis: Legea \u00een baza c\u0103reia a fost declarat\u0103 incompatibil\u0103 Paula Romocean, ini\u021biat\u0103 de un lider USR"},"content":{"rendered":"<p>[analyse_image type=&#8221;featured&#8221; src=&#8221;https:\/\/www.opiniatimisoarei.ro\/wp-content\/uploads\/2026\/04\/dominic-fritz-paula-romocean-650&#215;336.jpghttps:\/\/www.opiniatimisoarei.ro\/wp-content\/uploads\/2026\/04\/dominic-fritz-paula-romocean.jpg&#8221;]<\/p>\n<div class=\"the_content\">\n<p><strong><span class=\"dia_suggestion w17\">TIMI\u0218OARA<\/span><\/strong>. Textul de lege <span class=\"dia_suggestion w3\">\u00een<\/span><span class=\"dia_suggestion w4\"><span class=\"dia_suggestion w22\">baza<\/span><\/span><span class=\"dia_suggestion w23\">c\u0103ruia<\/span> a fost <span class=\"dia_suggestion w26\">constatat\u0103<\/span> incompatibilitatea Paulei Romocean, viceprimar USR <span class=\"dia_suggestion w32\"><span class=\"dia_suggestion w83\">la<\/span><\/span><span class=\"dia_suggestion w33\">Timi\u0219oara<\/span>, <span class=\"dia_suggestion w34\">apar\u021bine<\/span> tocmai unui lider USR, <span class=\"dia_suggestion w39\"><span class=\"dia_suggestion w59\"><span class=\"dia_suggestion w68\"><span class=\"dia_suggestion w76\"><span class=\"dia_suggestion w91\">care<\/span><\/span><\/span><\/span><\/span> l-a <span class=\"dia_suggestion w42\">introdus<\/span><span class=\"dia_suggestion w43\">\u00eentr<\/span>-o <span class=\"dia_suggestion w45\">ordonan\u021b\u0103<\/span> de <span class=\"dia_suggestion w47\">urgen\u021b\u0103<\/span> a guvernului Dacian <span class=\"dia_suggestion w51\">Ciolo\u0219<\/span>.<\/p>\n<p><strong><span>CITE\u0218TE \u0218I:<\/span><a href=\"https:\/\/www.opiniatimisoarei.ro\/gasita-in-stare-de-incompatibilitate-paula-romocean-pierde-procesul-cu-ani-la-curtea-de-apel-timisoara-viceprimarul-a-fost-2-ani-si-sef-in-usr-si-membru-in-consiliul-de-administratie-la-spitalul-mun\/06\/07\/2026\">G\u0103sit\u0103 \u00een stare de incompatibilitate, Paula Romocean pierde procesul cu ANI la Curtea de Apel Timi\u0219oara. Viceprimarul a fost 2 ani \u0219i \u0219ef \u00een USR \u0219i membru \u00een Consiliul de Administra\u021bie la Spitalul Municipal<\/a><\/strong><\/p>\n<p><span class=\"dia_suggestion w52\">Reaminte\u0219te<\/span><span class=\"dia_suggestion w53\">asta<\/span> Alfred Simonis, <span class=\"dia_suggestion w56\">\u0219eful<\/span> PSD <span class=\"dia_suggestion w58\">Timi\u0219<\/span>, <span class=\"dia_suggestion w39\"><span class=\"dia_suggestion w59\"><span class=\"dia_suggestion w68\"><span class=\"dia_suggestion w76\"><span class=\"dia_suggestion w91\">care<\/span><\/span><\/span><\/span><\/span> a <span class=\"dia_suggestion w61\">\u021binut<\/span><span class=\"dia_suggestion w62\">s\u0103<\/span> demonteze <span class=\"dia_suggestion w64\">lament\u0103rile<\/span> lui Dominic Fritz care pretinde <span class=\"dia_suggestion w70\">c\u0103<\/span><span class=\"dia_suggestion w71\">\u0219i<\/span> el <span class=\"dia_suggestion w73\">\u0219i<\/span><span class=\"dia_suggestion w10\"><span class=\"dia_suggestion w74\">Paula<\/span><\/span> Romocean, care tocmai a pierdut procesul cu ANI <span class=\"dia_suggestion w32\"><span class=\"dia_suggestion w83\">la<\/span><\/span><span class=\"dia_suggestion w84\">Curtea<\/span> de Apel <span class=\"dia_suggestion w33\">Timi\u0219oara<\/span>, <span class=\"dia_suggestion w88\">sunt<\/span> victimele <span class=\"dia_suggestion w90\">sistemului<\/span> care <span class=\"dia_suggestion w92\">\u00eei<\/span><span class=\"dia_suggestion w93\">atac\u0103<\/span> pe cei <span class=\"dia_suggestion w96\">din<\/span> Uniunea <span class=\"dia_suggestion w98\">Salva\u021bi<\/span><span class=\"dia_suggestion w99\">Rom\u00e2nia<\/span>.<\/p>\n<p>\u201c<strong>Am observat o mare zbatere si framantare incepand de ieri despre \u201eSISTEMUL\u201d care ar fi atacat-o pe Paula Romocean, care a fost declarata ieri incompatibila. Am v\u0103zut multe acuza\u021bii, despre persecu\u021bii \u0219i despre institu\u021bii care ar ac\u021biona \u00eempotriva USR.<\/strong><br \/><strong>Nu voi comenta dac\u0103 faptele re\u021binute de instan\u021b\u0103 sunt sau nu incompatibile. Exist\u0103 o procedur\u0103 judiciar\u0103, iar aceasta \u00ee\u0219i urmeaz\u0103 cursul.<\/strong><\/p>\n<p><strong>Exist\u0103 \u00eens\u0103 un detaliu pe care cei din USR \u00eel omit cu des\u0103v\u00e2r\u0219ire.<\/strong><br \/><strong>Textul de lege \u00een baza c\u0103ruia a fost constatat\u0103 incompatibilitatea nu a fost introdus de PSD \u0219i nici de vreun adversar politic al USR. <\/strong><br \/><strong>El a fost introdus prin Ordonan\u021ba de Urgen\u021b\u0103 nr. 79\/2016, semnat\u0103 \u00een noiembrie 2016 de ministrul S\u0103n\u0103t\u0103\u021bii de atunci, Vlad Voiculescu, care facea parte din Guvernul Dacian Ciolo\u0219.<\/strong><\/p>\n<p><strong>Cu alte cuvinte, dac\u0103 ast\u0103zi vorbim despre existen\u021ba acestei incompatibilit\u0103\u021bi, vorbim despre o prevedere legislativ\u0103 introdus\u0103 chiar de un lider important al USR.<\/strong><br \/><strong>E greu s\u0103 sus\u021bii c\u0103 \u201eSISTEMUL\u201d te-a atacat atunci c\u00e2nd regula pe care ai \u00eenc\u0103lcat-o a fost scris\u0103 chiar de colegii t\u0103i de partid.<\/strong><br \/><strong>Poate c\u0103, \u00eenainte de a c\u0103uta conspira\u021bii \u0219i vinova\u021bi imaginari, ar fi mai util\u0103 o privire \u00een propria \u201cistorie legislativa<\/strong>\u201d, a notat pe pagina sa de FB Alfred Simonis.<\/p>\n<p><a href=\"https:\/\/www.opiniatimisoarei.ro\/wp-content\/uploads\/2026\/07\/1-2.jpg\"><img loading=\"lazy\" decoding=\"async\" class=\"aligncenter size-full wp-image-882414\" src=\"https:\/\/www.opiniatimisoarei.ro\/wp-content\/uploads\/2026\/07\/1-2.jpg\" alt=\"\" width=\"658\" height=\"777\"><\/a><a href=\"https:\/\/www.opiniatimisoarei.ro\/wp-content\/uploads\/2026\/07\/2-2.jpg\"><img loading=\"lazy\" decoding=\"async\" class=\"aligncenter size-large wp-image-882415\" src=\"https:\/\/www.opiniatimisoarei.ro\/wp-content\/uploads\/2026\/07\/2-2.jpg\" alt=\"\" width=\"641\" height=\"642\"><\/a><\/p>\n<p><span class=\"dia_suggestion w0\">Va<\/span> reamintim, viceprimarul USR <span class=\"dia_suggestion w4\"><span class=\"dia_suggestion w44\">al<\/span><\/span><span class=\"dia_suggestion w5\">Timi\u0219oarei<\/span>, <span class=\"dia_suggestion w6\"><span class=\"dia_suggestion w35\">Paula<\/span><\/span> Romocean, a pierdut procesul cu <span class=\"dia_suggestion w12\">Agen\u021bia<\/span><span class=\"dia_suggestion w13\">Na\u021bional\u0103<\/span> de Integritate <span class=\"dia_suggestion w16\">la<\/span><span class=\"dia_suggestion w17\">Curtea<\/span> de Apel <span class=\"dia_suggestion w20\">Timi\u0219oara<\/span>, <span class=\"dia_suggestion w21\">dup\u0103<\/span> ce <span class=\"dia_suggestion w23\">aceast\u0103<\/span> a <span class=\"dia_suggestion w25\">declarat<\/span>-o <span class=\"dia_suggestion w27\">incompatibil\u0103<\/span>.<\/p>\n<p>Potrivit Agen\u021biei Na\u021bionale de Integritate, \u00een <span class=\"dia_suggestion w34\">perioada<\/span> 2021-2023, <span class=\"dia_suggestion w6\"><span class=\"dia_suggestion w35\">Paula<\/span><\/span> Romocean a fost membru \u00een Consiliul de Administra\u021bie <span class=\"dia_suggestion w4\"><span class=\"dia_suggestion w44\">al<\/span><\/span> Spitalului Municipal, \u00een <span class=\"dia_suggestion w48\">timp<\/span> ce avea \u0219i func\u021bie de conducere \u00een partid.<\/p>\n<p>Conform propriei <span class=\"dia_suggestion w2\">declara\u021bii<\/span> de avere, <span class=\"dia_suggestion w5\">Paula<\/span> Romocean ar <span class=\"dia_suggestion w8\">fi<\/span><span class=\"dia_suggestion w9\">\u00eencasat<\/span> o <span class=\"dia_suggestion w11\">sum<span class=\"dia_suggestion w12\">\u0103<\/span><\/span>\u00a0<span class=\"dia_suggestion w12\">modic\u0103<\/span> drept <span class=\"dia_suggestion w14\">indemniza\u021bie de membru <span class=\"dia_suggestion w9\">\u00ee<\/span>n CA al <\/span>Spitalul Municipal <span class=\"dia_suggestion w19\">Timi\u0219oara,<\/span> aflat <span class=\"dia_suggestion w21\">\u00een<\/span> subordinea <span class=\"dia_suggestion w23\">Prim\u0103riei<\/span>.\u00a0 Detalii <a href=\"https:\/\/assets.primariatm.ro\/fd40c88d-b5be-415b-ae7d-08f5bfded06c\/ROMOCEAN%20PAULA.pdf\"><strong>AICI<\/strong><\/a>.<\/p>\n<p>\u201c<strong>S-a aflat \u00een stare de incompatibilitate \u00een perioada 27 iunie 2021 \u2013 22 mai 2023, \u00eentruc\u00e2t simultan cu exercitarea func\u021biei de membru titular \u00een Consiliul de Administra\u021bie al Spitalului Clinic Municipal de Urgen\u021b\u0103 Timi\u0219oara a exercitat func\u021bii \u00een organele de conducere ale Partidului Uniunea Salva\u021bi Rom\u00e2nia, respectiv func\u021bia de membru \u00een cadrul Biroului Local Timi\u0219oara.<\/strong><\/p>\n<p><strong>Prevederi legale \u00eenc\u0103lcate:<\/strong><\/p>\n<p><strong>art. 187 alin. (13) coroborat cu art. 178 alin. (1) lit. f) din Legea nr. 95\/2006 privind reforma \u00een domeniul s\u0103n\u0103t\u0103\u0163ii\u201d, arat\u0103 ANI.<\/strong><\/p>\n<p><strong>\u201eFapta persoanei cu privire la care s-a constatat (\u2026) \u00eenc\u0103lcarea obliga\u021biilor legale privind (\u2026) starea de incompatibilitate constituie abatere disciplinar\u0103 \u0219i se sanc\u021bioneaz\u0103 potrivit reglement\u0103rii aplicabile demnit\u0103\u021bii, func\u021biei sau activit\u0103\u021bii respective (\u2026)\u201d.<\/strong><\/p>\n<p><strong>\u201ePersoan\u0103 (\u2026) fa\u021b\u0103 de care s-a constatat (\u2026) starea de incompatibilitate este dec\u0103zut\u0103 din dreptul de a mai exercit\u0103 o func\u021bie sau o demnitate public\u0103 (\u2026) pe o perioad\u0103 de 3 ani de la dat\u0103 eliber\u0103rii, destituirii din func\u021bia ori demnitatea public\u0103 respectiv\u0103 sau a \u00eencet\u0103rii de drept a mandatului. Dac\u0103 persoan\u0103 a ocupat o func\u021bie eligibil\u0103, nu mai poate ocup\u0103 aceea\u0219i func\u021bie pe o perioad\u0103 de 3 ani de la \u00eencetarea mandatului\u201d<\/strong>, se arat\u0103 \u00een raportul Agen\u021biei Na\u021bionale de Integritate.<\/p>\n<p>Paula Romocean anun\u021b\u0103 c\u0103 va contesta decizia magistratilor de la Curtea de Apel Timisoara.<\/p>\n<h2><span><strong>Dominic Fritz, \u0219eful USR, a pierdut definitiv procesul cu ANI<\/strong><\/span><\/h2>\n<p>V\u0103 reamintim, <span class=\"dia_suggestion w2\">\u0219eful<\/span> Paulei Romocean, liderul USR Dominic Fritz, primar <span class=\"dia_suggestion w10\">al<\/span><span class=\"dia_suggestion w11\">Timi\u0219oarei<\/span>, a pierdut <span class=\"dia_suggestion w14\">luna<\/span><span class=\"dia_suggestion w15\">trecut\u0103<\/span><span class=\"dia_suggestion w16\">definitiv<\/span> procesul cu ANI.<\/p>\n<p><span class=\"dia_suggestion w20\"><span class=\"dia_suggestion w35\">Curtea<\/span><\/span><span class=\"dia_suggestion w21\">Suprem\u0103<\/span> de <span class=\"dia_suggestion w23\">Justi\u021bie<\/span> i-a respins recursul <span class=\"dia_suggestion w28\">\u0219i<\/span> a <span class=\"dia_suggestion w30\">men\u021binut<\/span><span class=\"dia_suggestion w31\">sentin\u021ba<\/span><span class=\"dia_suggestion w32\">magistra\u021bilor<\/span> de <span class=\"dia_suggestion w34\">la<\/span> Curtea de Apel <span class=\"dia_suggestion w38\">Timi\u0219oara<\/span><span class=\"dia_suggestion w39\">care<\/span> a <span class=\"dia_suggestion w41\">dat<\/span> dreptate <span class=\"dia_suggestion w43\">Agen\u021biei<\/span><span class=\"dia_suggestion w44\">Na\u021bionale<\/span> de Integritate.<\/p>\n<p><strong><span>CITE\u0218TE \u0218I:<\/span><a href=\"https:\/\/www.opiniatimisoarei.ro\/dominic-fritz-atac-la-justitie-dupa-ce-a-pierdut-procesul-cu-ani-anunta-ca-merge-la-cedo-nemultumit-ca-nu-va-putea-candida-3-ani\/18\/06\/2026\">Dominic Fritz, atac la Justi\u021bie, dupa ce a pierdut procesul cu ANI. Anun\u021b\u0103 c\u0103 merge la CEDO, nemul\u021bumit c\u0103 nu va putea candida 3 ani<\/a><\/strong><\/p>\n<p><strong><span>CITE\u0218TE \u0218I:<\/span><a href=\"https:\/\/www.opiniatimisoarei.ro\/s-a-terminat-dominic-fritz-a-pierdut-definitiv-procesul-cu-ani-ce-urmeaza-la-timisoara\/18\/06\/2026\">S-a terminat! Dominic Fritz a pierdut definitiv procesul cu ANI. Ce urmeaz\u0103 la Timi\u0219oara<\/a><\/strong><\/p>\n<p>***<\/p>\n<p><strong><span class=\"dia_suggestion w0\">Mai<\/span><span class=\"dia_suggestion w1\">multe<\/span><span class=\"dia_suggestion w2\">g\u0103si\u021bi<\/span> pe <span class=\"dia_suggestion w4\">pagina noastr<span class=\"dia_suggestion w0\">\u0103<\/span><\/span>\u00a0de <a href=\"https:\/\/www.facebook.com\/OpiniaTM\/?ref=page_internal\" target=\"_blank\" rel=\"noopener\">Facebook opiniatimisoarei.ro<\/a>!<\/strong><\/p>\n<p><strong><span class=\"dia_suggestion w0\">Dac\u0103<\/span><span class=\"dia_suggestion w1\">a\u021bi<\/span> fost martorii unui eveniment <span class=\"dia_suggestion w6\">sau<\/span><span class=\"dia_suggestion w7\">ai<\/span> unei <span class=\"dia_suggestion w9\">situa\u021bii<\/span><span class=\"dia_suggestion w10\">neobi\u0219nuite<\/span><span class=\"dia_suggestion w11\">care<\/span> ar <span class=\"dia_suggestion w13\">putea<\/span> deveni subiect de <span class=\"dia_suggestion w17\">\u0219tire<\/span>, <span class=\"dia_suggestion w18\">contacta\u021bi<\/span>-ne <span class=\"dia_suggestion w20\">la<\/span><span><a href=\"https:\/\/www.opiniatimisoarei.ro\/cdn-cgi\/l\/email-protection\" class=\"__cf_email__\" data-cfemail=\"710314151012051814311e01181f181005181c18021e100314185f031e\">[email\u00a0protected]<\/a>,<\/span>\u00a0 pe <a href=\"https:\/\/www.facebook.com\/OpiniaTM\">FB<\/a><span>sau pe contul nostru de<\/span><a href=\"https:\/\/www.instagram.com\/opiniatimisoarei.ro\/\" target=\"_blank\" rel=\"noopener\">Instagram<\/a>!<\/strong><\/p>\n<p><strong><span>CITESTE SI<\/span>: <a href=\"https:\/\/www.opiniatimisoarei.ro\/afli-primul-tot-ceea-ce-se-intampla-cu-adevarat-important-in-timisoara-si-in-regiune-cu-aplicatia-de-stiri-opinia-timisoarei-3-tipuri-de-alerte-te-tin-mereu-conectat-la-evenimente-descarca-gratuit-a\/31\/10\/2022\">Afli primul tot ceea ce se intampla cu adevarat important in Timisoara si in regiune cu Aplicatia de stiri Opinia Timisoarei. 3 tipuri de alerte te tin mereu conectat la evenimente. Descarca gratuit Aplicatia OT aici!<\/a><\/strong><\/p>\n<\/div>\n<p>[analyse_source url=&#8221;https:\/\/www.opiniatimisoarei.ro\/alfred-simonis-legea-in-baza-careia-a-fost-declarata-incompatibila-paula-romocean-initiata-de-un-lider-usr\/07\/07\/2026&#8243;]<\/p>\n","protected":false},"excerpt":{"rendered":"<p>[analyse_image type=&#8221;featured&#8221; src=&#8221;https:\/\/www.opiniatimisoarei.ro\/wp-content\/uploads\/2026\/04\/dominic-fritz-paula-romocean-650&#215;336.jpghttps:\/\/www.opiniatimisoarei.ro\/wp-content\/uploads\/2026\/04\/dominic-fritz-paula-romocean.jpg&#8221;] TIMI\u0218OARA. Textul de lege \u00eenbazac\u0103ruia a fost constatat\u0103 incompatibilitatea Paulei Romocean, viceprimar USR laTimi\u0219oara, apar\u021bine tocmai unui lider USR, care l-a introdus\u00eentr-o ordonan\u021b\u0103 de urgen\u021b\u0103 a guvernului Dacian Ciolo\u0219. CITE\u0218TE \u0218I:G\u0103sit\u0103 \u00een stare de incompatibilitate, Paula Romocean pierde procesul cu ANI la Curtea de Apel Timi\u0219oara. Viceprimarul a fost 2 ani \u0219i [&hellip;]<\/p>\n","protected":false},"author":1,"featured_media":0,"comment_status":"open","ping_status":"","sticky":false,"template":"","format":"standard","meta":{"footnotes":""},"categories":[89],"tags":[226,190],"class_list":["post-2034200","post","type-post","status-publish","format-standard","hentry","category-romania","tag-crawlmanager","tag-opiniatimisoarei-ro"],"_links":{"self":[{"href":"https:\/\/analyse.optim.biz\/index.php?rest_route=\/wp\/v2\/posts\/2034200","targetHints":{"allow":["GET"]}}],"collection":[{"href":"https:\/\/analyse.optim.biz\/index.php?rest_route=\/wp\/v2\/posts"}],"about":[{"href":"https:\/\/analyse.optim.biz\/index.php?rest_route=\/wp\/v2\/types\/post"}],"author":[{"embeddable":true,"href":"https:\/\/analyse.optim.biz\/index.php?rest_route=\/wp\/v2\/users\/1"}],"replies":[{"embeddable":true,"href":"https:\/\/analyse.optim.biz\/index.php?rest_route=%2Fwp%2Fv2%2Fcomments&post=2034200"}],"version-history":[{"count":0,"href":"https:\/\/analyse.optim.biz\/index.php?rest_route=\/wp\/v2\/posts\/2034200\/revisions"}],"wp:attachment":[{"href":"https:\/\/analyse.optim.biz\/index.php?rest_route=%2Fwp%2Fv2%2Fmedia&parent=2034200"}],"wp:term":[{"taxonomy":"category","embeddable":true,"href":"https:\/\/analyse.optim.biz\/index.php?rest_route=%2Fwp%2Fv2%2Fcategories&post=2034200"},{"taxonomy":"post_tag","embeddable":true,"href":"https:\/\/analyse.optim.biz\/index.php?rest_route=%2Fwp%2Fv2%2Ftags&post=2034200"}],"curies":[{"name":"wp","href":"https:\/\/api.w.org\/{rel}","templated":true}]}}