{"id":2034172,"date":"2026-07-08T04:44:22","date_gmt":"2026-07-08T01:44:22","guid":{"rendered":"https:\/\/analyse.optim.biz\/?p=2034172"},"modified":"2026-07-08T04:44:22","modified_gmt":"2026-07-08T01:44:22","slug":"lidera-nationalista-din-franta-marine-le-pen-a-declarat-ca-va-candida-la-presedintie-dupa-ce-o-instanta-i-a-permis-sa-ocupe-functii-publice","status":"publish","type":"post","link":"https:\/\/analyse.optim.biz\/?p=2034172","title":{"rendered":"Lidera na\u021bionalist\u0103 din Fran\u021ba, Marine Le Pen, a declarat c\u0103 va candida la pre\u0219edin\u021bie, dup\u0103 ce o instan\u021b\u0103 i-a permis s\u0103 ocupe func\u021bii publice"},"content":{"rendered":"<p>[analyse_image type=&#8221;featured&#8221; src=&#8221;https:\/\/ortodoxinfo.ro\/wp-content\/uploads\/2026\/07\/hepta_8835720-scaled.jpghttps:\/\/ortodoxinfo.ro\/wp-content\/uploads\/2026\/07\/hepta_8835720-scaled.jpg&#8221;]<\/p>\n<article id=\"post-246414\" class=\"post-246414 post type-post status-publish format-standard has-post-thumbnail category-suveranism\">\n<header class=\"single-header\">\n<aside class=\"breadcrumb-wrap breadcrumb-yoast s-breadcrumb\">\n<div class=\"breadcrumb-inner\"><span><span><a href=\"https:\/\/ortodoxinfo.ro\/\">Prima pagin\u0103<\/a><\/span> \u00bb <span><a href=\"https:\/\/ortodoxinfo.ro\/blog\/\">Blog<\/a><\/span> \u00bb <span class=\"breadcrumb_last\" aria-current=\"page\">Lidera na\u021bionalist\u0103 din Fran\u021ba, Marine Le Pen, a declarat c\u0103 va candida la pre\u0219edin\u021bie, dup\u0103 ce o instan\u021b\u0103 i-a permis s\u0103 ocupe func\u021bii publice<\/span><\/span><\/div>\n<\/aside>\n<h1 class=\"s-title fw-headline\">Lidera na\u021bionalist\u0103 din Fran\u021ba, Marine Le Pen, a declarat c\u0103 va candida la pre\u0219edin\u021bie, dup\u0103 ce o instan\u021b\u0103 i-a permis s\u0103 ocupe func\u021bii publice<\/h1>\n<div class=\"single-meta meta-s-default yes-0\">\n<div class=\"smeta-in\"><a class=\"meta-el meta-avatar\" href=\"https:\/\/ortodoxinfo.ro\/author\/redactor\/\"><img loading=\"lazy\" decoding=\"async\" alt=\"OrtodoxINFO\" src=\"https:\/\/secure.gravatar.com\/avatar\/21010332354a182ce4de6016685c5586f21c51866d0ec5bc8ef383240b3c3e02?s=120&amp;r=g\" class=\"avatar avatar-120 photo\" height=\"120\" width=\"120\"><\/a><\/p>\n<div class=\"smeta-sec\">\n<div class=\"p-meta\">\n<div class=\"meta-inner is-meta\"><span class=\"meta-el meta-date\"><time datetime=\"2026-07-08T00:45:03+03:00\">8 iulie 2026<\/time><\/span><span class=\"meta-el meta-category meta-bold\"><a class=\"meta-separate category-20289\" href=\"https:\/\/ortodoxinfo.ro\/category\/suveranism\/\">Suveranism<\/a><\/span><span class=\"meta-el meta-view\">4.3k vizualiz\u0103ri\t\t<\/span><span class=\"meta-el meta-comment mobile-last-meta tablet-last-meta\"><a href=\"https:\/\/ortodoxinfo.ro\/2026\/07\/08\/lidera-nationalista-din-franta-marine-le-pen-a-declarat-ca-va-candida-la-presedintie-dupa-ce-o-instanta-i-a-permis-sa-ocupe-functii-publice\/#respond\">Comentarii<\/a><\/span><\/div>\n<\/div>\n<\/div>\n<\/div>\n<div class=\"smeta-extra\">\n<div class=\"t-shared-sec tooltips-n has-read-meta is-color\">\n<div class=\"t-shared-header is-meta\"><span class=\"share-label\">Share<\/span><\/div>\n<\/div>\n<div class=\"single-right-meta single-time-read is-meta\"><span class=\"meta-el meta-read\">2 Min Read<\/span><\/div>\n<\/div>\n<\/div>\n<\/header>\n<div class=\"grid-container\">\n<div class=\"s-ct\">\n<div class=\"s-feat-outer\">\n<div class=\"s-feat\">\n<div class=\"featured-lightbox-trigger\" data-source=\"https:\/\/ortodoxinfo.ro\/wp-content\/uploads\/2026\/07\/hepta_8835720-scaled.jpg\" data-caption data-attribution><img fetchpriority=\"high\" decoding=\"async\" width=\"860\" height=\"573\" src=\"https:\/\/ortodoxinfo.ro\/wp-content\/uploads\/2026\/07\/hepta_8835720-scaled-860x573.jpg\" class=\"attachment-foxiz_crop_o1 size-foxiz_crop_o1 wp-post-image\" alt loading=\"eager\"><\/div>\n<\/div>\n<\/div>\n<div class=\"s-ct-wrap has-lsl\">\n<div class=\"s-ct-inner\">\n<div class=\"l-shared-sec-outer show-mobile\">\n<div class=\"l-shared-sec\">\n<div class=\"l-shared-header meta-text\"><span class=\"share-label\">SHARE<\/span><\/div>\n<\/div>\n<\/div>\n<div class=\"e-ct-outer\">\n<div class=\"entry-top\">\n<div id=\"custom_html-3\" class=\"widget_text widget entry-widget clearfix widget_custom_html\">\n<div class=\"textwidget custom-html-widget\">\n<div><small><br \/>\n    OrtodoxINFO este supus unui sabotaj sistematic din partea reprezentan\u021bilor Google Rom\u00e2nia, at\u00e2t la afi\u0219\u0103ri c\u00e2t \u0219i \u00een rezultatele de c\u0103utare.<br \/>\n        Astfel c\u0103 veniturile din publicitate au sc\u0103zut de p\u00e2n\u0103 la <strong>10 ori<\/strong>. Situa\u021bia este similar\u0103 \u0219i pe Facebook.<\/p>\n<p>        V\u0103 invit\u0103m s\u0103 accesa\u021bi direct site-ul \u0219i s\u0103 v\u0103 abona\u021bi la notific\u0103ri.<\/p>\n<p>    Dac\u0103 dori\u021bi s\u0103 ne sus\u021bine\u021bi \u00een aceast\u0103 perioad\u0103 dificil\u0103, orice <a href=\"https:\/\/ortodoxinfo.ro\/donatii\/\">dona\u021bie<\/a> este binevenit\u0103.<br \/>\n    Dumnezeu s\u0103 v\u0103 r\u0103spl\u0103teasc\u0103!<br \/>\n<\/small><\/div>\n<\/div>\n<\/div>\n<\/div>\n<div class=\"entry-content rbct clearfix is-highlight-shares\">\n<div class=\"ruby-table-contents rbtoc table-left table-fw-single-col\">\n<div class=\"toc-header\"><span class=\"h3\">Sumar<\/span><\/div>\n<div class=\"toc-content h5\"><a href=\"https:\/\/ortodoxinfo.ro\/2026\/07\/08\/lidera-nationalista-din-franta-marine-le-pen-a-declarat-ca-va-candida-la-presedintie-dupa-ce-o-instanta-i-a-permis-sa-ocupe-functii-publice\/#marine-le-pen-poate-candida-la-presedintia-frantei\" class=\"table-link no-link anchor-link\" data-index=\"rb-heading-index-0\">Marine Le Pen poate candida la pre\u0219edin\u021bia Fran\u021bei<\/a><a href=\"https:\/\/ortodoxinfo.ro\/2026\/07\/08\/lidera-nationalista-din-franta-marine-le-pen-a-declarat-ca-va-candida-la-presedintie-dupa-ce-o-instanta-i-a-permis-sa-ocupe-functii-publice\/#cine-este-pe-primul-loc-in-sondaje\" class=\"table-link no-link anchor-link\" data-index=\"rb-heading-index-1\">Cine este pe primul loc \u00een sondaje<\/a><\/div>\n<\/div>\n<p>Marine Le Pen, reprezentanta na\u021bionali\u0219tilor din Parlamentul Fran\u021bei \u0219i lidera opozi\u021biei, vrea s\u0103 candideze la pre\u0219edin\u021bia Fran\u021bei de anul viitor. Anun\u021bul ei a venit exact \u00een ziua \u00een care o instan\u021b\u0103 din Fran\u021ba i-a acordat dreptul de a candida pentru func\u021bii publice. Le Pen a mai anun\u021bat c\u0103 Bardella va urma s\u0103 fie premierul s\u0103u.<\/p>\n<p id=\"p-1\">Ea a fost g\u0103sit\u0103 vinovat\u0103 \u00een 2025 pentru deturnare de fonduri ale Parlamentului European.<\/p>\n<p id=\"p-2\">Potrivit acuza\u021biilor, ea ar fi pl\u0103tit asisten\u021bi care lucrau par\u021bial pentru partidul Adunarea Na\u021bional\u0103 \u0219i nu pentru activit\u0103\u021bile Parlamentului European.<\/p>\n<h2 id=\"marine-le-pen-poate-candida-la-presedintia-frantei\" class=\"rb-heading-index-0\">Marine Le Pen poate candida la pre\u0219edin\u021bia Fran\u021bei<\/h2>\n<p id=\"p-3\">Politiciana na\u021bionalist\u0103 \u00een v\u00e2rst\u0103 de 57 de ani ar fi riscat interdic\u021bia de a mai candida la alegerile preziden\u021biale din 2027.<\/p>\n<p id=\"p-4\">Potrivit\u00a0<a href=\"https:\/\/www.nytimes.com\/2026\/07\/07\/world\/europe\/marine-le-pen-verdict-election-ban-appeal.html?smid=fb-nytimes&amp;smtyp=cur\">The New York Times\u00a0<\/a>, ea a fost condamnat\u0103 la trei ani de \u00eenchisoare. Un an urma s\u0103-l execute \u00een arest la domiciliu, cu br\u0103\u021bar\u0103 electronic\u0103, a decis Curtea de Apel din Paris. Politiciana na\u021bionalist\u0103 are dreptul s\u0103 candideze la pre\u0219edin\u021bia Fran\u021bei \u00een 2027.<\/p>\n<h2 id=\"cine-este-pe-primul-loc-in-sondaje\" class=\"rb-heading-index-1\">Cine este pe primul loc \u00een sondaje<\/h2>\n<p id=\"p-5\">Totu\u0219i,\u00a0Marine Le Pen a spus \u00eentr-un interviu pentur BFMTV c\u0103 nu dore\u0219te s\u0103 fac\u0103 campanie electoral\u0103 sub supraveghere electronic\u0103, iar Jordan Bardella, actualul lider al partidului na\u021bionalist Adunarea Na\u021bional\u0103, a declarat luni c\u0103 este \u201ecalm \u0219i preg\u0103tit s\u0103 accepte consecin\u021bele deciziei Cur\u021bii de Apel.<\/p>\n<p id=\"p-6\">Anterior, i s-a aplicat interdic\u021bie s\u0103 ocupe func\u021bii publice timp de 45 de luni, dintre care 30 de luni au fost suspendate. Marine Le Pen a executat 15 luni de pedeaps\u0103 de la 31 martie 2025, fiind eligibil\u0103 s\u0103 candideze la alegerile de anul viitor.<\/p>\n<p id=\"p-7\">Potrivit sondajelor, na\u021bionalistul Jordan Bardella apare pe primul loc, cu peste 30%. El este pre\u0219edintele partidului na\u021bionalist Adunarea Na\u021bional\u0103 din 12 septembrie 2021.<\/p>\n<\/div>\n<\/div>\n<\/div>\n<div class=\"e-shared-sec entry-sec\">\n<div class=\"e-shared-header h4\"><span>Distribuie<\/span><\/div>\n<div class=\"rbbsl tooltips-n effect-fadeout is-bg\"><a class=\"share-action share-trigger icon-facebook\" aria-label=\"Share on Facebook\" href=\"https:\/\/www.facebook.com\/sharer.php?u=https%3A%2F%2Fortodoxinfo.ro%2F2026%2F07%2F08%2Flidera-nationalista-din-franta-marine-le-pen-a-declarat-ca-va-candida-la-presedintie-dupa-ce-o-instanta-i-a-permis-sa-ocupe-functii-publice%2F\" data-title=\"Facebook\" rel=\"nofollow\"><span>Facebook<\/span><\/a><a class=\"share-action share-trigger icon-twitter\" aria-label=\"Share on X\" href=\"https:\/\/twitter.com\/intent\/tweet?text=Lidera+na%C8%9Bionalist%C4%83+din+Fran%C8%9Ba%2C+Marine+Le+Pen%2C+a+declarat+c%C4%83+va+candida+la+pre%C8%99edin%C8%9Bie%2C+dup%C4%83+ce+o+instan%C8%9B%C4%83+i-a+permis+s%C4%83+ocupe+func%C8%9Bii+publice&amp;url=https%3A%2F%2Fortodoxinfo.ro%2F2026%2F07%2F08%2Flidera-nationalista-din-franta-marine-le-pen-a-declarat-ca-va-candida-la-presedintie-dupa-ce-o-instanta-i-a-permis-sa-ocupe-functii-publice%2F&amp;via=ortodoxinforo\" data-title=\"X\" rel=\"nofollow\"><span>X<\/span><\/a><a class=\"share-action icon-whatsapp is-web\" aria-label=\"Share on Whatsapp\" href=\"https:\/\/web.whatsapp.com\/send?text=Lidera+na%C8%9Bionalist%C4%83+din+Fran%C8%9Ba%2C+Marine+Le+Pen%2C+a+declarat+c%C4%83+va+candida+la+pre%C8%99edin%C8%9Bie%2C+dup%C4%83+ce+o+instan%C8%9B%C4%83+i-a+permis+s%C4%83+ocupe+func%C8%9Bii+publice%20%E2%98%9E%20https%3A%2F%2Fortodoxinfo.ro%2F2026%2F07%2F08%2Flidera-nationalista-din-franta-marine-le-pen-a-declarat-ca-va-candida-la-presedintie-dupa-ce-o-instanta-i-a-permis-sa-ocupe-functii-publice%2F\" target=\"_blank\" data-title=\"WhatsApp\" rel=\"nofollow\"><span>Whatsapp<\/span><\/a><a class=\"share-action icon-whatsapp is-mobile\" aria-label=\"Share on Whatsapp\" href=\"\/\/send?text=Lidera+na%C8%9Bionalist%C4%83+din+Fran%C8%9Ba%2C+Marine+Le+Pen%2C+a+declarat+c%C4%83+va+candida+la+pre%C8%99edin%C8%9Bie%2C+dup%C4%83+ce+o+instan%C8%9B%C4%83+i-a+permis+s%C4%83+ocupe+func%C8%9Bii+publice%20%E2%98%9E%20https%3A%2F%2Fortodoxinfo.ro%2F2026%2F07%2F08%2Flidera-nationalista-din-franta-marine-le-pen-a-declarat-ca-va-candida-la-presedintie-dupa-ce-o-instanta-i-a-permis-sa-ocupe-functii-publice%2F\" target=\"_blank\" data-title=\"WhatsApp\" rel=\"nofollow\"><span>Whatsapp<\/span><\/a><a class=\"share-action share-trigger icon-telegram\" aria-label=\"Share on Telegram\" href=\"https:\/\/t.me\/share\/?url=https%3A%2F%2Fortodoxinfo.ro%2F2026%2F07%2F08%2Flidera-nationalista-din-franta-marine-le-pen-a-declarat-ca-va-candida-la-presedintie-dupa-ce-o-instanta-i-a-permis-sa-ocupe-functii-publice%2F&amp;text=Lidera+na%C8%9Bionalist%C4%83+din+Fran%C8%9Ba%2C+Marine+Le+Pen%2C+a+declarat+c%C4%83+va+candida+la+pre%C8%99edin%C8%9Bie%2C+dup%C4%83+ce+o+instan%C8%9B%C4%83+i-a+permis+s%C4%83+ocupe+func%C8%9Bii+publice\" data-title=\"Telegram\" rel=\"nofollow\"><span>Telegram<\/span><\/a><a class=\"share-action icon-copy copy-trigger\" aria-label=\"Copy Link\" href=\"https:\/\/ortodoxinfo.ro\/2026\/07\/08\/lidera-nationalista-din-franta-marine-le-pen-a-declarat-ca-va-candida-la-presedintie-dupa-ce-o-instanta-i-a-permis-sa-ocupe-functii-publice\/\" data-copied=\"Copied!\" data-link=\"https:\/\/ortodoxinfo.ro\/2026\/07\/08\/lidera-nationalista-din-franta-marine-le-pen-a-declarat-ca-va-candida-la-presedintie-dupa-ce-o-instanta-i-a-permis-sa-ocupe-functii-publice\/\" rel=\"nofollow\" data-copy=\"Copy Link\"><span>Copy Link<\/span><\/a><a class=\"share-action icon-print\" aria-label=\"Print\" rel=\"nofollow\" data-title=\"Print\"><span>Print<\/span><\/a><\/div>\n<\/div>\n<\/div>\n<div id=\"tabs\" class=\"dntplgn_form_wrapper\"><span><\/p>\n<h2>\u0218tirile sunt sub cenzur\u0103! Sprijini\u021bi OrtodoxINFO!<\/h2>\n<p>Guvernul nu dore\u0219te aflarea adev\u0103rului despre lovitura de stat \u0219i \u00eengenuncherea Rom\u00e2niei. \u00cencerc\u0103m s\u0103 men\u021binem viu acest site \u0219i s\u0103 v\u0103 punem la dispozi\u021bie informa\u021bii care s\u0103 fac\u0103 lumin\u0103 \u00een cea mai mare provocare pe care o tr\u0103im. Jurnalismul independent al portalului OrtodoxINFO func\u021bioneaz\u0103 strict cu ajutorul cititorilor.<br \/>\nNe pute\u021bi sprijini printr-o <b><a href=\"https:\/\/ortodoxinfo.ro\/donatii\/\">dona\u021bie bancar\u0103<\/a> sau prin PayPal, complet\u00e2nd formularul de mai jos.<\/b><\/span><\/p>\n<ul>\n<li><a href=\"https:\/\/ortodoxinfo.ro\/2026\/07\/08\/lidera-nationalista-din-franta-marine-le-pen-a-declarat-ca-va-candida-la-presedintie-dupa-ce-o-instanta-i-a-permis-sa-ocupe-functii-publice\/#tabs-1\">Dona\u021bie lunar\u0103<\/a><\/li>\n<li><a href=\"https:\/\/ortodoxinfo.ro\/2026\/07\/08\/lidera-nationalista-din-franta-marine-le-pen-a-declarat-ca-va-candida-la-presedintie-dupa-ce-o-instanta-i-a-permis-sa-ocupe-functii-publice\/#tabs-2\">Doar acum<\/a><\/li>\n<\/ul>\n<div id=\"tabs-1\"><img loading=\"lazy\" decoding=\"async\" alt border=\"0\" src=\"https:\/\/www.paypalobjects.com\/en_US\/i\/scr\/pixel.gif\" width=\"1\" height=\"1\"><\/div>\n<div id=\"tabs-2\">\n<p>\t\t     \u20ac<\/p>\n<p>\t\t    <img loading=\"lazy\" decoding=\"async\" alt border=\"0\" src=\"https:\/\/www.paypalobjects.com\/en_US\/i\/scr\/pixel.gif\" width=\"1\" height=\"1\"><\/div>\n<p>Mul\u021bumim celor care ne-au ajutat p\u00e2n\u0103 acum!\n\t<\/p><\/div>\n<div class=\"comment-box-wrap entry-sec\">\n<div class=\"comment-box-header\"><span class=\"h3\">Las\u0103 un comentariu<\/span><\/div>\n<div class=\"comment-holder no-comment\">\n<div id=\"comments\" class=\"comments-area\">\n<div id=\"respond\" class=\"comment-respond\">\n<h3 id=\"reply-title\" class=\"comment-reply-title\">Las\u0103 un r\u0103spuns <small><a rel=\"nofollow\" id=\"cancel-comment-reply-link\" href=\"https:\/\/ortodoxinfo.ro\/2026\/07\/08\/lidera-nationalista-din-franta-marine-le-pen-a-declarat-ca-va-candida-la-presedintie-dupa-ce-o-instanta-i-a-permis-sa-ocupe-functii-publice\/#respond\">Anuleaz\u0103 r\u0103spunsul<\/a><\/small><\/h3>\n<p class=\"comment-notes\"><span id=\"email-notes\">Adresa ta de email nu va fi publicat\u0103.<\/span><span class=\"required-field-message\">C\u00e2mpurile obligatorii sunt marcate cu <span class=\"required\">*<\/span><\/span><\/p>\n<\/div>\n<\/div>\n<\/div>\n<\/div>\n<\/div>\n<div class=\"sidebar-wrap single-sidebar\">\n<div class=\"sidebar-inner clearfix\">\n<div id=\"widget-post-2\" class=\"widget rb-section w-sidebar clearfix widget-post\">\n<div class=\"block-h widget-heading heading-layout-1\">\n<div class=\"heading-inner\">\n<h4 class=\"heading-title\"><span>Articole recente<\/span><\/h4>\n<\/div>\n<\/div>\n<div class=\"widget-p-listing\">\n<div class=\"p-wrap p-small p-list-small-2\" data-pid=\"246611\">\n<div class=\"feat-holder\">\n<div class=\"p-featured ratio-v1\"><a class=\"p-flink\" href=\"https:\/\/ortodoxinfo.ro\/2026\/07\/08\/new-york-times-ucraina-respinge-planul-lui-trump-de-a-pune-capat-razboiului\/\" title=\"New York Times \u2013 Ucraina respinge planul lui Trump de a pune cap\u0103t r\u0103zboiului\"><img decoding=\"async\" width=\"150\" height=\"150\" src=\"https:\/\/ortodoxinfo.ro\/wp-content\/uploads\/2026\/07\/new-york-times-ucraina-respinge-planul-lui-trump-de-a-pune-capat-razboiului-83666-150x150.png\" class=\"featured-img wp-post-image\" alt loading=\"lazy\"><\/a><\/div>\n<\/div>\n<div class=\"p-content\">\n<h5 class=\"entry-title\"><a class=\"p-url\" href=\"https:\/\/ortodoxinfo.ro\/2026\/07\/08\/new-york-times-ucraina-respinge-planul-lui-trump-de-a-pune-capat-razboiului\/\" rel=\"bookmark\">New York Times \u2013 Ucraina respinge planul lui Trump de a pune cap\u0103t r\u0103zboiului<\/a><\/h5>\n<div class=\"p-meta\">\n<div class=\"meta-inner is-meta\"><span class=\"meta-el meta-date\"><time datetime=\"2026-07-08T16:10:48+03:00\">8 iulie 2026<\/time><\/span><span class=\"meta-el meta-category meta-bold\"><a class=\"meta-separate category-15871\" href=\"https:\/\/ortodoxinfo.ro\/category\/anti-sistem\/al-iii-lea-razboi-mondial\/ucraina\/\">Ucraina<\/a><\/span><span class=\"meta-el meta-view\">7.2k vizualiz\u0103ri\t\t<\/span><\/div>\n<\/div>\n<\/div>\n<\/div>\n<div class=\"p-wrap p-small p-list-small-2\" data-pid=\"246474\">\n<div class=\"feat-holder\">\n<div class=\"p-featured ratio-v1\"><a class=\"p-flink\" href=\"https:\/\/ortodoxinfo.ro\/2026\/07\/08\/dungaciu-explica-miza-din-spatele-banilor-pentru-armata-nato-inseamna-america-si-donald-trump\/\" title=\"Dungaciu explic\u0103 miza din spatele banilor pentru armat\u0103: \u201eNATO \u00eenseamn\u0103 America \u0219i Donald Trump\u201d\"><img decoding=\"async\" width=\"150\" height=\"150\" src=\"https:\/\/ortodoxinfo.ro\/wp-content\/uploads\/2026\/07\/2-5-150x150.png\" class=\"featured-img wp-post-image\" alt loading=\"lazy\"><\/a><\/div>\n<\/div>\n<div class=\"p-content\">\n<h5 class=\"entry-title\"><a class=\"p-url\" href=\"https:\/\/ortodoxinfo.ro\/2026\/07\/08\/dungaciu-explica-miza-din-spatele-banilor-pentru-armata-nato-inseamna-america-si-donald-trump\/\" rel=\"bookmark\">Dungaciu explic\u0103 miza din spatele banilor pentru armat\u0103: \u201eNATO \u00eenseamn\u0103 America \u0219i Donald Trump\u201d<\/a><\/h5>\n<div class=\"p-meta\">\n<div class=\"meta-inner is-meta\"><span class=\"meta-el meta-date\"><time datetime=\"2026-07-08T08:25:13+03:00\">8 iulie 2026<\/time><\/span><span class=\"meta-el meta-category meta-bold\"><a class=\"meta-separate category-1538\" href=\"https:\/\/ortodoxinfo.ro\/category\/anti-sistem\/uniunea-europeana\/\">Uniunea european\u0103<\/a><\/span><span class=\"meta-el meta-view\">5.2k vizualiz\u0103ri\t\t<\/span><\/div>\n<\/div>\n<\/div>\n<\/div>\n<div class=\"p-wrap p-small p-list-small-2\" data-pid=\"246445\">\n<div class=\"feat-holder\">\n<div class=\"p-featured ratio-v1\"><a class=\"p-flink\" href=\"https:\/\/ortodoxinfo.ro\/2026\/07\/08\/zelenski-cere-din-nou-aderarea-in-nato-sustine-ca-ucraina-ar-aduce-avantaje-extraordinare\/\" title=\"Zelenski cere din nou aderarea \u00een NATO. Sus\u021bine c\u0103 Ucraina ar aduce avantaje \u201eextraordinare\u201d\"><img decoding=\"async\" width=\"150\" height=\"150\" src=\"https:\/\/ortodoxinfo.ro\/wp-content\/uploads\/2026\/07\/1783460059_zelenski-volodimir-150x150.jpg\" class=\"featured-img wp-post-image\" alt loading=\"lazy\"><\/a><\/div>\n<\/div>\n<div class=\"p-content\">\n<h5 class=\"entry-title\"><a class=\"p-url\" href=\"https:\/\/ortodoxinfo.ro\/2026\/07\/08\/zelenski-cere-din-nou-aderarea-in-nato-sustine-ca-ucraina-ar-aduce-avantaje-extraordinare\/\" rel=\"bookmark\">Zelenski cere din nou aderarea \u00een NATO. Sus\u021bine c\u0103 Ucraina ar aduce avantaje \u201eextraordinare\u201d<\/a><\/h5>\n<div class=\"p-meta\">\n<div class=\"meta-inner is-meta\"><span class=\"meta-el meta-date\"><time datetime=\"2026-07-08T00:45:54+03:00\">8 iulie 2026<\/time><\/span><span class=\"meta-el meta-category meta-bold\"><a class=\"meta-separate category-15871\" href=\"https:\/\/ortodoxinfo.ro\/category\/anti-sistem\/al-iii-lea-razboi-mondial\/ucraina\/\">Ucraina<\/a><\/span><span class=\"meta-el meta-view\">3.3k vizualiz\u0103ri\t\t<\/span><\/div>\n<\/div>\n<\/div>\n<\/div>\n<div class=\"p-wrap p-small p-list-small-2\" data-pid=\"246391\">\n<div class=\"feat-holder\">\n<div class=\"p-featured ratio-v1\"><a class=\"p-flink\" href=\"https:\/\/ortodoxinfo.ro\/2026\/07\/07\/guvernul-din-ungaria-a-ordonat-oprirea-emisiei-televiziunii-publice-si-radioului-pe-motiv-ca-fac-propaganda\/\" title=\"Guvernul din Ungaria a ordonat oprirea emisiei televiziunii publice \u0219i radioului, pe motiv c\u0103 fac propagand\u0103\"><img decoding=\"async\" width=\"150\" height=\"150\" src=\"https:\/\/ortodoxinfo.ro\/wp-content\/uploads\/2026\/07\/peter-magyar-e1779390157664-150x150.png\" class=\"featured-img wp-post-image\" alt loading=\"lazy\"><\/a><\/div>\n<\/div>\n<div class=\"p-content\">\n<h5 class=\"entry-title\"><a class=\"p-url\" href=\"https:\/\/ortodoxinfo.ro\/2026\/07\/07\/guvernul-din-ungaria-a-ordonat-oprirea-emisiei-televiziunii-publice-si-radioului-pe-motiv-ca-fac-propaganda\/\" rel=\"bookmark\">Guvernul din Ungaria a ordonat oprirea emisiei televiziunii publice \u0219i radioului, pe motiv c\u0103 fac propagand\u0103<\/a><\/h5>\n<div class=\"p-meta\">\n<div class=\"meta-inner is-meta\"><span class=\"meta-el meta-date\"><time datetime=\"2026-07-07T23:06:22+03:00\">7 iulie 2026<\/time><\/span><span class=\"meta-el meta-category meta-bold\"><a class=\"meta-separate category-1596\" href=\"https:\/\/ortodoxinfo.ro\/category\/anti-sistem\/big-brother\/\">Big brother<\/a><\/span><span class=\"meta-el meta-view\">8.5k vizualiz\u0103ri\t\t<\/span><\/div>\n<\/div>\n<\/div>\n<\/div>\n<\/div>\n<\/div>\n<div id=\"custom_html-2\" class=\"widget_text widget rb-section w-sidebar clearfix widget_custom_html\">\n<div class=\"block-h widget-heading heading-layout-1\">\n<div class=\"heading-inner\">\n<h4 class=\"heading-title\"><span>DONA\u021aII \u00een cont bancar<\/span><\/h4>\n<\/div>\n<\/div>\n<div class=\"textwidget custom-html-widget\">\n<table class=\"donatii\">\n<tbody>\n<tr>\n<th colspan=\"2\"><strong><span>Asicia\u021bia SMI-B<\/span><\/strong><\/th>\n<\/tr>\n<tr>\n<th>Cont LEI<\/th>\n<td>RO67CECEB00030RON2081955<\/td>\n<\/tr>\n<tr>\n<th>Cont EURO<\/th>\n<td>RO33CECEB000C1EUR2081978<\/td>\n<\/tr>\n<tr>\n<th>Cod SWIFT<\/th>\n<td>CECEROBU<\/td>\n<\/tr>\n<tr>\n<th colspan=\"2\"><strong>CEC BANK SA<\/strong><\/th>\n<\/tr>\n<\/tbody>\n<\/table>\n<\/div>\n<\/div>\n<\/div>\n<\/div>\n<\/div>\n<\/article>\n<div class=\"entry-content rbct clearfix is-highlight-shares\">\n<div class=\"ruby-table-contents rbtoc table-left table-fw-single-col\">\n<div class=\"toc-header\"><span class=\"h3\">Sumar<\/span><\/div>\n<div class=\"toc-content h5\"><a href=\"https:\/\/ortodoxinfo.ro\/2026\/07\/08\/lidera-nationalista-din-franta-marine-le-pen-a-declarat-ca-va-candida-la-presedintie-dupa-ce-o-instanta-i-a-permis-sa-ocupe-functii-publice\/#marine-le-pen-poate-candida-la-presedintia-frantei\" class=\"table-link no-link anchor-link\" data-index=\"rb-heading-index-0\">Marine Le Pen poate candida la pre\u0219edin\u021bia Fran\u021bei<\/a><a href=\"https:\/\/ortodoxinfo.ro\/2026\/07\/08\/lidera-nationalista-din-franta-marine-le-pen-a-declarat-ca-va-candida-la-presedintie-dupa-ce-o-instanta-i-a-permis-sa-ocupe-functii-publice\/#cine-este-pe-primul-loc-in-sondaje\" class=\"table-link no-link anchor-link\" data-index=\"rb-heading-index-1\">Cine este pe primul loc \u00een sondaje<\/a><\/div>\n<\/div>\n<p>Marine Le Pen, reprezentanta na\u021bionali\u0219tilor din Parlamentul Fran\u021bei \u0219i lidera opozi\u021biei, vrea s\u0103 candideze la pre\u0219edin\u021bia Fran\u021bei de anul viitor. Anun\u021bul ei a venit exact \u00een ziua \u00een care o instan\u021b\u0103 din Fran\u021ba i-a acordat dreptul de a candida pentru func\u021bii publice. Le Pen a mai anun\u021bat c\u0103 Bardella va urma s\u0103 fie premierul s\u0103u.<\/p>\n<p id=\"p-1\">Ea a fost g\u0103sit\u0103 vinovat\u0103 \u00een 2025 pentru deturnare de fonduri ale Parlamentului European.<\/p>\n<p id=\"p-2\">Potrivit acuza\u021biilor, ea ar fi pl\u0103tit asisten\u021bi care lucrau par\u021bial pentru partidul Adunarea Na\u021bional\u0103 \u0219i nu pentru activit\u0103\u021bile Parlamentului European.<\/p>\n<h2 id=\"marine-le-pen-poate-candida-la-presedintia-frantei\" class=\"rb-heading-index-0\">Marine Le Pen poate candida la pre\u0219edin\u021bia Fran\u021bei<\/h2>\n<p id=\"p-3\">Politiciana na\u021bionalist\u0103 \u00een v\u00e2rst\u0103 de 57 de ani ar fi riscat interdic\u021bia de a mai candida la alegerile preziden\u021biale din 2027.<\/p>\n<p id=\"p-4\">Potrivit\u00a0<a href=\"https:\/\/www.nytimes.com\/2026\/07\/07\/world\/europe\/marine-le-pen-verdict-election-ban-appeal.html?smid=fb-nytimes&amp;smtyp=cur\">The New York Times\u00a0<\/a>, ea a fost condamnat\u0103 la trei ani de \u00eenchisoare. Un an urma s\u0103-l execute \u00een arest la domiciliu, cu br\u0103\u021bar\u0103 electronic\u0103, a decis Curtea de Apel din Paris. Politiciana na\u021bionalist\u0103 are dreptul s\u0103 candideze la pre\u0219edin\u021bia Fran\u021bei \u00een 2027.<\/p>\n<h2 id=\"cine-este-pe-primul-loc-in-sondaje\" class=\"rb-heading-index-1\">Cine este pe primul loc \u00een sondaje<\/h2>\n<p id=\"p-5\">Totu\u0219i,\u00a0Marine Le Pen a spus \u00eentr-un interviu pentur BFMTV c\u0103 nu dore\u0219te s\u0103 fac\u0103 campanie electoral\u0103 sub supraveghere electronic\u0103, iar Jordan Bardella, actualul lider al partidului na\u021bionalist Adunarea Na\u021bional\u0103, a declarat luni c\u0103 este \u201ecalm \u0219i preg\u0103tit s\u0103 accepte consecin\u021bele deciziei Cur\u021bii de Apel.<\/p>\n<p id=\"p-6\">Anterior, i s-a aplicat interdic\u021bie s\u0103 ocupe func\u021bii publice timp de 45 de luni, dintre care 30 de luni au fost suspendate. Marine Le Pen a executat 15 luni de pedeaps\u0103 de la 31 martie 2025, fiind eligibil\u0103 s\u0103 candideze la alegerile de anul viitor.<\/p>\n<p id=\"p-7\">Potrivit sondajelor, na\u021bionalistul Jordan Bardella apare pe primul loc, cu peste 30%. El este pre\u0219edintele partidului na\u021bionalist Adunarea Na\u021bional\u0103 din 12 septembrie 2021.<\/p>\n<\/div>\n<p>[analyse_source url=&#8221;https:\/\/ortodoxinfo.ro\/2026\/07\/08\/lidera-nationalista-din-franta-marine-le-pen-a-declarat-ca-va-candida-la-presedintie-dupa-ce-o-instanta-i-a-permis-sa-ocupe-functii-publice\/&#8221;]<\/p>\n","protected":false},"excerpt":{"rendered":"<p>[analyse_image type=&#8221;featured&#8221; src=&#8221;https:\/\/ortodoxinfo.ro\/wp-content\/uploads\/2026\/07\/hepta_8835720-scaled.jpghttps:\/\/ortodoxinfo.ro\/wp-content\/uploads\/2026\/07\/hepta_8835720-scaled.jpg&#8221;] Prima pagin\u0103 \u00bb Blog \u00bb Lidera na\u021bionalist\u0103 din Fran\u021ba, Marine Le Pen, a declarat c\u0103 va candida la pre\u0219edin\u021bie, dup\u0103 ce o instan\u021b\u0103 i-a permis s\u0103 ocupe func\u021bii publice Lidera na\u021bionalist\u0103 din Fran\u021ba, Marine Le Pen, a declarat c\u0103 va candida la pre\u0219edin\u021bie, dup\u0103 ce o instan\u021b\u0103 i-a permis s\u0103 ocupe func\u021bii [&hellip;]<\/p>\n","protected":false},"author":1,"featured_media":0,"comment_status":"open","ping_status":"","sticky":false,"template":"","format":"standard","meta":{"footnotes":""},"categories":[89],"tags":[226,94],"class_list":["post-2034172","post","type-post","status-publish","format-standard","hentry","category-romania","tag-crawlmanager","tag-ortodoxinfo-ro"],"_links":{"self":[{"href":"https:\/\/analyse.optim.biz\/index.php?rest_route=\/wp\/v2\/posts\/2034172","targetHints":{"allow":["GET"]}}],"collection":[{"href":"https:\/\/analyse.optim.biz\/index.php?rest_route=\/wp\/v2\/posts"}],"about":[{"href":"https:\/\/analyse.optim.biz\/index.php?rest_route=\/wp\/v2\/types\/post"}],"author":[{"embeddable":true,"href":"https:\/\/analyse.optim.biz\/index.php?rest_route=\/wp\/v2\/users\/1"}],"replies":[{"embeddable":true,"href":"https:\/\/analyse.optim.biz\/index.php?rest_route=%2Fwp%2Fv2%2Fcomments&post=2034172"}],"version-history":[{"count":0,"href":"https:\/\/analyse.optim.biz\/index.php?rest_route=\/wp\/v2\/posts\/2034172\/revisions"}],"wp:attachment":[{"href":"https:\/\/analyse.optim.biz\/index.php?rest_route=%2Fwp%2Fv2%2Fmedia&parent=2034172"}],"wp:term":[{"taxonomy":"category","embeddable":true,"href":"https:\/\/analyse.optim.biz\/index.php?rest_route=%2Fwp%2Fv2%2Fcategories&post=2034172"},{"taxonomy":"post_tag","embeddable":true,"href":"https:\/\/analyse.optim.biz\/index.php?rest_route=%2Fwp%2Fv2%2Ftags&post=2034172"}],"curies":[{"name":"wp","href":"https:\/\/api.w.org\/{rel}","templated":true}]}}