{"id":2034170,"date":"2026-07-08T05:52:55","date_gmt":"2026-07-08T02:52:55","guid":{"rendered":"https:\/\/analyse.optim.biz\/?p=2034170"},"modified":"2026-07-08T05:52:55","modified_gmt":"2026-07-08T02:52:55","slug":"dungaciu-explica-miza-din-spatele-banilor-pentru-armata-nato-inseamna-america-si-donald-trump","status":"publish","type":"post","link":"https:\/\/analyse.optim.biz\/?p=2034170","title":{"rendered":"Dungaciu explic\u0103 miza din spatele banilor pentru armat\u0103: \u201eNATO \u00eenseamn\u0103 America \u0219i Donald Trump\u201d"},"content":{"rendered":"<p>[analyse_image type=&#8221;featured&#8221; src=&#8221;https:\/\/ortodoxinfo.ro\/wp-content\/uploads\/2026\/07\/2-5.pnghttps:\/\/ortodoxinfo.ro\/wp-content\/uploads\/2026\/07\/2-5.png&#8221;]<\/p>\n<article id=\"post-246474\" class=\"post-246474 post type-post status-publish format-standard has-post-thumbnail category-uniunea-europeana tag-dan-dungaciu tag-nato\">\n<header class=\"single-header\">\n<aside class=\"breadcrumb-wrap breadcrumb-yoast s-breadcrumb\">\n<div class=\"breadcrumb-inner\"><span><span><a href=\"https:\/\/ortodoxinfo.ro\/\">Prima pagin\u0103<\/a><\/span> \u00bb <span><a href=\"https:\/\/ortodoxinfo.ro\/blog\/\">Blog<\/a><\/span> \u00bb <span class=\"breadcrumb_last\" aria-current=\"page\">Dungaciu explic\u0103 miza din spatele banilor pentru armat\u0103: \u201eNATO \u00eenseamn\u0103 America \u0219i Donald Trump\u201d<\/span><\/span><\/div>\n<\/aside>\n<h1 class=\"s-title fw-headline\">Dungaciu explic\u0103 miza din spatele banilor pentru armat\u0103: \u201eNATO \u00eenseamn\u0103 America \u0219i Donald Trump\u201d<\/h1>\n<div class=\"single-meta meta-s-default yes-0\">\n<div class=\"smeta-in\"><a class=\"meta-el meta-avatar\" href=\"https:\/\/ortodoxinfo.ro\/author\/redactor\/\"><img loading=\"lazy\" decoding=\"async\" alt=\"OrtodoxINFO\" src=\"https:\/\/secure.gravatar.com\/avatar\/21010332354a182ce4de6016685c5586f21c51866d0ec5bc8ef383240b3c3e02?s=120&amp;r=g\" class=\"avatar avatar-120 photo\" height=\"120\" width=\"120\"><\/a><\/p>\n<div class=\"smeta-sec\">\n<div class=\"p-meta\">\n<div class=\"meta-inner is-meta\"><span class=\"meta-el meta-date\"><time datetime=\"2026-07-08T08:25:13+03:00\">8 iulie 2026<\/time><\/span><span class=\"meta-el meta-category meta-bold\"><a class=\"meta-separate category-1538\" href=\"https:\/\/ortodoxinfo.ro\/category\/anti-sistem\/uniunea-europeana\/\">Uniunea european\u0103<\/a><\/span><span class=\"meta-el meta-view\">5.2k vizualiz\u0103ri\t\t<\/span><span class=\"meta-el meta-comment mobile-last-meta tablet-last-meta\"><a href=\"https:\/\/ortodoxinfo.ro\/2026\/07\/08\/dungaciu-explica-miza-din-spatele-banilor-pentru-armata-nato-inseamna-america-si-donald-trump\/#respond\">Comentarii<\/a><\/span><\/div>\n<\/div>\n<\/div>\n<\/div>\n<div class=\"smeta-extra\">\n<div class=\"t-shared-sec tooltips-n has-read-meta is-color\">\n<div class=\"t-shared-header is-meta\"><span class=\"share-label\">Share<\/span><\/div>\n<\/div>\n<div class=\"single-right-meta single-time-read is-meta\"><span class=\"meta-el meta-read\">4 Min Read<\/span><\/div>\n<\/div>\n<\/div>\n<\/header>\n<div class=\"grid-container\">\n<div class=\"s-ct\">\n<div class=\"s-feat-outer\">\n<div class=\"s-feat\">\n<div class=\"featured-lightbox-trigger\" data-source=\"https:\/\/ortodoxinfo.ro\/wp-content\/uploads\/2026\/07\/2-5.png\" data-caption data-attribution><img fetchpriority=\"high\" decoding=\"async\" width=\"820\" height=\"460\" src=\"https:\/\/ortodoxinfo.ro\/wp-content\/uploads\/2026\/07\/2-5.png\" class=\"attachment-foxiz_crop_o1 size-foxiz_crop_o1 wp-post-image\" alt loading=\"eager\"><\/div>\n<\/div>\n<\/div>\n<div class=\"s-ct-wrap has-lsl\">\n<div class=\"s-ct-inner\">\n<div class=\"l-shared-sec-outer show-mobile\">\n<div class=\"l-shared-sec\">\n<div class=\"l-shared-header meta-text\"><span class=\"share-label\">SHARE<\/span><\/div>\n<\/div>\n<\/div>\n<div class=\"e-ct-outer\">\n<div class=\"entry-top\">\n<div id=\"custom_html-3\" class=\"widget_text widget entry-widget clearfix widget_custom_html\">\n<div class=\"textwidget custom-html-widget\">\n<div><small><br \/>\n    OrtodoxINFO este supus unui sabotaj sistematic din partea reprezentan\u021bilor Google Rom\u00e2nia, at\u00e2t la afi\u0219\u0103ri c\u00e2t \u0219i \u00een rezultatele de c\u0103utare.<br \/>\n        Astfel c\u0103 veniturile din publicitate au sc\u0103zut de p\u00e2n\u0103 la <strong>10 ori<\/strong>. Situa\u021bia este similar\u0103 \u0219i pe Facebook.<\/p>\n<p>        V\u0103 invit\u0103m s\u0103 accesa\u021bi direct site-ul \u0219i s\u0103 v\u0103 abona\u021bi la notific\u0103ri.<\/p>\n<p>    Dac\u0103 dori\u021bi s\u0103 ne sus\u021bine\u021bi \u00een aceast\u0103 perioad\u0103 dificil\u0103, orice <a href=\"https:\/\/ortodoxinfo.ro\/donatii\/\">dona\u021bie<\/a> este binevenit\u0103.<br \/>\n    Dumnezeu s\u0103 v\u0103 r\u0103spl\u0103teasc\u0103!<br \/>\n<\/small><\/div>\n<\/div>\n<\/div>\n<\/div>\n<div class=\"entry-content rbct clearfix is-highlight-shares\">\n<div class=\"ruby-table-contents rbtoc table-left table-fw-single-col\">\n<div class=\"toc-header\"><span class=\"h3\">Sumar<\/span><\/div>\n<div class=\"toc-content h5\"><a href=\"https:\/\/ortodoxinfo.ro\/2026\/07\/08\/dungaciu-explica-miza-din-spatele-banilor-pentru-armata-nato-inseamna-america-si-donald-trump\/#in-europa-exista-mai-multe-tabere-si-mai-multe-viziuni-inclusiv-despre-securitate\" class=\"table-link no-link anchor-link\" data-index=\"rb-heading-index-0\">\u201e\u00cen Europa exist\u0103 mai multe tabere \u0219i mai multe viziuni, inclusiv despre securitate\u201d<\/a><a href=\"https:\/\/ortodoxinfo.ro\/2026\/07\/08\/dungaciu-explica-miza-din-spatele-banilor-pentru-armata-nato-inseamna-america-si-donald-trump\/#cele-6-tabere-cu-viziuni-diferite\" class=\"table-link no-link anchor-link\" data-index=\"rb-heading-index-1\">Cele 6 tabere cu viziuni diferite<\/a><a href=\"https:\/\/ortodoxinfo.ro\/2026\/07\/08\/dungaciu-explica-miza-din-spatele-banilor-pentru-armata-nato-inseamna-america-si-donald-trump\/#nationalistii-trumpistii-si-cei-care-nu-vor-nimic\" class=\"table-link no-link anchor-link\" data-index=\"rb-heading-index-2\">\u201eNa\u021bionali\u0219tii, trumpi\u0219tii \u0219i cei care nu vor nimic\u201d<\/a><\/div>\n<\/div>\n<p id=\"p-0\">Dan Dungaciu a explicat c\u0103 NATO st\u0103 c\u00e2t mai aproape de America pentru a-\u0219i dezvolta capacit\u0103\u021bile de ap\u0103rare. Sociologul a analizat \u0219i taberele care s-au format \u00een urma viziunilor politice, la nivel european.<\/p>\n<h2 id=\"in-europa-exista-mai-multe-tabere-si-mai-multe-viziuni-inclusiv-despre-securitate\" class=\"rb-heading-index-0\">\u201e\u00cen Europa exist\u0103 mai multe tabere \u0219i mai multe viziuni, inclusiv despre securitate\u201d<\/h2>\n<p id=\"p-1\">Invitat la Marius Tuc\u0103 Show, sociologul subliniaz\u0103 c\u0103 interesul NATO este de a-i \u021bine aproape pe americani pentru a-\u0219i dezvolta capabilit\u0103\u021bile. De asemenea, afirm\u0103 c\u0103 \u00een urma evalu\u0103rilor f\u0103cute de c\u0103tre CAE, \u00een Europa exist\u0103 mai multe grupuri cu viziuni diferite.<\/p>\n<blockquote>\n<p id=\"p-8\"><em>\u201eEi spun c\u0103 noi \u00eei p\u0103c\u0103lim pe americani s\u0103-i mai \u021binem l\u00e2ng\u0103 noi p\u00e2n\u0103 c\u00e2nd noi ne dezvolt\u0103m capabilit\u0103\u021bile. Toat\u0103 lumea spune acum 5% NATO, dar de fapt unii se g\u00e2ndesc c\u0103 noi investim pentru Europa, pentru viitoarea armat\u0103, al\u021bii spun c\u0103 investim pentru NATO. Dup\u0103 evalu\u0103rile f\u0103cute de c\u0103tre Consiliul European pentru Afaceri Interna\u021bionale, \u00een Europa exist\u0103 mai multe tabere \u0219i mai multe viziuni, inclusiv despre securitate,\u201d a declarat analistul.<\/em><\/p>\n<\/blockquote>\n<h2 id=\"cele-6-tabere-cu-viziuni-diferite\" class=\"rb-heading-index-1\">Cele 6 tabere cu viziuni diferite<\/h2>\n<p id=\"p-9\">Dungaciu afirm\u0103 c\u0103 evalu\u0103rile au fost f\u0103cute \u00een func\u021bie de trei criterii: sprijinul acordat rela\u021biei SUA, atitudinea fa\u021b\u0103 de UE \u0219i atitudinea fa\u021b\u0103 de \u00eenarmare. Analistul prezint\u0103 faptul c\u0103 din aceste trei criterii a rezultat \u0219ase categorii de grupuri sociale. El explic\u0103 faptul c\u0103 prima categorie numit\u0103 \u201evulturii europeni\u201d are cel mai mare procentaj de 30%, urmat\u0103 de \u201eporumbeii europeni\u201d cu 25%. A treia categorie este cea tradi\u021bional\u0103, care are doar 10%.<\/p>\n<blockquote>\n<p id=\"p-10\"><em>\u201eS-au f\u0103cut evalu\u0103ri \u00een func\u021bie de trei lucruri: sprijin\u0103 rela\u021bia cu America, atitudinea fa\u021b\u0103 de Uniunea European\u0103 \u0219i atitudinea fa\u021b\u0103 de \u00eenarmare. Au zis c\u0103 exist\u0103 prima categorie care este anti-american\u0103, pro-Europa \u0219i pro-\u00eenarmare, a\u0219a numi\u021bii vulturi europeni, despre care vorbim noi acum, cu Europa Unit\u0103. \u0102\u0219tia zic ei, c\u0103 ar fi vreo 30% din Europa. A doua categorie spune: nu \u00eei iubim pe americanii din Europa, dar nu vrem s\u0103 ne \u00eenarm\u0103m. Ace\u0219tia sunt numi\u021bi porumbeii europeni \u0219i sunt undeva pe la 25%-27%. A treia categorie este cea tradi\u021bional\u0103. Ei sunt pu\u021bini, 10%-12%,\u201d a declarat sociologul.<\/em><\/p>\n<\/blockquote>\n<h2 id=\"nationalistii-trumpistii-si-cei-care-nu-vor-nimic\" class=\"rb-heading-index-2\">\u201eNa\u021bionali\u0219tii, trumpi\u0219tii \u0219i cei care nu vor nimic\u201d<\/h2>\n<p id=\"p-11\">Ultimele trei categorii sunt: \u201ena\u021bionali\u0219tii puri\u201d, \u201etrumpi\u0219tii\u201d \u0219i \u201ecei care nu vor nimic\u201d se afl\u0103 \u00eentr-un procentaj aproximativ de 10% fiecare.<\/p>\n<blockquote>\n<p id=\"p-12\"><em>\u201eA patra categorie sunt europenii care nu iubesc America, nu iubesc Europa \u0219i vor s\u0103 se \u00eenarmeze. \u0102\u0219tia sunt na\u021bionali\u0219tii puri \u0219i duri. Nu iubesc nimic, dar vor s\u0103 se \u00eenarmeze. A cincea categorie spun c\u0103 \u00eei iubesc pe americani, nu iubesc Europa \u0219i vor s\u0103 se \u00eenarmeze. \u0102ia sunt trumpi\u0219ti, \u0219i asta e o categorie bine reprezentat\u0103. A \u0219asea categorie este: nu \u00eei iubim nici pe americani, nici pe europeni, nu vrem s\u0103 ne \u00eenarm\u0103m. \u0102ia care nu mai vor nimic,\u201d a declarat Dungaciu.<\/em><\/p>\n<\/blockquote>\n<p id=\"p-13\" data-pm-slice=\"1 1 []\">Studiul realizat de Consiliul European pentru Afaceri Interna\u021bionale, \u00een februarie 2026, a analizat atitudinea europenilor fa\u021b\u0103 de rela\u021bia cu SUA \u0219i fa\u021b\u0103 de cre\u0219terea cheltuielilor pentru ap\u0103rare.<\/p>\n<\/div>\n<div class=\"efoot efoot-commas h5\">\n<div class=\"efoot-bar tag-bar\"><span class=\"blabel is-meta\">TAGGED:<\/span><a href=\"https:\/\/ortodoxinfo.ro\/tag\/dan-dungaciu\/\" rel=\"tag\">Dan Dungaciu<\/a><a href=\"https:\/\/ortodoxinfo.ro\/tag\/nato\/\" rel=\"tag\">NATO<\/a><\/div>\n<\/div>\n<\/div>\n<\/div>\n<div class=\"e-shared-sec entry-sec\">\n<div class=\"e-shared-header h4\"><span>Distribuie<\/span><\/div>\n<div class=\"rbbsl tooltips-n effect-fadeout is-bg\"><a class=\"share-action share-trigger icon-facebook\" aria-label=\"Share on Facebook\" href=\"https:\/\/www.facebook.com\/sharer.php?u=https%3A%2F%2Fortodoxinfo.ro%2F2026%2F07%2F08%2Fdungaciu-explica-miza-din-spatele-banilor-pentru-armata-nato-inseamna-america-si-donald-trump%2F\" data-title=\"Facebook\" rel=\"nofollow\"><span>Facebook<\/span><\/a><a class=\"share-action share-trigger icon-twitter\" aria-label=\"Share on X\" href=\"https:\/\/twitter.com\/intent\/tweet?text=Dungaciu+explic%C4%83+miza+din+spatele+banilor+pentru+armat%C4%83%3A+%E2%80%9ENATO+%C3%AEnseamn%C4%83+America+%C8%99i+Donald+Trump%E2%80%9D&amp;url=https%3A%2F%2Fortodoxinfo.ro%2F2026%2F07%2F08%2Fdungaciu-explica-miza-din-spatele-banilor-pentru-armata-nato-inseamna-america-si-donald-trump%2F&amp;via=ortodoxinforo\" data-title=\"X\" rel=\"nofollow\"><span>X<\/span><\/a><a class=\"share-action icon-whatsapp is-web\" aria-label=\"Share on Whatsapp\" href=\"https:\/\/web.whatsapp.com\/send?text=Dungaciu+explic%C4%83+miza+din+spatele+banilor+pentru+armat%C4%83%3A+%E2%80%9ENATO+%C3%AEnseamn%C4%83+America+%C8%99i+Donald+Trump%E2%80%9D%20%E2%98%9E%20https%3A%2F%2Fortodoxinfo.ro%2F2026%2F07%2F08%2Fdungaciu-explica-miza-din-spatele-banilor-pentru-armata-nato-inseamna-america-si-donald-trump%2F\" target=\"_blank\" data-title=\"WhatsApp\" rel=\"nofollow\"><span>Whatsapp<\/span><\/a><a class=\"share-action icon-whatsapp is-mobile\" aria-label=\"Share on Whatsapp\" href=\"\/\/send?text=Dungaciu+explic%C4%83+miza+din+spatele+banilor+pentru+armat%C4%83%3A+%E2%80%9ENATO+%C3%AEnseamn%C4%83+America+%C8%99i+Donald+Trump%E2%80%9D%20%E2%98%9E%20https%3A%2F%2Fortodoxinfo.ro%2F2026%2F07%2F08%2Fdungaciu-explica-miza-din-spatele-banilor-pentru-armata-nato-inseamna-america-si-donald-trump%2F\" target=\"_blank\" data-title=\"WhatsApp\" rel=\"nofollow\"><span>Whatsapp<\/span><\/a><a class=\"share-action share-trigger icon-telegram\" aria-label=\"Share on Telegram\" href=\"https:\/\/t.me\/share\/?url=https%3A%2F%2Fortodoxinfo.ro%2F2026%2F07%2F08%2Fdungaciu-explica-miza-din-spatele-banilor-pentru-armata-nato-inseamna-america-si-donald-trump%2F&amp;text=Dungaciu+explic%C4%83+miza+din+spatele+banilor+pentru+armat%C4%83%3A+%E2%80%9ENATO+%C3%AEnseamn%C4%83+America+%C8%99i+Donald+Trump%E2%80%9D\" data-title=\"Telegram\" rel=\"nofollow\"><span>Telegram<\/span><\/a><a class=\"share-action icon-copy copy-trigger\" aria-label=\"Copy Link\" href=\"https:\/\/ortodoxinfo.ro\/2026\/07\/08\/dungaciu-explica-miza-din-spatele-banilor-pentru-armata-nato-inseamna-america-si-donald-trump\/\" data-copied=\"Copied!\" data-link=\"https:\/\/ortodoxinfo.ro\/2026\/07\/08\/dungaciu-explica-miza-din-spatele-banilor-pentru-armata-nato-inseamna-america-si-donald-trump\/\" rel=\"nofollow\" data-copy=\"Copy Link\"><span>Copy Link<\/span><\/a><a class=\"share-action icon-print\" aria-label=\"Print\" rel=\"nofollow\" data-title=\"Print\"><span>Print<\/span><\/a><\/div>\n<\/div>\n<\/div>\n<div id=\"tabs\" class=\"dntplgn_form_wrapper\"><span><\/p>\n<h2>\u0218tirile sunt sub cenzur\u0103! Sprijini\u021bi OrtodoxINFO!<\/h2>\n<p>Guvernul nu dore\u0219te aflarea adev\u0103rului despre lovitura de stat \u0219i \u00eengenuncherea Rom\u00e2niei. \u00cencerc\u0103m s\u0103 men\u021binem viu acest site \u0219i s\u0103 v\u0103 punem la dispozi\u021bie informa\u021bii care s\u0103 fac\u0103 lumin\u0103 \u00een cea mai mare provocare pe care o tr\u0103im. Jurnalismul independent al portalului OrtodoxINFO func\u021bioneaz\u0103 strict cu ajutorul cititorilor.<br \/>\nNe pute\u021bi sprijini printr-o <b><a href=\"https:\/\/ortodoxinfo.ro\/donatii\/\">dona\u021bie bancar\u0103<\/a> sau prin PayPal, complet\u00e2nd formularul de mai jos.<\/b><\/span><\/p>\n<ul>\n<li><a href=\"https:\/\/ortodoxinfo.ro\/2026\/07\/08\/dungaciu-explica-miza-din-spatele-banilor-pentru-armata-nato-inseamna-america-si-donald-trump\/#tabs-1\">Dona\u021bie lunar\u0103<\/a><\/li>\n<li><a href=\"https:\/\/ortodoxinfo.ro\/2026\/07\/08\/dungaciu-explica-miza-din-spatele-banilor-pentru-armata-nato-inseamna-america-si-donald-trump\/#tabs-2\">Doar acum<\/a><\/li>\n<\/ul>\n<div id=\"tabs-1\"><img loading=\"lazy\" decoding=\"async\" alt border=\"0\" src=\"https:\/\/www.paypalobjects.com\/en_US\/i\/scr\/pixel.gif\" width=\"1\" height=\"1\"><\/div>\n<div id=\"tabs-2\">\n<p>\t\t     \u20ac<\/p>\n<p>\t\t    <img loading=\"lazy\" decoding=\"async\" alt border=\"0\" src=\"https:\/\/www.paypalobjects.com\/en_US\/i\/scr\/pixel.gif\" width=\"1\" height=\"1\"><\/div>\n<p>Mul\u021bumim celor care ne-au ajutat p\u00e2n\u0103 acum!\n\t<\/p><\/div>\n<div class=\"comment-box-wrap entry-sec\">\n<div class=\"comment-box-header\"><span class=\"h3\">Las\u0103 un comentariu<\/span><\/div>\n<div class=\"comment-holder no-comment\">\n<div id=\"comments\" class=\"comments-area\">\n<div id=\"respond\" class=\"comment-respond\">\n<h3 id=\"reply-title\" class=\"comment-reply-title\">Las\u0103 un r\u0103spuns <small><a rel=\"nofollow\" id=\"cancel-comment-reply-link\" href=\"https:\/\/ortodoxinfo.ro\/2026\/07\/08\/dungaciu-explica-miza-din-spatele-banilor-pentru-armata-nato-inseamna-america-si-donald-trump\/#respond\">Anuleaz\u0103 r\u0103spunsul<\/a><\/small><\/h3>\n<p class=\"comment-notes\"><span id=\"email-notes\">Adresa ta de email nu va fi publicat\u0103.<\/span><span class=\"required-field-message\">C\u00e2mpurile obligatorii sunt marcate cu <span class=\"required\">*<\/span><\/span><\/p>\n<\/div>\n<\/div>\n<\/div>\n<\/div>\n<\/div>\n<div class=\"sidebar-wrap single-sidebar\">\n<div class=\"sidebar-inner clearfix\">\n<div id=\"widget-post-2\" class=\"widget rb-section w-sidebar clearfix widget-post\">\n<div class=\"block-h widget-heading heading-layout-1\">\n<div class=\"heading-inner\">\n<h4 class=\"heading-title\"><span>Articole recente<\/span><\/h4>\n<\/div>\n<\/div>\n<div class=\"widget-p-listing\">\n<div class=\"p-wrap p-small p-list-small-2\" data-pid=\"246611\">\n<div class=\"feat-holder\">\n<div class=\"p-featured ratio-v1\"><a class=\"p-flink\" href=\"https:\/\/ortodoxinfo.ro\/2026\/07\/08\/new-york-times-ucraina-respinge-planul-lui-trump-de-a-pune-capat-razboiului\/\" title=\"New York Times \u2013 Ucraina respinge planul lui Trump de a pune cap\u0103t r\u0103zboiului\"><img decoding=\"async\" width=\"150\" height=\"150\" src=\"https:\/\/ortodoxinfo.ro\/wp-content\/uploads\/2026\/07\/new-york-times-ucraina-respinge-planul-lui-trump-de-a-pune-capat-razboiului-83666-150x150.png\" class=\"featured-img wp-post-image\" alt loading=\"lazy\"><\/a><\/div>\n<\/div>\n<div class=\"p-content\">\n<h5 class=\"entry-title\"><a class=\"p-url\" href=\"https:\/\/ortodoxinfo.ro\/2026\/07\/08\/new-york-times-ucraina-respinge-planul-lui-trump-de-a-pune-capat-razboiului\/\" rel=\"bookmark\">New York Times \u2013 Ucraina respinge planul lui Trump de a pune cap\u0103t r\u0103zboiului<\/a><\/h5>\n<div class=\"p-meta\">\n<div class=\"meta-inner is-meta\"><span class=\"meta-el meta-date\"><time datetime=\"2026-07-08T16:10:48+03:00\">8 iulie 2026<\/time><\/span><span class=\"meta-el meta-category meta-bold\"><a class=\"meta-separate category-15871\" href=\"https:\/\/ortodoxinfo.ro\/category\/anti-sistem\/al-iii-lea-razboi-mondial\/ucraina\/\">Ucraina<\/a><\/span><span class=\"meta-el meta-view\">7.2k vizualiz\u0103ri\t\t<\/span><\/div>\n<\/div>\n<\/div>\n<\/div>\n<div class=\"p-wrap p-small p-list-small-2\" data-pid=\"246445\">\n<div class=\"feat-holder\">\n<div class=\"p-featured ratio-v1\"><a class=\"p-flink\" href=\"https:\/\/ortodoxinfo.ro\/2026\/07\/08\/zelenski-cere-din-nou-aderarea-in-nato-sustine-ca-ucraina-ar-aduce-avantaje-extraordinare\/\" title=\"Zelenski cere din nou aderarea \u00een NATO. Sus\u021bine c\u0103 Ucraina ar aduce avantaje \u201eextraordinare\u201d\"><img decoding=\"async\" width=\"150\" height=\"150\" src=\"https:\/\/ortodoxinfo.ro\/wp-content\/uploads\/2026\/07\/1783460059_zelenski-volodimir-150x150.jpg\" class=\"featured-img wp-post-image\" alt loading=\"lazy\"><\/a><\/div>\n<\/div>\n<div class=\"p-content\">\n<h5 class=\"entry-title\"><a class=\"p-url\" href=\"https:\/\/ortodoxinfo.ro\/2026\/07\/08\/zelenski-cere-din-nou-aderarea-in-nato-sustine-ca-ucraina-ar-aduce-avantaje-extraordinare\/\" rel=\"bookmark\">Zelenski cere din nou aderarea \u00een NATO. Sus\u021bine c\u0103 Ucraina ar aduce avantaje \u201eextraordinare\u201d<\/a><\/h5>\n<div class=\"p-meta\">\n<div class=\"meta-inner is-meta\"><span class=\"meta-el meta-date\"><time datetime=\"2026-07-08T00:45:54+03:00\">8 iulie 2026<\/time><\/span><span class=\"meta-el meta-category meta-bold\"><a class=\"meta-separate category-15871\" href=\"https:\/\/ortodoxinfo.ro\/category\/anti-sistem\/al-iii-lea-razboi-mondial\/ucraina\/\">Ucraina<\/a><\/span><span class=\"meta-el meta-view\">3.3k vizualiz\u0103ri\t\t<\/span><\/div>\n<\/div>\n<\/div>\n<\/div>\n<div class=\"p-wrap p-small p-list-small-2\" data-pid=\"246414\">\n<div class=\"feat-holder\">\n<div class=\"p-featured ratio-v1\"><a class=\"p-flink\" href=\"https:\/\/ortodoxinfo.ro\/2026\/07\/08\/lidera-nationalista-din-franta-marine-le-pen-a-declarat-ca-va-candida-la-presedintie-dupa-ce-o-instanta-i-a-permis-sa-ocupe-functii-publice\/\" title=\"Lidera na\u021bionalist\u0103 din Fran\u021ba, Marine Le Pen, a declarat c\u0103 va candida la pre\u0219edin\u021bie, dup\u0103 ce o instan\u021b\u0103 i-a permis s\u0103 ocupe func\u021bii publice\"><img decoding=\"async\" width=\"150\" height=\"150\" src=\"https:\/\/ortodoxinfo.ro\/wp-content\/uploads\/2026\/07\/hepta_8835720-scaled-150x150.jpg\" class=\"featured-img wp-post-image\" alt loading=\"lazy\"><\/a><\/div>\n<\/div>\n<div class=\"p-content\">\n<h5 class=\"entry-title\"><a class=\"p-url\" href=\"https:\/\/ortodoxinfo.ro\/2026\/07\/08\/lidera-nationalista-din-franta-marine-le-pen-a-declarat-ca-va-candida-la-presedintie-dupa-ce-o-instanta-i-a-permis-sa-ocupe-functii-publice\/\" rel=\"bookmark\">Lidera na\u021bionalist\u0103 din Fran\u021ba, Marine Le Pen, a declarat c\u0103 va candida la pre\u0219edin\u021bie, dup\u0103 ce o instan\u021b\u0103 i-a permis s\u0103 ocupe func\u021bii publice<\/a><\/h5>\n<div class=\"p-meta\">\n<div class=\"meta-inner is-meta\"><span class=\"meta-el meta-date\"><time datetime=\"2026-07-08T00:45:03+03:00\">8 iulie 2026<\/time><\/span><span class=\"meta-el meta-category meta-bold\"><a class=\"meta-separate category-20289\" href=\"https:\/\/ortodoxinfo.ro\/category\/suveranism\/\">Suveranism<\/a><\/span><span class=\"meta-el meta-view\">4.3k vizualiz\u0103ri\t\t<\/span><\/div>\n<\/div>\n<\/div>\n<\/div>\n<div class=\"p-wrap p-small p-list-small-2\" data-pid=\"246391\">\n<div class=\"feat-holder\">\n<div class=\"p-featured ratio-v1\"><a class=\"p-flink\" href=\"https:\/\/ortodoxinfo.ro\/2026\/07\/07\/guvernul-din-ungaria-a-ordonat-oprirea-emisiei-televiziunii-publice-si-radioului-pe-motiv-ca-fac-propaganda\/\" title=\"Guvernul din Ungaria a ordonat oprirea emisiei televiziunii publice \u0219i radioului, pe motiv c\u0103 fac propagand\u0103\"><img decoding=\"async\" width=\"150\" height=\"150\" src=\"https:\/\/ortodoxinfo.ro\/wp-content\/uploads\/2026\/07\/peter-magyar-e1779390157664-150x150.png\" class=\"featured-img wp-post-image\" alt loading=\"lazy\"><\/a><\/div>\n<\/div>\n<div class=\"p-content\">\n<h5 class=\"entry-title\"><a class=\"p-url\" href=\"https:\/\/ortodoxinfo.ro\/2026\/07\/07\/guvernul-din-ungaria-a-ordonat-oprirea-emisiei-televiziunii-publice-si-radioului-pe-motiv-ca-fac-propaganda\/\" rel=\"bookmark\">Guvernul din Ungaria a ordonat oprirea emisiei televiziunii publice \u0219i radioului, pe motiv c\u0103 fac propagand\u0103<\/a><\/h5>\n<div class=\"p-meta\">\n<div class=\"meta-inner is-meta\"><span class=\"meta-el meta-date\"><time datetime=\"2026-07-07T23:06:22+03:00\">7 iulie 2026<\/time><\/span><span class=\"meta-el meta-category meta-bold\"><a class=\"meta-separate category-1596\" href=\"https:\/\/ortodoxinfo.ro\/category\/anti-sistem\/big-brother\/\">Big brother<\/a><\/span><span class=\"meta-el meta-view\">8.5k vizualiz\u0103ri\t\t<\/span><\/div>\n<\/div>\n<\/div>\n<\/div>\n<\/div>\n<\/div>\n<div id=\"custom_html-2\" class=\"widget_text widget rb-section w-sidebar clearfix widget_custom_html\">\n<div class=\"block-h widget-heading heading-layout-1\">\n<div class=\"heading-inner\">\n<h4 class=\"heading-title\"><span>DONA\u021aII \u00een cont bancar<\/span><\/h4>\n<\/div>\n<\/div>\n<div class=\"textwidget custom-html-widget\">\n<table class=\"donatii\">\n<tbody>\n<tr>\n<th colspan=\"2\"><strong><span>Asicia\u021bia SMI-B<\/span><\/strong><\/th>\n<\/tr>\n<tr>\n<th>Cont LEI<\/th>\n<td>RO67CECEB00030RON2081955<\/td>\n<\/tr>\n<tr>\n<th>Cont EURO<\/th>\n<td>RO33CECEB000C1EUR2081978<\/td>\n<\/tr>\n<tr>\n<th>Cod SWIFT<\/th>\n<td>CECEROBU<\/td>\n<\/tr>\n<tr>\n<th colspan=\"2\"><strong>CEC BANK SA<\/strong><\/th>\n<\/tr>\n<\/tbody>\n<\/table>\n<\/div>\n<\/div>\n<\/div>\n<\/div>\n<\/div>\n<\/article>\n<div class=\"entry-content rbct clearfix is-highlight-shares\">\n<div class=\"ruby-table-contents rbtoc table-left table-fw-single-col\">\n<div class=\"toc-header\"><span class=\"h3\">Sumar<\/span><\/div>\n<div class=\"toc-content h5\"><a href=\"https:\/\/ortodoxinfo.ro\/2026\/07\/08\/dungaciu-explica-miza-din-spatele-banilor-pentru-armata-nato-inseamna-america-si-donald-trump\/#in-europa-exista-mai-multe-tabere-si-mai-multe-viziuni-inclusiv-despre-securitate\" class=\"table-link no-link anchor-link\" data-index=\"rb-heading-index-0\">\u201e\u00cen Europa exist\u0103 mai multe tabere \u0219i mai multe viziuni, inclusiv despre securitate\u201d<\/a><a href=\"https:\/\/ortodoxinfo.ro\/2026\/07\/08\/dungaciu-explica-miza-din-spatele-banilor-pentru-armata-nato-inseamna-america-si-donald-trump\/#cele-6-tabere-cu-viziuni-diferite\" class=\"table-link no-link anchor-link\" data-index=\"rb-heading-index-1\">Cele 6 tabere cu viziuni diferite<\/a><a href=\"https:\/\/ortodoxinfo.ro\/2026\/07\/08\/dungaciu-explica-miza-din-spatele-banilor-pentru-armata-nato-inseamna-america-si-donald-trump\/#nationalistii-trumpistii-si-cei-care-nu-vor-nimic\" class=\"table-link no-link anchor-link\" data-index=\"rb-heading-index-2\">\u201eNa\u021bionali\u0219tii, trumpi\u0219tii \u0219i cei care nu vor nimic\u201d<\/a><\/div>\n<\/div>\n<p id=\"p-0\">Dan Dungaciu a explicat c\u0103 NATO st\u0103 c\u00e2t mai aproape de America pentru a-\u0219i dezvolta capacit\u0103\u021bile de ap\u0103rare. Sociologul a analizat \u0219i taberele care s-au format \u00een urma viziunilor politice, la nivel european.<\/p>\n<h2 id=\"in-europa-exista-mai-multe-tabere-si-mai-multe-viziuni-inclusiv-despre-securitate\" class=\"rb-heading-index-0\">\u201e\u00cen Europa exist\u0103 mai multe tabere \u0219i mai multe viziuni, inclusiv despre securitate\u201d<\/h2>\n<p id=\"p-1\">Invitat la Marius Tuc\u0103 Show, sociologul subliniaz\u0103 c\u0103 interesul NATO este de a-i \u021bine aproape pe americani pentru a-\u0219i dezvolta capabilit\u0103\u021bile. De asemenea, afirm\u0103 c\u0103 \u00een urma evalu\u0103rilor f\u0103cute de c\u0103tre CAE, \u00een Europa exist\u0103 mai multe grupuri cu viziuni diferite.<\/p>\n<blockquote>\n<p id=\"p-8\"><em>\u201eEi spun c\u0103 noi \u00eei p\u0103c\u0103lim pe americani s\u0103-i mai \u021binem l\u00e2ng\u0103 noi p\u00e2n\u0103 c\u00e2nd noi ne dezvolt\u0103m capabilit\u0103\u021bile. Toat\u0103 lumea spune acum 5% NATO, dar de fapt unii se g\u00e2ndesc c\u0103 noi investim pentru Europa, pentru viitoarea armat\u0103, al\u021bii spun c\u0103 investim pentru NATO. Dup\u0103 evalu\u0103rile f\u0103cute de c\u0103tre Consiliul European pentru Afaceri Interna\u021bionale, \u00een Europa exist\u0103 mai multe tabere \u0219i mai multe viziuni, inclusiv despre securitate,\u201d a declarat analistul.<\/em><\/p>\n<\/blockquote>\n<h2 id=\"cele-6-tabere-cu-viziuni-diferite\" class=\"rb-heading-index-1\">Cele 6 tabere cu viziuni diferite<\/h2>\n<p id=\"p-9\">Dungaciu afirm\u0103 c\u0103 evalu\u0103rile au fost f\u0103cute \u00een func\u021bie de trei criterii: sprijinul acordat rela\u021biei SUA, atitudinea fa\u021b\u0103 de UE \u0219i atitudinea fa\u021b\u0103 de \u00eenarmare. Analistul prezint\u0103 faptul c\u0103 din aceste trei criterii a rezultat \u0219ase categorii de grupuri sociale. El explic\u0103 faptul c\u0103 prima categorie numit\u0103 \u201evulturii europeni\u201d are cel mai mare procentaj de 30%, urmat\u0103 de \u201eporumbeii europeni\u201d cu 25%. A treia categorie este cea tradi\u021bional\u0103, care are doar 10%.<\/p>\n<blockquote>\n<p id=\"p-10\"><em>\u201eS-au f\u0103cut evalu\u0103ri \u00een func\u021bie de trei lucruri: sprijin\u0103 rela\u021bia cu America, atitudinea fa\u021b\u0103 de Uniunea European\u0103 \u0219i atitudinea fa\u021b\u0103 de \u00eenarmare. Au zis c\u0103 exist\u0103 prima categorie care este anti-american\u0103, pro-Europa \u0219i pro-\u00eenarmare, a\u0219a numi\u021bii vulturi europeni, despre care vorbim noi acum, cu Europa Unit\u0103. \u0102\u0219tia zic ei, c\u0103 ar fi vreo 30% din Europa. A doua categorie spune: nu \u00eei iubim pe americanii din Europa, dar nu vrem s\u0103 ne \u00eenarm\u0103m. Ace\u0219tia sunt numi\u021bi porumbeii europeni \u0219i sunt undeva pe la 25%-27%. A treia categorie este cea tradi\u021bional\u0103. Ei sunt pu\u021bini, 10%-12%,\u201d a declarat sociologul.<\/em><\/p>\n<\/blockquote>\n<h2 id=\"nationalistii-trumpistii-si-cei-care-nu-vor-nimic\" class=\"rb-heading-index-2\">\u201eNa\u021bionali\u0219tii, trumpi\u0219tii \u0219i cei care nu vor nimic\u201d<\/h2>\n<p id=\"p-11\">Ultimele trei categorii sunt: \u201ena\u021bionali\u0219tii puri\u201d, \u201etrumpi\u0219tii\u201d \u0219i \u201ecei care nu vor nimic\u201d se afl\u0103 \u00eentr-un procentaj aproximativ de 10% fiecare.<\/p>\n<blockquote>\n<p id=\"p-12\"><em>\u201eA patra categorie sunt europenii care nu iubesc America, nu iubesc Europa \u0219i vor s\u0103 se \u00eenarmeze. \u0102\u0219tia sunt na\u021bionali\u0219tii puri \u0219i duri. Nu iubesc nimic, dar vor s\u0103 se \u00eenarmeze. A cincea categorie spun c\u0103 \u00eei iubesc pe americani, nu iubesc Europa \u0219i vor s\u0103 se \u00eenarmeze. \u0102ia sunt trumpi\u0219ti, \u0219i asta e o categorie bine reprezentat\u0103. A \u0219asea categorie este: nu \u00eei iubim nici pe americani, nici pe europeni, nu vrem s\u0103 ne \u00eenarm\u0103m. \u0102ia care nu mai vor nimic,\u201d a declarat Dungaciu.<\/em><\/p>\n<\/blockquote>\n<p id=\"p-13\" data-pm-slice=\"1 1 []\">Studiul realizat de Consiliul European pentru Afaceri Interna\u021bionale, \u00een februarie 2026, a analizat atitudinea europenilor fa\u021b\u0103 de rela\u021bia cu SUA \u0219i fa\u021b\u0103 de cre\u0219terea cheltuielilor pentru ap\u0103rare.<\/p>\n<\/div>\n<p>[analyse_source url=&#8221;https:\/\/ortodoxinfo.ro\/2026\/07\/08\/dungaciu-explica-miza-din-spatele-banilor-pentru-armata-nato-inseamna-america-si-donald-trump\/&#8221;]<\/p>\n","protected":false},"excerpt":{"rendered":"<p>[analyse_image type=&#8221;featured&#8221; src=&#8221;https:\/\/ortodoxinfo.ro\/wp-content\/uploads\/2026\/07\/2-5.pnghttps:\/\/ortodoxinfo.ro\/wp-content\/uploads\/2026\/07\/2-5.png&#8221;] Prima pagin\u0103 \u00bb Blog \u00bb Dungaciu explic\u0103 miza din spatele banilor pentru armat\u0103: \u201eNATO \u00eenseamn\u0103 America \u0219i Donald Trump\u201d Dungaciu explic\u0103 miza din spatele banilor pentru armat\u0103: \u201eNATO \u00eenseamn\u0103 America \u0219i Donald Trump\u201d 8 iulie 2026Uniunea european\u01035.2k vizualiz\u0103ri Comentarii Share 4 Min Read SHARE OrtodoxINFO este supus unui sabotaj sistematic din partea [&hellip;]<\/p>\n","protected":false},"author":1,"featured_media":0,"comment_status":"open","ping_status":"","sticky":false,"template":"","format":"standard","meta":{"footnotes":""},"categories":[89],"tags":[226,94],"class_list":["post-2034170","post","type-post","status-publish","format-standard","hentry","category-romania","tag-crawlmanager","tag-ortodoxinfo-ro"],"_links":{"self":[{"href":"https:\/\/analyse.optim.biz\/index.php?rest_route=\/wp\/v2\/posts\/2034170","targetHints":{"allow":["GET"]}}],"collection":[{"href":"https:\/\/analyse.optim.biz\/index.php?rest_route=\/wp\/v2\/posts"}],"about":[{"href":"https:\/\/analyse.optim.biz\/index.php?rest_route=\/wp\/v2\/types\/post"}],"author":[{"embeddable":true,"href":"https:\/\/analyse.optim.biz\/index.php?rest_route=\/wp\/v2\/users\/1"}],"replies":[{"embeddable":true,"href":"https:\/\/analyse.optim.biz\/index.php?rest_route=%2Fwp%2Fv2%2Fcomments&post=2034170"}],"version-history":[{"count":0,"href":"https:\/\/analyse.optim.biz\/index.php?rest_route=\/wp\/v2\/posts\/2034170\/revisions"}],"wp:attachment":[{"href":"https:\/\/analyse.optim.biz\/index.php?rest_route=%2Fwp%2Fv2%2Fmedia&parent=2034170"}],"wp:term":[{"taxonomy":"category","embeddable":true,"href":"https:\/\/analyse.optim.biz\/index.php?rest_route=%2Fwp%2Fv2%2Fcategories&post=2034170"},{"taxonomy":"post_tag","embeddable":true,"href":"https:\/\/analyse.optim.biz\/index.php?rest_route=%2Fwp%2Fv2%2Ftags&post=2034170"}],"curies":[{"name":"wp","href":"https:\/\/api.w.org\/{rel}","templated":true}]}}