{"id":2033745,"date":"2026-07-08T19:03:50","date_gmt":"2026-07-08T16:03:50","guid":{"rendered":"https:\/\/analyse.optim.biz\/?p=2033745"},"modified":"2026-07-08T19:03:50","modified_gmt":"2026-07-08T16:03:50","slug":"expertul-judiciar-de-mediu-haritinia-craita-a-dat-alarma-mor-ratele-in-parcul-crang","status":"publish","type":"post","link":"https:\/\/analyse.optim.biz\/?p=2033745","title":{"rendered":"Expertul judiciar de Mediu, Haritinia Cr\u0103i\u021b\u0103, a dat alarma! Mor ra\u021bele \u00een Parcul Cr\u00e2ng!"},"content":{"rendered":"<p>[analyse_image type=&#8221;featured&#8221; src=&#8221;https:\/\/revistaverde.ro\/wp-content\/uploads\/2026\/07\/RATE-CRANG.jpg&#8221;]<\/p>\n<article id=\"post-15664\" class=\"post-15664 post type-post status-publish format-standard has-post-thumbnail hentry category-eco-tiri category-evnimente category-international\">\n<header class=\"entry-header mh-clearfix\">\n<h1 class=\"entry-title\">Expertul judiciar de Mediu, Haritinia Cr\u0103i\u021b\u0103, a dat alarma! Mor ra\u021bele \u00een Parcul Cr\u00e2ng!<\/h1>\n<p class=\"mh-meta entry-meta\"><span class=\"entry-meta-date updated\"><a href=\"https:\/\/revistaverde.ro\/2026\/07\/\">iulie 8, 2026<\/a><\/span><span class=\"entry-meta-author author vcard\"><a class=\"fn\" href=\"https:\/\/revistaverde.ro\/author\/revistaverdefrumoasa2017\/\">M\u0103rg\u0103rit GROSU<\/a><\/span><span class=\"entry-meta-categories\"><a href=\"https:\/\/revistaverde.ro\/category\/local\/eco-tiri\/\" rel=\"category tag\">Eco \u015etiri<\/a>, <a href=\"https:\/\/revistaverde.ro\/category\/local\/evnimente\/\" rel=\"category tag\">Evenimente<\/a>, <a href=\"https:\/\/revistaverde.ro\/category\/international\/\" rel=\"category tag\">international<\/a><\/span><span class=\"entry-meta-comments\"><a class=\"mh-comment-scroll\" href=\"https:\/\/revistaverde.ro\/2026\/07\/08\/expertul-judiciar-de-mediu-haritinia-craita-a-dat-alarma-mor-ratele-in-parcul-crang\/#mh-comments\">0<\/a><\/span><\/p>\n<\/header>\n<div class=\"entry-content mh-clearfix\">\n<figure class=\"entry-thumbnail\"><img decoding=\"async\" src=\"https:\/\/revistaverde.ro\/wp-content\/uploads\/2026\/07\/RATE-CRANG-332x381.jpg\" alt title=\"RATE CRANG\"><\/figure>\n<h2 class=\"wp-block-heading\">Substan\u021b\u0103 periculoas\u0103 \u00eempr\u0103\u0219tiat\u0103 \u00een Cr\u00e2ng! Ra\u021bele au murit!<\/h2>\n<p>NET-ul a luat foc, dup\u0103 ce buzoienii au constatat, c\u0103 \u0219i anul acesta, ra\u021bele din Parcul Cr\u00e2ng au murit. \u0218i asta, dup\u0103 ce firma de dezinsec\u021bie a pulverizat substan\u021be \u00eempotriva \u021b\u00e2n\u021barilor \u00een p\u0103durea Cr\u00e2ng. A\u0219a s-a \u00eent\u00e2mplat \u0219i anul trecut, dar toate eforturile institu\u021biilor statului s-au orientat c\u0103tre cauza mor\u021bii p\u0103s\u0103rilor, \u00eentr-o \u00eencercare disperat\u0103 de a se mu\u0219amaliza o infrac\u021biune grav\u0103. \u0218i anume, aceea de a pune \u00een pericol s\u0103n\u0103tatea public\u0103. Ra\u021bele erau doar un marker, \u00een lan\u021bul de probe certe, prin care se demonstra, f\u0103r\u0103 putin\u021b\u0103 de t\u0103gad\u0103, \u00a0c\u0103 substan\u021ba folosit\u0103 la dezinsec\u021bie este toxic\u0103 pentru popula\u021bie. C\u0103 nu se respect\u0103 concentra\u021bia maxim\u0103 admis\u0103 pentru a nu \u00eemboln\u0103vi popula\u021bia \u0219i nici faptul c\u0103 este interzis s\u0103 fie pulverizat\u0103 din aer.<\/p>\n<h2 class=\"wp-block-heading\"><strong>FLYTRIN 6.14 extermin\u0103 tot ce \u00eent\u00e2lne\u0219te \u00een cale<\/strong><\/h2>\n<p>\u00a0Anul trecut, RER SUD S.A. a folosit ca substan\u021b\u0103 FLYTRIN 6.14, care a fost pulverizat\u0103 cu avionul. Probele (\u00eenscrisuri), spun c\u0103 a\u0219a s-a \u00eent\u00e2mplat. Substan\u021ba este cancerigen\u0103 pentru oameni, a\u0219a cum rezult\u0103 din fi\u0219a de fabrica\u021bie, \u0219i este interzis s\u0103 se pulverizeze cu avionul. Mai mult, este \u00eenserat de c\u0103tre produc\u0103tor, aten\u021bionarea privind concentra\u021bia folosit\u0103 \u00een procesul de dezinsec\u021bie \u0219i se specific\u0103 faptul c\u0103 aceast\u0103 substan\u021b\u0103 este otr\u0103vitoare pentru pisici, pas\u0103ri \u0219i pe\u0219ti, chiar \u00een concentra\u021bie mic\u0103. De aceea, este folosit\u0103 doar pentru zone mari, deschise, \u0219i \u00een nici un caz nu se aplic\u0103 cu avionul \u00een localit\u0103\u021bi. Ce a f\u0103cut firma de dezinsec\u021bie? A respectat instruc\u021biunile prev\u0103zute de produc\u0103tor? Nu, \u0219i ra\u021bele au murit! Anul acesta, au procedat la fel, f\u0103r\u0103 s\u0103 le pese de faptul c\u0103 este un dosar penal pe rol, \u0219i ac\u021biunea de anul trecut a generat scandal public.<\/p>\n<h2 class=\"wp-block-heading\"><strong>C\u00e2te ra\u021be trebuie s\u0103 mai moar\u0103, s\u0103 ne d\u0103m seama c\u0103 suntem otr\u0103vi\u021bi<\/strong>?<\/h2>\n<p>Ra\u021bele din Parcul Cr\u00e2ng \u0219i-au dat via\u021ba \u0219i anul acesta, \u00een \u00eencercarea de a ar\u0103ta domnilor de la RER SUD S.A. \u0219i doamnelor de la DSP Buz\u0103u \u0219i Garda de Mediu, c\u0103 substan\u021ba folosit\u0103 pentru uciderea \u021b\u00e2n\u021barilor este prea toxic\u0103 pentru p\u0103s\u0103ri \u0219i oameni. Nici Poli\u021bia nu a mi\u0219cat nimic \u00een dosarul de anul trecut, pentru c\u0103 altfel, operatorul nu \u0219i-ar fi permis s\u0103 ia \u00een der\u00e2dere toate normele care reglementeaz\u0103 folosirea substan\u021belor toxice, periculoase, pentru popula\u021bie, ca s\u0103 nu mai spunem c\u0103 sunt cancerigene.<\/p>\n<p>Revenim!<\/p>\n<div class=\"col-md-2 col-sm-4 col-xs-4\"> .col-md-2 { float:left; width: 16.6667%; } <\/div>\n<div class=\"col-md-2 col-sm-4 col-xs-4\"> .col-md-2 { float:left; width: 16.6667%; } <\/p>\n<div class=\"fb-share-button\" data-href=\"https:\/\/revistaverde.ro\/2026\/07\/08\/expertul-judiciar-de-mediu-haritinia-craita-a-dat-alarma-mor-ratele-in-parcul-crang\/\" data-layout=\"button\" data-size=\"large\" data-mobile-iframe=\"true\"><a class=\"fb-xfbml-parse-ignore\" target=\"_blank\" href=\"https:\/\/www.facebook.com\/sharer\/sharer.php?u=https%3A%2F%2Frevistaverde.ro%2F2026%2F07%2F08%2Fexpertul-judiciar-de-mediu-haritinia-craita-a-dat-alarma-mor-ratele-in-parcul-crang%2F&amp;src=sdkpreparse\">Share<\/a><\/div>\n<\/div>\n<div class=\"col-md-2 col-sm-4 col-xs-4\"> .col-md-2 { float:left; width: 16.6667%; } <\/div>\n<\/div>\n<\/article>\n<div class=\"entry-content mh-clearfix\">\n<figure class=\"entry-thumbnail\"><img decoding=\"async\" src=\"https:\/\/revistaverde.ro\/wp-content\/uploads\/2026\/07\/RATE-CRANG-332x381.jpg\" alt title=\"RATE CRANG\"><\/figure>\n<h2 class=\"wp-block-heading\">Substan\u021b\u0103 periculoas\u0103 \u00eempr\u0103\u0219tiat\u0103 \u00een Cr\u00e2ng! Ra\u021bele au murit!<\/h2>\n<p>NET-ul a luat foc, dup\u0103 ce buzoienii au constatat, c\u0103 \u0219i anul acesta, ra\u021bele din Parcul Cr\u00e2ng au murit. \u0218i asta, dup\u0103 ce firma de dezinsec\u021bie a pulverizat substan\u021be \u00eempotriva \u021b\u00e2n\u021barilor \u00een p\u0103durea Cr\u00e2ng. A\u0219a s-a \u00eent\u00e2mplat \u0219i anul trecut, dar toate eforturile institu\u021biilor statului s-au orientat c\u0103tre cauza mor\u021bii p\u0103s\u0103rilor, \u00eentr-o \u00eencercare disperat\u0103 de a se mu\u0219amaliza o infrac\u021biune grav\u0103. \u0218i anume, aceea de a pune \u00een pericol s\u0103n\u0103tatea public\u0103. Ra\u021bele erau doar un marker, \u00een lan\u021bul de probe certe, prin care se demonstra, f\u0103r\u0103 putin\u021b\u0103 de t\u0103gad\u0103, \u00a0c\u0103 substan\u021ba folosit\u0103 la dezinsec\u021bie este toxic\u0103 pentru popula\u021bie. C\u0103 nu se respect\u0103 concentra\u021bia maxim\u0103 admis\u0103 pentru a nu \u00eemboln\u0103vi popula\u021bia \u0219i nici faptul c\u0103 este interzis s\u0103 fie pulverizat\u0103 din aer.<\/p>\n<h2 class=\"wp-block-heading\"><strong>FLYTRIN 6.14 extermin\u0103 tot ce \u00eent\u00e2lne\u0219te \u00een cale<\/strong><\/h2>\n<p>\u00a0Anul trecut, RER SUD S.A. a folosit ca substan\u021b\u0103 FLYTRIN 6.14, care a fost pulverizat\u0103 cu avionul. Probele (\u00eenscrisuri), spun c\u0103 a\u0219a s-a \u00eent\u00e2mplat. Substan\u021ba este cancerigen\u0103 pentru oameni, a\u0219a cum rezult\u0103 din fi\u0219a de fabrica\u021bie, \u0219i este interzis s\u0103 se pulverizeze cu avionul. Mai mult, este \u00eenserat de c\u0103tre produc\u0103tor, aten\u021bionarea privind concentra\u021bia folosit\u0103 \u00een procesul de dezinsec\u021bie \u0219i se specific\u0103 faptul c\u0103 aceast\u0103 substan\u021b\u0103 este otr\u0103vitoare pentru pisici, pas\u0103ri \u0219i pe\u0219ti, chiar \u00een concentra\u021bie mic\u0103. De aceea, este folosit\u0103 doar pentru zone mari, deschise, \u0219i \u00een nici un caz nu se aplic\u0103 cu avionul \u00een localit\u0103\u021bi. Ce a f\u0103cut firma de dezinsec\u021bie? A respectat instruc\u021biunile prev\u0103zute de produc\u0103tor? Nu, \u0219i ra\u021bele au murit! Anul acesta, au procedat la fel, f\u0103r\u0103 s\u0103 le pese de faptul c\u0103 este un dosar penal pe rol, \u0219i ac\u021biunea de anul trecut a generat scandal public.<\/p>\n<h2 class=\"wp-block-heading\"><strong>C\u00e2te ra\u021be trebuie s\u0103 mai moar\u0103, s\u0103 ne d\u0103m seama c\u0103 suntem otr\u0103vi\u021bi<\/strong>?<\/h2>\n<p>Ra\u021bele din Parcul Cr\u00e2ng \u0219i-au dat via\u021ba \u0219i anul acesta, \u00een \u00eencercarea de a ar\u0103ta domnilor de la RER SUD S.A. \u0219i doamnelor de la DSP Buz\u0103u \u0219i Garda de Mediu, c\u0103 substan\u021ba folosit\u0103 pentru uciderea \u021b\u00e2n\u021barilor este prea toxic\u0103 pentru p\u0103s\u0103ri \u0219i oameni. Nici Poli\u021bia nu a mi\u0219cat nimic \u00een dosarul de anul trecut, pentru c\u0103 altfel, operatorul nu \u0219i-ar fi permis s\u0103 ia \u00een der\u00e2dere toate normele care reglementeaz\u0103 folosirea substan\u021belor toxice, periculoase, pentru popula\u021bie, ca s\u0103 nu mai spunem c\u0103 sunt cancerigene.<\/p>\n<p>Revenim!<\/p>\n<div class=\"col-md-2 col-sm-4 col-xs-4\"> .col-md-2 { float:left; width: 16.6667%; } <\/div>\n<div class=\"col-md-2 col-sm-4 col-xs-4\"> .col-md-2 { float:left; width: 16.6667%; } <\/p>\n<div class=\"fb-share-button\" data-href=\"https:\/\/revistaverde.ro\/2026\/07\/08\/expertul-judiciar-de-mediu-haritinia-craita-a-dat-alarma-mor-ratele-in-parcul-crang\/\" data-layout=\"button\" data-size=\"large\" data-mobile-iframe=\"true\"><a class=\"fb-xfbml-parse-ignore\" target=\"_blank\" href=\"https:\/\/www.facebook.com\/sharer\/sharer.php?u=https%3A%2F%2Frevistaverde.ro%2F2026%2F07%2F08%2Fexpertul-judiciar-de-mediu-haritinia-craita-a-dat-alarma-mor-ratele-in-parcul-crang%2F&amp;src=sdkpreparse\">Share<\/a><\/div>\n<\/div>\n<div class=\"col-md-2 col-sm-4 col-xs-4\"> .col-md-2 { float:left; width: 16.6667%; } <\/div>\n<\/div>\n<p>[analyse_source url=&#8221;https:\/\/revistaverde.ro\/2026\/07\/08\/expertul-judiciar-de-mediu-haritinia-craita-a-dat-alarma-mor-ratele-in-parcul-crang\/&#8221;]<\/p>\n","protected":false},"excerpt":{"rendered":"<p>[analyse_image type=&#8221;featured&#8221; src=&#8221;https:\/\/revistaverde.ro\/wp-content\/uploads\/2026\/07\/RATE-CRANG.jpg&#8221;] Expertul judiciar de Mediu, Haritinia Cr\u0103i\u021b\u0103, a dat alarma! Mor ra\u021bele \u00een Parcul Cr\u00e2ng! iulie 8, 2026M\u0103rg\u0103rit GROSUEco \u015etiri, Evenimente, international0 Substan\u021b\u0103 periculoas\u0103 \u00eempr\u0103\u0219tiat\u0103 \u00een Cr\u00e2ng! Ra\u021bele au murit! NET-ul a luat foc, dup\u0103 ce buzoienii au constatat, c\u0103 \u0219i anul acesta, ra\u021bele din Parcul Cr\u00e2ng au murit. \u0218i asta, dup\u0103 ce [&hellip;]<\/p>\n","protected":false},"author":1,"featured_media":0,"comment_status":"open","ping_status":"","sticky":false,"template":"","format":"standard","meta":{"footnotes":""},"categories":[2],"tags":[226,57],"class_list":["post-2033745","post","type-post","status-publish","format-standard","hentry","category-politics","tag-crawlmanager","tag-revistaverde-ro"],"_links":{"self":[{"href":"https:\/\/analyse.optim.biz\/index.php?rest_route=\/wp\/v2\/posts\/2033745","targetHints":{"allow":["GET"]}}],"collection":[{"href":"https:\/\/analyse.optim.biz\/index.php?rest_route=\/wp\/v2\/posts"}],"about":[{"href":"https:\/\/analyse.optim.biz\/index.php?rest_route=\/wp\/v2\/types\/post"}],"author":[{"embeddable":true,"href":"https:\/\/analyse.optim.biz\/index.php?rest_route=\/wp\/v2\/users\/1"}],"replies":[{"embeddable":true,"href":"https:\/\/analyse.optim.biz\/index.php?rest_route=%2Fwp%2Fv2%2Fcomments&post=2033745"}],"version-history":[{"count":0,"href":"https:\/\/analyse.optim.biz\/index.php?rest_route=\/wp\/v2\/posts\/2033745\/revisions"}],"wp:attachment":[{"href":"https:\/\/analyse.optim.biz\/index.php?rest_route=%2Fwp%2Fv2%2Fmedia&parent=2033745"}],"wp:term":[{"taxonomy":"category","embeddable":true,"href":"https:\/\/analyse.optim.biz\/index.php?rest_route=%2Fwp%2Fv2%2Fcategories&post=2033745"},{"taxonomy":"post_tag","embeddable":true,"href":"https:\/\/analyse.optim.biz\/index.php?rest_route=%2Fwp%2Fv2%2Ftags&post=2033745"}],"curies":[{"name":"wp","href":"https:\/\/api.w.org\/{rel}","templated":true}]}}