{"id":2033743,"date":"2026-07-08T04:48:18","date_gmt":"2026-07-08T01:48:18","guid":{"rendered":"https:\/\/analyse.optim.biz\/?p=2033743"},"modified":"2026-07-08T04:48:18","modified_gmt":"2026-07-08T01:48:18","slug":"sefa-de-la-dsp-buzau-ne-da-cu-flit-cu-flytrin-6-14-in-nas","status":"publish","type":"post","link":"https:\/\/analyse.optim.biz\/?p=2033743","title":{"rendered":"\u0218efa de la DSP Buz\u0103u, ne d\u0103 cu FLIT cu FLYTRIN 6.14 \u00een nas"},"content":{"rendered":"<p>[analyse_image type=&#8221;featured&#8221; src=&#8221;https:\/\/revistaverde.ro\/wp-content\/uploads\/2026\/07\/UNGUREANU-VV.jpg&#8221;]<\/p>\n<article id=\"post-15651\" class=\"post-15651 post type-post status-publish format-standard has-post-thumbnail hentry category-eco-tiri category-evnimente category-international\">\n<header class=\"entry-header mh-clearfix\">\n<h1 class=\"entry-title\">\u0218efa de la DSP Buz\u0103u, ne d\u0103 cu FLIT cu FLYTRIN 6.14 \u00een nas<\/h1>\n<p class=\"mh-meta entry-meta\"><span class=\"entry-meta-date updated\"><a href=\"https:\/\/revistaverde.ro\/2026\/07\/\">iulie 8, 2026<\/a><\/span><span class=\"entry-meta-author author vcard\"><a class=\"fn\" href=\"https:\/\/revistaverde.ro\/author\/revistaverdefrumoasa2017\/\">M\u0103rg\u0103rit GROSU<\/a><\/span><span class=\"entry-meta-categories\"><a href=\"https:\/\/revistaverde.ro\/category\/local\/eco-tiri\/\" rel=\"category tag\">Eco \u015etiri<\/a>, <a href=\"https:\/\/revistaverde.ro\/category\/local\/evnimente\/\" rel=\"category tag\">Evenimente<\/a>, <a href=\"https:\/\/revistaverde.ro\/category\/international\/\" rel=\"category tag\">international<\/a><\/span><span class=\"entry-meta-comments\"><a class=\"mh-comment-scroll\" href=\"https:\/\/revistaverde.ro\/2026\/07\/08\/sefa-de-la-dsp-buzau-ne-da-cu-flit-cu-flytrin-6-14-in-nas\/#mh-comments\">0<\/a><\/span><\/p>\n<\/header>\n<div class=\"entry-content mh-clearfix\">\n<figure class=\"entry-thumbnail\"><img decoding=\"async\" src=\"https:\/\/revistaverde.ro\/wp-content\/uploads\/2026\/07\/UNGUREANU-VV.jpg\" alt title=\"UNGUREANU VV\"><\/figure>\n<p>Cristina Ungureanu, jurista care are \u00een fi\u0219a postului, ca \u0219ef\u0103 la DSP Buz\u0103u, obliga\u021bia de a veghea la s\u0103n\u0103tatea public\u0103, nu mai are de mult\u0103 vreme astfel de preocup\u0103ri, \u0219i trateaz\u0103 cu dispre\u021b orice cerere sau \u00eencercare a cet\u0103\u021benilor de a se informa \u0219i sesiza unele fapte grave ce afecteaz\u0103 s\u0103n\u0103tatea public\u0103.<\/p>\n<p>Concret, \u0219efa de la DSP Buz\u0103u, consider\u0103 c\u0103 este normal ca ac\u021biunile de dezinsec\u021bie la nivelul municipiului Buz\u0103u, s\u0103 se fac\u0103 \u00een condi\u021bii \u00een care se pune \u00een pericol grav s\u0103n\u0103tatea popula\u021biei.<\/p>\n<p>Moartea unui num\u0103r mare de p\u0103s\u0103ri s\u0103lbatice aflate pe un lac din Parcul Cr\u00e2ng \u00een urma unei ac\u021biuni de dezinsec\u021bie cu avionul, nu reprezint\u0103 pentru Cristina Ungureanu un semnal de alarm\u0103. O certitudine, c\u0103 s-a produs un atentat grav la s\u0103n\u0103tatea popula\u021biei, c\u0103 nu s-au respectat normele de folosire a substan\u021belor toxice periculoase.<\/p>\n<p>O dovedesc adresele trimise de expertul de mediu Haritinia Cr\u0103i\u021b\u0103, care a semnalat pericolul \u0219i a cerut s\u0103 se ia m\u0103suri.<\/p>\n<p>\u00a0Ce a f\u0103cut \u0219efa de la DSP Buz\u0103u, Cristina Ungureanu? I-a dat cu FLIT cu FLYTRIN 6.14 \u00een nas, a\u0219a cum a procedat \u0219i primarul cu buzoienii.<\/p>\n<p>A\u0218A CEVA?<\/p>\n<figure class=\"wp-block-image size-large\"><img loading=\"lazy\" decoding=\"async\" width=\"768\" height=\"1024\" src=\"http:\/\/revistaverde.ro\/wp-content\/uploads\/2026\/07\/UNGUREANU-2-768x1024.jpg\" alt class=\"wp-image-15653\"><\/figure>\n<p>C\u00e2t de incon\u0219tient \u0219i de arogant po\u021bi s\u0103 fii s\u0103 ignori aceast\u0103 adres\u0103?<\/p>\n<p>Cristina Ungureanu a ignorat-o \u0219i vede\u021bi ce r\u0103spuns de complice i-a dat:<\/p>\n<figure class=\"wp-block-image size-large\"><img decoding=\"async\" loading=\"lazy\" width=\"768\" height=\"1024\" src=\"http:\/\/revistaverde.ro\/wp-content\/uploads\/2026\/07\/UNGUREANU-768x1024.jpg\" alt class=\"wp-image-15652\"><\/figure>\n<p>Cred c\u0103 doamna Cristina Ungureanu are nevoie de o celul\u0103 mic\u0103, de unde s\u0103 reflecteze la ceea ce a f\u0103cut domnia-sa \u00een ultima perioad\u0103 de timp. Chiar \u0219i la chefurile de la Verne\u0219ti, \u0219i prafurile de pe acolo, de pe drumuri!<\/p>\n<div class=\"col-md-2 col-sm-4 col-xs-4\"> .col-md-2 { float:left; width: 16.6667%; } <\/div>\n<div class=\"col-md-2 col-sm-4 col-xs-4\"> .col-md-2 { float:left; width: 16.6667%; } <\/p>\n<div class=\"fb-share-button\" data-href=\"https:\/\/revistaverde.ro\/2026\/07\/08\/sefa-de-la-dsp-buzau-ne-da-cu-flit-cu-flytrin-6-14-in-nas\/\" data-layout=\"button\" data-size=\"large\" data-mobile-iframe=\"true\"><a class=\"fb-xfbml-parse-ignore\" target=\"_blank\" href=\"https:\/\/www.facebook.com\/sharer\/sharer.php?u=https%3A%2F%2Frevistaverde.ro%2F2026%2F07%2F08%2Fsefa-de-la-dsp-buzau-ne-da-cu-flit-cu-flytrin-6-14-in-nas%2F&amp;src=sdkpreparse\">Share<\/a><\/div>\n<\/div>\n<div class=\"col-md-2 col-sm-4 col-xs-4\"> .col-md-2 { float:left; width: 16.6667%; } <\/div>\n<\/div>\n<\/article>\n<div class=\"entry-content mh-clearfix\">\n<figure class=\"entry-thumbnail\"><img decoding=\"async\" src=\"https:\/\/revistaverde.ro\/wp-content\/uploads\/2026\/07\/UNGUREANU-VV.jpg\" alt title=\"UNGUREANU VV\"><\/figure>\n<p>Cristina Ungureanu, jurista care are \u00een fi\u0219a postului, ca \u0219ef\u0103 la DSP Buz\u0103u, obliga\u021bia de a veghea la s\u0103n\u0103tatea public\u0103, nu mai are de mult\u0103 vreme astfel de preocup\u0103ri, \u0219i trateaz\u0103 cu dispre\u021b orice cerere sau \u00eencercare a cet\u0103\u021benilor de a se informa \u0219i sesiza unele fapte grave ce afecteaz\u0103 s\u0103n\u0103tatea public\u0103.<\/p>\n<p>Concret, \u0219efa de la DSP Buz\u0103u, consider\u0103 c\u0103 este normal ca ac\u021biunile de dezinsec\u021bie la nivelul municipiului Buz\u0103u, s\u0103 se fac\u0103 \u00een condi\u021bii \u00een care se pune \u00een pericol grav s\u0103n\u0103tatea popula\u021biei.<\/p>\n<p>Moartea unui num\u0103r mare de p\u0103s\u0103ri s\u0103lbatice aflate pe un lac din Parcul Cr\u00e2ng \u00een urma unei ac\u021biuni de dezinsec\u021bie cu avionul, nu reprezint\u0103 pentru Cristina Ungureanu un semnal de alarm\u0103. O certitudine, c\u0103 s-a produs un atentat grav la s\u0103n\u0103tatea popula\u021biei, c\u0103 nu s-au respectat normele de folosire a substan\u021belor toxice periculoase.<\/p>\n<p>O dovedesc adresele trimise de expertul de mediu Haritinia Cr\u0103i\u021b\u0103, care a semnalat pericolul \u0219i a cerut s\u0103 se ia m\u0103suri.<\/p>\n<p>\u00a0Ce a f\u0103cut \u0219efa de la DSP Buz\u0103u, Cristina Ungureanu? I-a dat cu FLIT cu FLYTRIN 6.14 \u00een nas, a\u0219a cum a procedat \u0219i primarul cu buzoienii.<\/p>\n<p>A\u0218A CEVA?<\/p>\n<figure class=\"wp-block-image size-large\"><img loading=\"lazy\" decoding=\"async\" width=\"768\" height=\"1024\" src=\"http:\/\/revistaverde.ro\/wp-content\/uploads\/2026\/07\/UNGUREANU-2-768x1024.jpg\" alt class=\"wp-image-15653\"><\/figure>\n<p>C\u00e2t de incon\u0219tient \u0219i de arogant po\u021bi s\u0103 fii s\u0103 ignori aceast\u0103 adres\u0103?<\/p>\n<p>Cristina Ungureanu a ignorat-o \u0219i vede\u021bi ce r\u0103spuns de complice i-a dat:<\/p>\n<figure class=\"wp-block-image size-large\"><img decoding=\"async\" loading=\"lazy\" width=\"768\" height=\"1024\" src=\"http:\/\/revistaverde.ro\/wp-content\/uploads\/2026\/07\/UNGUREANU-768x1024.jpg\" alt class=\"wp-image-15652\"><\/figure>\n<p>Cred c\u0103 doamna Cristina Ungureanu are nevoie de o celul\u0103 mic\u0103, de unde s\u0103 reflecteze la ceea ce a f\u0103cut domnia-sa \u00een ultima perioad\u0103 de timp. Chiar \u0219i la chefurile de la Verne\u0219ti, \u0219i prafurile de pe acolo, de pe drumuri!<\/p>\n<div class=\"col-md-2 col-sm-4 col-xs-4\"> .col-md-2 { float:left; width: 16.6667%; } <\/div>\n<div class=\"col-md-2 col-sm-4 col-xs-4\"> .col-md-2 { float:left; width: 16.6667%; } <\/p>\n<div class=\"fb-share-button\" data-href=\"https:\/\/revistaverde.ro\/2026\/07\/08\/sefa-de-la-dsp-buzau-ne-da-cu-flit-cu-flytrin-6-14-in-nas\/\" data-layout=\"button\" data-size=\"large\" data-mobile-iframe=\"true\"><a class=\"fb-xfbml-parse-ignore\" target=\"_blank\" href=\"https:\/\/www.facebook.com\/sharer\/sharer.php?u=https%3A%2F%2Frevistaverde.ro%2F2026%2F07%2F08%2Fsefa-de-la-dsp-buzau-ne-da-cu-flit-cu-flytrin-6-14-in-nas%2F&amp;src=sdkpreparse\">Share<\/a><\/div>\n<\/div>\n<div class=\"col-md-2 col-sm-4 col-xs-4\"> .col-md-2 { float:left; width: 16.6667%; } <\/div>\n<\/div>\n<p>[analyse_source url=&#8221;https:\/\/revistaverde.ro\/2026\/07\/08\/sefa-de-la-dsp-buzau-ne-da-cu-flit-cu-flytrin-6-14-in-nas\/&#8221;]<\/p>\n","protected":false},"excerpt":{"rendered":"<p>[analyse_image type=&#8221;featured&#8221; src=&#8221;https:\/\/revistaverde.ro\/wp-content\/uploads\/2026\/07\/UNGUREANU-VV.jpg&#8221;] \u0218efa de la DSP Buz\u0103u, ne d\u0103 cu FLIT cu FLYTRIN 6.14 \u00een nas iulie 8, 2026M\u0103rg\u0103rit GROSUEco \u015etiri, Evenimente, international0 Cristina Ungureanu, jurista care are \u00een fi\u0219a postului, ca \u0219ef\u0103 la DSP Buz\u0103u, obliga\u021bia de a veghea la s\u0103n\u0103tatea public\u0103, nu mai are de mult\u0103 vreme astfel de preocup\u0103ri, \u0219i trateaz\u0103 [&hellip;]<\/p>\n","protected":false},"author":1,"featured_media":0,"comment_status":"open","ping_status":"","sticky":false,"template":"","format":"standard","meta":{"footnotes":""},"categories":[2],"tags":[226,57],"class_list":["post-2033743","post","type-post","status-publish","format-standard","hentry","category-politics","tag-crawlmanager","tag-revistaverde-ro"],"_links":{"self":[{"href":"https:\/\/analyse.optim.biz\/index.php?rest_route=\/wp\/v2\/posts\/2033743","targetHints":{"allow":["GET"]}}],"collection":[{"href":"https:\/\/analyse.optim.biz\/index.php?rest_route=\/wp\/v2\/posts"}],"about":[{"href":"https:\/\/analyse.optim.biz\/index.php?rest_route=\/wp\/v2\/types\/post"}],"author":[{"embeddable":true,"href":"https:\/\/analyse.optim.biz\/index.php?rest_route=\/wp\/v2\/users\/1"}],"replies":[{"embeddable":true,"href":"https:\/\/analyse.optim.biz\/index.php?rest_route=%2Fwp%2Fv2%2Fcomments&post=2033743"}],"version-history":[{"count":0,"href":"https:\/\/analyse.optim.biz\/index.php?rest_route=\/wp\/v2\/posts\/2033743\/revisions"}],"wp:attachment":[{"href":"https:\/\/analyse.optim.biz\/index.php?rest_route=%2Fwp%2Fv2%2Fmedia&parent=2033743"}],"wp:term":[{"taxonomy":"category","embeddable":true,"href":"https:\/\/analyse.optim.biz\/index.php?rest_route=%2Fwp%2Fv2%2Fcategories&post=2033743"},{"taxonomy":"post_tag","embeddable":true,"href":"https:\/\/analyse.optim.biz\/index.php?rest_route=%2Fwp%2Fv2%2Ftags&post=2033743"}],"curies":[{"name":"wp","href":"https:\/\/api.w.org\/{rel}","templated":true}]}}