{"id":2033741,"date":"2026-07-08T14:45:07","date_gmt":"2026-07-08T11:45:07","guid":{"rendered":"https:\/\/analyse.optim.biz\/?p=2033741"},"modified":"2026-07-08T14:45:07","modified_gmt":"2026-07-08T11:45:07","slug":"carmen-orban-premiata-la-gala-extraordinara-movers-shakers-2026","status":"publish","type":"post","link":"https:\/\/analyse.optim.biz\/?p=2033741","title":{"rendered":"Carmen Orban, premiat\u0103 la Gala Extraordinar\u0103 Movers &amp; Shakers 2026"},"content":{"rendered":"<p>[analyse_image type=&#8221;featured&#8221; src=&#8221;https:\/\/revistaverde.ro\/wp-content\/uploads\/2026\/07\/ORBAN-PREMIU.jpg&#8221;]<\/p>\n<article id=\"post-15659\" class=\"post-15659 post type-post status-publish format-standard has-post-thumbnail hentry category-evnimente category-sanatate\">\n<header class=\"entry-header mh-clearfix\">\n<h1 class=\"entry-title\">Carmen Orban, premiat\u0103 la Gala Extraordinar\u0103 Movers &amp; Shakers 2026<\/h1>\n<p class=\"mh-meta entry-meta\"><span class=\"entry-meta-date updated\"><a href=\"https:\/\/revistaverde.ro\/2026\/07\/\">iulie 8, 2026<\/a><\/span><span class=\"entry-meta-author author vcard\"><a class=\"fn\" href=\"https:\/\/revistaverde.ro\/author\/revistaverdefrumoasa2017\/\">M\u0103rg\u0103rit GROSU<\/a><\/span><span class=\"entry-meta-categories\"><a href=\"https:\/\/revistaverde.ro\/category\/local\/evnimente\/\" rel=\"category tag\">Evenimente<\/a>, <a href=\"https:\/\/revistaverde.ro\/category\/sanatate\/\" rel=\"category tag\">SANATATE<\/a><\/span><span class=\"entry-meta-comments\"><a class=\"mh-comment-scroll\" href=\"https:\/\/revistaverde.ro\/2026\/07\/08\/carmen-orban-premiata-la-gala-extraordinara-movers-shakers-2026\/#mh-comments\">0<\/a><\/span><\/p>\n<\/header>\n<div class=\"entry-content mh-clearfix\">\n<figure class=\"entry-thumbnail\"><img decoding=\"async\" src=\"https:\/\/revistaverde.ro\/wp-content\/uploads\/2026\/07\/ORBAN-PREMIU.jpg\" alt title=\"ORBAN PREMIU\"><\/figure>\n<h2 class=\"wp-block-heading\"><em>Recuno\u0219tin\u021b\u0103!<\/em><\/h2>\n<p><em>Sunt profund onorat\u0103 de distinc\u021bia primit\u0103 \u00een cadrul Galei Extraordinare Movers &amp; Shakers 2026.<\/em><\/p>\n<p><em>Mul\u021bumesc doamnei Ioana \u021aig\u0103nescu, echipei Media Uno, Institutului Na\u021bional de Statistic\u0103 \u0219i membrilor juriului pentru aceast\u0103 apreciere, pe care o primesc cu emo\u021bie \u0219i cu mult\u0103 smerenie.<\/em><\/p>\n<p><em>\u00cen realitate, nu consider c\u0103 acest premiu \u00eemi apar\u021bine doar mie. El apar\u021bine tuturor celor care cred c\u0103 Rom\u00e2nia poate merge \u00eenainte prin munc\u0103, responsabilitate, dialog \u0219i respect. Apar\u021bine acelor oameni care, de multe ori departe de lumina reflectoarelor, construiesc \u00een fiecare zi, cu profesionalism \u0219i bun\u0103 credin\u021b\u0103, o Rom\u00e2nie mai puternic\u0103, mai modern\u0103 \u0219i mai sustenabil\u0103.<\/em><\/p>\n<p><em>Dac\u0103 aceast\u0103 distinc\u021bie are o semnifica\u021bie pentru mine, atunci ea este aceea de a-mi reaminti c\u0103 fiecare responsabilitate public\u0103 trebuie onorat\u0103 cu \u0219i mai mult\u0103 implicare, echilibru \u0219i credin\u021b\u0103 \u00een oameni.<\/em><\/p>\n<p><em>Mul\u021bumesc tuturor celor care \u00eemi sunt al\u0103turi \u0219i care demonstreaz\u0103, prin ceea ce fac zi de zi, c\u0103 schimbarea se construie\u0219te \u00eempreun\u0103.<\/em><\/p>\n<p><em>Cu ajutorul lui Dumnezeu, mergem \u00eenainte.<\/em><\/p>\n<p><em>Doamne, ajut\u0103!<\/em><\/p>\n<div class=\"col-md-2 col-sm-4 col-xs-4\"> .col-md-2 { float:left; width: 16.6667%; } <\/div>\n<div class=\"col-md-2 col-sm-4 col-xs-4\"> .col-md-2 { float:left; width: 16.6667%; } <\/p>\n<div class=\"fb-share-button\" data-href=\"https:\/\/revistaverde.ro\/2026\/07\/08\/carmen-orban-premiata-la-gala-extraordinara-movers-shakers-2026\/\" data-layout=\"button\" data-size=\"large\" data-mobile-iframe=\"true\"><a class=\"fb-xfbml-parse-ignore\" target=\"_blank\" href=\"https:\/\/www.facebook.com\/sharer\/sharer.php?u=https%3A%2F%2Frevistaverde.ro%2F2026%2F07%2F08%2Fcarmen-orban-premiata-la-gala-extraordinara-movers-shakers-2026%2F&amp;src=sdkpreparse\">Share<\/a><\/div>\n<\/div>\n<div class=\"col-md-2 col-sm-4 col-xs-4\"> .col-md-2 { float:left; width: 16.6667%; } <\/div>\n<\/div>\n<\/article>\n<div class=\"entry-content mh-clearfix\">\n<figure class=\"entry-thumbnail\"><img decoding=\"async\" src=\"https:\/\/revistaverde.ro\/wp-content\/uploads\/2026\/07\/ORBAN-PREMIU.jpg\" alt title=\"ORBAN PREMIU\"><\/figure>\n<h2 class=\"wp-block-heading\"><em>Recuno\u0219tin\u021b\u0103!<\/em><\/h2>\n<p><em>Sunt profund onorat\u0103 de distinc\u021bia primit\u0103 \u00een cadrul Galei Extraordinare Movers &amp; Shakers 2026.<\/em><\/p>\n<p><em>Mul\u021bumesc doamnei Ioana \u021aig\u0103nescu, echipei Media Uno, Institutului Na\u021bional de Statistic\u0103 \u0219i membrilor juriului pentru aceast\u0103 apreciere, pe care o primesc cu emo\u021bie \u0219i cu mult\u0103 smerenie.<\/em><\/p>\n<p><em>\u00cen realitate, nu consider c\u0103 acest premiu \u00eemi apar\u021bine doar mie. El apar\u021bine tuturor celor care cred c\u0103 Rom\u00e2nia poate merge \u00eenainte prin munc\u0103, responsabilitate, dialog \u0219i respect. Apar\u021bine acelor oameni care, de multe ori departe de lumina reflectoarelor, construiesc \u00een fiecare zi, cu profesionalism \u0219i bun\u0103 credin\u021b\u0103, o Rom\u00e2nie mai puternic\u0103, mai modern\u0103 \u0219i mai sustenabil\u0103.<\/em><\/p>\n<p><em>Dac\u0103 aceast\u0103 distinc\u021bie are o semnifica\u021bie pentru mine, atunci ea este aceea de a-mi reaminti c\u0103 fiecare responsabilitate public\u0103 trebuie onorat\u0103 cu \u0219i mai mult\u0103 implicare, echilibru \u0219i credin\u021b\u0103 \u00een oameni.<\/em><\/p>\n<p><em>Mul\u021bumesc tuturor celor care \u00eemi sunt al\u0103turi \u0219i care demonstreaz\u0103, prin ceea ce fac zi de zi, c\u0103 schimbarea se construie\u0219te \u00eempreun\u0103.<\/em><\/p>\n<p><em>Cu ajutorul lui Dumnezeu, mergem \u00eenainte.<\/em><\/p>\n<p><em>Doamne, ajut\u0103!<\/em><\/p>\n<div class=\"col-md-2 col-sm-4 col-xs-4\"> .col-md-2 { float:left; width: 16.6667%; } <\/div>\n<div class=\"col-md-2 col-sm-4 col-xs-4\"> .col-md-2 { float:left; width: 16.6667%; } <\/p>\n<div class=\"fb-share-button\" data-href=\"https:\/\/revistaverde.ro\/2026\/07\/08\/carmen-orban-premiata-la-gala-extraordinara-movers-shakers-2026\/\" data-layout=\"button\" data-size=\"large\" data-mobile-iframe=\"true\"><a class=\"fb-xfbml-parse-ignore\" target=\"_blank\" href=\"https:\/\/www.facebook.com\/sharer\/sharer.php?u=https%3A%2F%2Frevistaverde.ro%2F2026%2F07%2F08%2Fcarmen-orban-premiata-la-gala-extraordinara-movers-shakers-2026%2F&amp;src=sdkpreparse\">Share<\/a><\/div>\n<\/div>\n<div class=\"col-md-2 col-sm-4 col-xs-4\"> .col-md-2 { float:left; width: 16.6667%; } <\/div>\n<\/div>\n<p>[analyse_source url=&#8221;https:\/\/revistaverde.ro\/2026\/07\/08\/carmen-orban-premiata-la-gala-extraordinara-movers-shakers-2026\/&#8221;]<\/p>\n","protected":false},"excerpt":{"rendered":"<p>[analyse_image type=&#8221;featured&#8221; src=&#8221;https:\/\/revistaverde.ro\/wp-content\/uploads\/2026\/07\/ORBAN-PREMIU.jpg&#8221;] Carmen Orban, premiat\u0103 la Gala Extraordinar\u0103 Movers &amp; Shakers 2026 iulie 8, 2026M\u0103rg\u0103rit GROSUEvenimente, SANATATE0 Recuno\u0219tin\u021b\u0103! Sunt profund onorat\u0103 de distinc\u021bia primit\u0103 \u00een cadrul Galei Extraordinare Movers &amp; Shakers 2026. Mul\u021bumesc doamnei Ioana \u021aig\u0103nescu, echipei Media Uno, Institutului Na\u021bional de Statistic\u0103 \u0219i membrilor juriului pentru aceast\u0103 apreciere, pe care o primesc cu [&hellip;]<\/p>\n","protected":false},"author":1,"featured_media":0,"comment_status":"open","ping_status":"","sticky":false,"template":"","format":"standard","meta":{"footnotes":""},"categories":[2],"tags":[226,57],"class_list":["post-2033741","post","type-post","status-publish","format-standard","hentry","category-politics","tag-crawlmanager","tag-revistaverde-ro"],"_links":{"self":[{"href":"https:\/\/analyse.optim.biz\/index.php?rest_route=\/wp\/v2\/posts\/2033741","targetHints":{"allow":["GET"]}}],"collection":[{"href":"https:\/\/analyse.optim.biz\/index.php?rest_route=\/wp\/v2\/posts"}],"about":[{"href":"https:\/\/analyse.optim.biz\/index.php?rest_route=\/wp\/v2\/types\/post"}],"author":[{"embeddable":true,"href":"https:\/\/analyse.optim.biz\/index.php?rest_route=\/wp\/v2\/users\/1"}],"replies":[{"embeddable":true,"href":"https:\/\/analyse.optim.biz\/index.php?rest_route=%2Fwp%2Fv2%2Fcomments&post=2033741"}],"version-history":[{"count":0,"href":"https:\/\/analyse.optim.biz\/index.php?rest_route=\/wp\/v2\/posts\/2033741\/revisions"}],"wp:attachment":[{"href":"https:\/\/analyse.optim.biz\/index.php?rest_route=%2Fwp%2Fv2%2Fmedia&parent=2033741"}],"wp:term":[{"taxonomy":"category","embeddable":true,"href":"https:\/\/analyse.optim.biz\/index.php?rest_route=%2Fwp%2Fv2%2Fcategories&post=2033741"},{"taxonomy":"post_tag","embeddable":true,"href":"https:\/\/analyse.optim.biz\/index.php?rest_route=%2Fwp%2Fv2%2Ftags&post=2033741"}],"curies":[{"name":"wp","href":"https:\/\/api.w.org\/{rel}","templated":true}]}}