{"id":2033495,"date":"2026-07-08T16:37:35","date_gmt":"2026-07-08T13:37:35","guid":{"rendered":"https:\/\/analyse.optim.biz\/?p=2033495"},"modified":"2026-07-08T16:37:35","modified_gmt":"2026-07-08T13:37:35","slug":"femeie-gasita-moarta-in-raul-bistrita-la-60-de-kilometri-distanta-dupa-ce-a-cazut-de-pe-puntea-din","status":"publish","type":"post","link":"https:\/\/analyse.optim.biz\/?p=2033495","title":{"rendered":"Femeie g\u0103sit\u0103 moart\u0103, \u00een r\u00e2ul Bistri\u021ba, la 60 de kilometri distan\u021b\u0103, dup\u0103 ce a c\u0103zut de pe puntea din"},"content":{"rendered":"<p>[analyse_image type=&#8221;featured&#8221; src=&#8221;https:\/\/www.informatiata.ro\/wp-content\/uploads\/2021\/07\/barbat-inecat-Beresti-2.jpg&#8221;]<\/p>\n<div class=\"td-post-content tagdiv-type\">\n<div class=\"td-post-featured-image\"><a href=\"https:\/\/www.informatiata.ro\/wp-content\/uploads\/2021\/07\/barbat-inecat-Beresti-2.jpg\" data-caption><img loading=\"lazy\" decoding=\"async\" width=\"650\" height=\"487\" class=\"entry-thumb td-modal-image\" src=\"https:\/\/www.informatiata.ro\/wp-content\/uploads\/2021\/07\/barbat-inecat-Beresti-2.jpg\" alt title=\"inecat\"><img loading=\"lazy\" decoding=\"async\" width=\"650\" height=\"487\" class=\"entry-thumb td-modal-image\" src=\"https:\/\/www.informatiata.ro\/wp-content\/uploads\/2021\/07\/barbat-inecat-Beresti-2.jpg\" alt title=\"inecat\"><\/a><\/div>\n<p>Femeie g\u0103sit\u0103 moart\u0103, \u00een r\u00e2ul Bistri\u021ba, la 60 de kilometri distan\u021b\u0103, dup\u0103 ce a c\u0103zut de pe puntea din apropierea casei. <\/p>\n<p>Aceasta a fost dat\u0103 disp\u0103rut\u0103 pe 4 iulie, la Vatra Dornei, \u00een timpul viiturilor. Trupul ei a fost g\u0103sit pe 6 iulie, \u00een albia r\u00e2ului Bistri\u021ba, la Bro\u0219teni<\/p>\n<div class=\"td-a-rec td-a-rec-id-content_inlineright  tdi_7 td_block_template_1\"><img loading=\"lazy\" decoding=\"async\" class=\"aligncenter size-full wp-image-65536\" src=\"https:\/\/www.informatiata.ro\/wp-content\/uploads\/2026\/07\/SAVCOM-4.gif\" alt width=\"299\" height=\"250\"><img loading=\"lazy\" decoding=\"async\" class=\"aligncenter size-full wp-image-65536\" src=\"https:\/\/www.informatiata.ro\/wp-content\/uploads\/2026\/07\/SAVCOM-4.gif\" alt width=\"299\" height=\"250\"><img loading=\"lazy\" decoding=\"async\" class=\"aligncenter size-full wp-image-65537\" src=\"https:\/\/www.informatiata.ro\/wp-content\/uploads\/2026\/07\/FACOS-3.gif\" alt width=\"300\" height=\"250\"><img loading=\"lazy\" decoding=\"async\" class=\"aligncenter size-full wp-image-65537\" src=\"https:\/\/www.informatiata.ro\/wp-content\/uploads\/2026\/07\/FACOS-3.gif\" alt width=\"300\" height=\"250\"><\/div>\n<p>\u00cen diminea\u021ba zilei de 06 iulie, \u00een jurul orei 08.00, Poli\u0163ia ora\u015fului Bro\u015fteni a fost sesizat\u0103 prin SNUAU 112, de o femeie din ora\u0219ul Bro\u015fteni, sat Pietroasa, despre faptul c\u0103 so\u0163ul s\u0103u, \u00een timp ce str\u00e2ngea lemne aduse de ape, a g\u0103sit o persoan\u0103 decedat\u0103.<\/p>\n<p>\u00cen albia r\u00e2ului Bistria, pe o insul\u0103 format\u0103 dup\u0103 retragerea apelor, pe care erau depuse lemne \u015fi aluviuni, se afla o persoan\u0103 de sex femeiesc, acoperit\u0103 par\u0163ial cu lemne, f\u0103r\u0103 a prezenta urme de violen\u021b\u0103 pe corp, \u00eens\u0103 cu semne vizibile de lividitate cadaveric\u0103.<\/p>\n<p>\u00cen urma verific\u0103rilor efectuate, poli\u021bi\u0219tii au stabilit c\u0103 este vorba despre o femeie de 52 ani, din municipiul Vatra Dornei, care fusese dat\u0103 disp\u0103rut\u0103 ca urmare a sesiz\u0103rii f\u0103cut\u0103 de c\u0103tre so\u0163ul acesteia, \u00een ziua de 04 iulie, c\u00e2nd s-au \u00eenregistrat precipita\u021bii masive \u0219i ploi abundente.<\/p>\n<p>De asemenea, \u00een urma verific\u0103rilor efectuate, s-a stabilita faptul c\u0103 femeia ar fi c\u0103zut de pe puntea ce face accesul c\u0103tre locuin\u021ba sa \u00een apele r\u00e2ului \u201eBistri\u0163a\u201d, fiind purtat\u0103 de ape pe o distan\u0163\u0103 de circa 60 km.<\/p>\n<\/div>\n<p>[analyse_source url=&#8221;https:\/\/www.informatiata.ro\/femeie-gasita-moarta-in-raul-bistrita\/&#8221;]<\/p>\n","protected":false},"excerpt":{"rendered":"<p>[analyse_image type=&#8221;featured&#8221; src=&#8221;https:\/\/www.informatiata.ro\/wp-content\/uploads\/2021\/07\/barbat-inecat-Beresti-2.jpg&#8221;] Femeie g\u0103sit\u0103 moart\u0103, \u00een r\u00e2ul Bistri\u021ba, la 60 de kilometri distan\u021b\u0103, dup\u0103 ce a c\u0103zut de pe puntea din apropierea casei. Aceasta a fost dat\u0103 disp\u0103rut\u0103 pe 4 iulie, la Vatra Dornei, \u00een timpul viiturilor. Trupul ei a fost g\u0103sit pe 6 iulie, \u00een albia r\u00e2ului Bistri\u021ba, la Bro\u0219teni \u00cen diminea\u021ba zilei [&hellip;]<\/p>\n","protected":false},"author":1,"featured_media":0,"comment_status":"open","ping_status":"","sticky":false,"template":"","format":"standard","meta":{"footnotes":""},"categories":[89],"tags":[226,167],"class_list":["post-2033495","post","type-post","status-publish","format-standard","hentry","category-romania","tag-crawlmanager","tag-informatiata-ro"],"_links":{"self":[{"href":"https:\/\/analyse.optim.biz\/index.php?rest_route=\/wp\/v2\/posts\/2033495","targetHints":{"allow":["GET"]}}],"collection":[{"href":"https:\/\/analyse.optim.biz\/index.php?rest_route=\/wp\/v2\/posts"}],"about":[{"href":"https:\/\/analyse.optim.biz\/index.php?rest_route=\/wp\/v2\/types\/post"}],"author":[{"embeddable":true,"href":"https:\/\/analyse.optim.biz\/index.php?rest_route=\/wp\/v2\/users\/1"}],"replies":[{"embeddable":true,"href":"https:\/\/analyse.optim.biz\/index.php?rest_route=%2Fwp%2Fv2%2Fcomments&post=2033495"}],"version-history":[{"count":0,"href":"https:\/\/analyse.optim.biz\/index.php?rest_route=\/wp\/v2\/posts\/2033495\/revisions"}],"wp:attachment":[{"href":"https:\/\/analyse.optim.biz\/index.php?rest_route=%2Fwp%2Fv2%2Fmedia&parent=2033495"}],"wp:term":[{"taxonomy":"category","embeddable":true,"href":"https:\/\/analyse.optim.biz\/index.php?rest_route=%2Fwp%2Fv2%2Fcategories&post=2033495"},{"taxonomy":"post_tag","embeddable":true,"href":"https:\/\/analyse.optim.biz\/index.php?rest_route=%2Fwp%2Fv2%2Ftags&post=2033495"}],"curies":[{"name":"wp","href":"https:\/\/api.w.org\/{rel}","templated":true}]}}