{"id":203303,"date":"2014-06-10T14:49:25","date_gmt":"2014-06-10T11:49:25","guid":{"rendered":"https:\/\/analyse.optim.biz\/?p=203303"},"modified":"2014-06-10T14:49:25","modified_gmt":"2014-06-10T11:49:25","slug":"liviu-dragnea-in-negocierile-cu-ppdd-nu-s-a-discutat-despre-redeschiderea-otv-nu-avem-televiziune-de-partid","status":"publish","type":"post","link":"https:\/\/analyse.optim.biz\/?p=203303","title":{"rendered":"Liviu Dragnea: \u00cen negocierile cu PPDD nu s-a discutat despre redeschiderea OTV. Nu avem televiziune de partid"},"content":{"rendered":"<div class=\"entry data-app-meta data-app-meta-article\" data-embed-base-url-canonical=\"https:\/\/www.digi24.ro\/embed\/stiri\/actualitate\/politica\/liviu-dragnea-in-negocierile-cu-ppdd-nu-s-a-discutat-despre-redeschiderea-otv-nu-avem-televiziune-de-partid-254247\">\n<p data-index=\"1\">\u201eLa Bra\u015fov nu s-a rezolvat. La Bra\u015fov au schimbat viceprimarul nostru cu un viceprimar de la PNL sau PDL. Ne uit\u0103m cu aten\u0163ie la ce se \u00eent\u00e2mpl\u0103 \u00een jude\u0163e pentru c\u0103 asta este principala motiva\u0163ie care ne determin\u0103 s\u0103 avem aceste discu\u0163ii. Dac\u0103 ce s-a \u00eent\u00e2mplat la Bra\u015fov continu\u0103, probabil c\u0103 nu mai avem subiect de discu\u0163ii\u201d, a spus Dragnea.<\/p>\n<p data-index=\"2\">El a ar\u0103tat c\u0103 nu exist\u0103 nicio garan\u0163ie c\u0103 PPDD nu va face \u00een continuare ceea ce a f\u0103cut la Bra\u015fov. \u201eNu exist\u0103 nicio garan\u0163ie. Nu ne-am mai v\u0103zut. Nu ne-am mai \u00eent\u00e2lnit p\u00e2n\u0103 acum, pentru c\u0103 a fost o minivacan\u0163\u0103. Nu puteam s\u0103 ne vedem de Rusalii. Am vorbit la telefon asear\u0103, \u00een cursul zilei de azi probabil o s\u0103 ne mai auzim s\u0103 stabilim c\u00e2nd facem urm\u0103toarea \u00eent\u00e2lnire\u201d, a spus Dragnea.<\/p>\n<p data-index=\"3\">El a ar\u0103tat, r\u0103spunz\u00e2nd unei \u00eentreb\u0103ri, c\u0103 pre\u015fedintele fondator al PPDD, Dan Diaconescu, nu a avansat \u00een negocieri, prin intermediul reprezentan\u0163ilor PPDD, solicitarea redeschiderii OTV.<\/p>\n<p data-index=\"4\">\u201eNu am avut discu\u0163ii cu Dan Diaconescu. Chiar dac\u0103 am avea, cei cu care ne-am \u00eent\u00e2lnit nu pot cere a\u015fa ceva pentru c\u0103 nu are leg\u0103tur\u0103 cu cele trei domenii posibile de colaborare. Noi nu avem televiziune la partid\u201d, a spus Dragnea.<\/p>\n<p data-index=\"5\">Surse politice au relatat c\u0103 PPDD ar fi cerut de la PSD o func\u0163ie de ministru, respectiv cea de ministru pentru rom\u00e2nii de pretutindeni, \u015fi patru func\u0163ii de secretar de stat pentru a face majorit\u0103\u0163i \u00een consiliile jude\u0163ene.<\/p>\n<p data-index=\"6\">Viceprimarul PSD din municipiul Bra\u015fov, R\u0103zvan Popa, a fost schimbat din func\u0163ie, joi, \u00een cadrul \u015fedin\u0163ei Consilului Local, acesta fiind \u00eenlocuit cu Adina Alexandrina Durbac\u0103 (PPDD).<\/p>\n<\/div>\n<p> Source URL: https:\/\/www.digi24.ro\/stiri\/actualitate\/politica\/liviu-dragnea-in-negocierile-cu-ppdd-nu-s-a-discutat-despre-redeschiderea-otv-nu-avem-televiziune-de-partid-254247<\/p>\n","protected":false},"excerpt":{"rendered":"<p>\u201eLa Bra\u015fov nu s-a rezolvat. La Bra\u015fov au schimbat viceprimarul nostru cu un viceprimar de la PNL sau PDL. Ne uit\u0103m cu aten\u0163ie la ce se \u00eent\u00e2mpl\u0103 \u00een jude\u0163e pentru c\u0103 asta este principala motiva\u0163ie care ne determin\u0103 s\u0103 avem aceste discu\u0163ii. Dac\u0103 ce s-a \u00eent\u00e2mplat la Bra\u015fov continu\u0103, probabil c\u0103 nu mai avem subiect [&hellip;]<\/p>\n","protected":false},"author":1,"featured_media":203304,"comment_status":"open","ping_status":"","sticky":false,"template":"","format":"standard","meta":{"footnotes":""},"categories":[2],"tags":[11],"class_list":["post-203303","post","type-post","status-publish","format-standard","has-post-thumbnail","hentry","category-politics","tag-digi24"],"_links":{"self":[{"href":"https:\/\/analyse.optim.biz\/index.php?rest_route=\/wp\/v2\/posts\/203303","targetHints":{"allow":["GET"]}}],"collection":[{"href":"https:\/\/analyse.optim.biz\/index.php?rest_route=\/wp\/v2\/posts"}],"about":[{"href":"https:\/\/analyse.optim.biz\/index.php?rest_route=\/wp\/v2\/types\/post"}],"author":[{"embeddable":true,"href":"https:\/\/analyse.optim.biz\/index.php?rest_route=\/wp\/v2\/users\/1"}],"replies":[{"embeddable":true,"href":"https:\/\/analyse.optim.biz\/index.php?rest_route=%2Fwp%2Fv2%2Fcomments&post=203303"}],"version-history":[{"count":0,"href":"https:\/\/analyse.optim.biz\/index.php?rest_route=\/wp\/v2\/posts\/203303\/revisions"}],"wp:featuredmedia":[{"embeddable":true,"href":"https:\/\/analyse.optim.biz\/index.php?rest_route=\/wp\/v2\/media\/203304"}],"wp:attachment":[{"href":"https:\/\/analyse.optim.biz\/index.php?rest_route=%2Fwp%2Fv2%2Fmedia&parent=203303"}],"wp:term":[{"taxonomy":"category","embeddable":true,"href":"https:\/\/analyse.optim.biz\/index.php?rest_route=%2Fwp%2Fv2%2Fcategories&post=203303"},{"taxonomy":"post_tag","embeddable":true,"href":"https:\/\/analyse.optim.biz\/index.php?rest_route=%2Fwp%2Fv2%2Ftags&post=203303"}],"curies":[{"name":"wp","href":"https:\/\/api.w.org\/{rel}","templated":true}]}}