{"id":203292,"date":"2014-06-10T16:13:42","date_gmt":"2014-06-10T13:13:42","guid":{"rendered":"https:\/\/analyse.optim.biz\/?p=203292"},"modified":"2014-06-10T16:13:42","modified_gmt":"2014-06-10T13:13:42","slug":"prezidentiabilii-dreptei-pdl-si-pnl-nu-l-vor-sustine-pe-cristian-diaconescu-sau-pe-elena-udrea","status":"publish","type":"post","link":"https:\/\/analyse.optim.biz\/?p=203292","title":{"rendered":"Preziden\u021biabilii dreptei. PDL \u015fi PNL nu-l vor sus\u021bine pe Cristian Diaconescu sau pe Elena Udrea"},"content":{"rendered":"<div class=\"entry data-app-meta data-app-meta-article\" data-embed-base-url-canonical=\"https:\/\/www.digi24.ro\/embed\/stiri\/actualitate\/politica\/prezidentiabilii-dreptei-pdl-si-pnl-nu-l-vor-sustine-pe-cristian-diaconescu-sau-pe-elena-udrea-254301\">\n<p data-index=\"1\"><strong>PNL \u015fi PDL<\/strong> au anun\u0163at c\u0103 nu vor sus\u0163ine preziden\u0163iabilul PMP \u00een cursa pentru Cotroceni, ci vor merge cu un candidat propriu care va fi stabilit la jum\u0103tatea lunii iulie.<\/p>\n<p data-index=\"2\">\u201e<span>Nu avem nimic comun cu Traian B\u0103sescu. Candidatul lui Traian B\u0103sescu, dup\u0103 cum el \u00eensu\u0219i a spus, este domnul Diaconescu\u201d, a declarat Gheorghe Flutur. \u00centrebat dac\u0103 l-ar sus\u021bine pe<strong> Cristian Diaconescu, Gheorghe Flutur<\/strong> a r\u0103spuns: \u201eExclus. Noi avem candidatul nostru, care va fi stabilit \u00een urma cercet\u0103rii despre care deja am vorbit \u0219i sunt convins c\u0103 el va fi candidatul dreptei\u201d.<\/span><\/p>\n<p data-index=\"3\">La r\u00e2ndul s\u0103u, C\u0103t\u0103lin Predoiu, preziden\u021biabilul PDL, a spus c\u0103 r\u0103m\u00e2ne de v\u0103zut dac\u0103 va r\u0103m\u00e2ne \u00een curs\u0103 <strong>Cristian Diaconescu.<\/strong> \u201eDin c\u00e2te am v\u0103zut, nu este foarte clar acest lucru, nu este exclus ca Elena Udrea s\u0103 candideze\u201d, a spus <strong>C\u0103t\u0103lin Predoiu.<\/strong><\/p>\n<p data-index=\"4\">Declara\u0163iile fostului coleg de partid nu au fost pe placul pre\u015fedintelui PMP, Elena Udrea.<\/p>\n<p data-index=\"5\">\u201eDomnul C\u0103t\u0103lin Predoiu, despre care nu mai \u0219tim dac\u0103 este candidat sau nu, cred c\u0103 prima preocupare trebuie s\u0103 o aib\u0103 legat\u0103 de statutul d\u00e2nsului. PMP are un candidat care se nume\u0219te Cristian Diaconescu, dac\u0103 d\u00e2nsul nu m\u0103 sus\u021bine pe mine la preciden\u021biale, o s\u0103 \u021bin minte peste cinci ani\u201d, a spus Elena Udrea.<\/p>\n<p data-index=\"6\">Liderul PMP a anun\u0163at c\u0103, \u00een ciuda celor spuse de liderii PNL \u015fi PDL, Cristian Diaconescu r\u0103m\u00e2ne un candidat puternic care va intra \u00een turul doi al alegerilor preziden\u0163iale. Pre\u015fedintele PMP a negat acuza\u0163iile aduse de liderii PNL \u015fi PDL c\u0103 <strong>Traian B\u0103sescu<\/strong> ar fi \u00een spatele candidaturii lui <strong>Cristian Diaconescu.<\/strong><\/p>\n<p data-index=\"7\">\u201eAm v\u0103zut c\u00e2t\u0103 sup\u0103rare a n\u0103scut faptul c\u0103 PMP \u0219i-a desemnat candidatul, av\u00e2nd \u00een vedere orgoliile de pe zona de centru-dreapta. P\u00e2n\u0103 c\u00e2nd stabilesc celelalte partide stabilesc ce fac, fuzioneaz\u0103, se aliaz\u0103 sau ce fac, lans\u0103m candidat propriu la pre\u0219edin\u021bia Rom\u00e2niei \u0219i dac\u0103 acest candidat este cel mai bun, atunci desigur c\u0103 a\u0219tept\u0103m \u0219i celelalte partide de centru-dreapta s\u0103 vin\u0103 s\u0103-l sus\u021bin\u0103\u201d, a spus \u0219efa PMP.<\/p>\n<p data-index=\"8\"><strong>Elena Udrea<\/strong> a mai spus c\u0103 PMP nu va fuziona cu partidele de dreapta.<\/p>\n<\/div>\n<p> Source URL: https:\/\/www.digi24.ro\/stiri\/actualitate\/politica\/prezidentiabilii-dreptei-pdl-si-pnl-nu-l-vor-sustine-pe-cristian-diaconescu-sau-pe-elena-udrea-254301<\/p>\n","protected":false},"excerpt":{"rendered":"<p>PNL \u015fi PDL au anun\u0163at c\u0103 nu vor sus\u0163ine preziden\u0163iabilul PMP \u00een cursa pentru Cotroceni, ci vor merge cu un candidat propriu care va fi stabilit la jum\u0103tatea lunii iulie. \u201eNu avem nimic comun cu Traian B\u0103sescu. Candidatul lui Traian B\u0103sescu, dup\u0103 cum el \u00eensu\u0219i a spus, este domnul Diaconescu\u201d, a declarat Gheorghe Flutur. \u00centrebat [&hellip;]<\/p>\n","protected":false},"author":1,"featured_media":203293,"comment_status":"open","ping_status":"","sticky":false,"template":"","format":"standard","meta":{"footnotes":""},"categories":[2],"tags":[11],"class_list":["post-203292","post","type-post","status-publish","format-standard","has-post-thumbnail","hentry","category-politics","tag-digi24"],"_links":{"self":[{"href":"https:\/\/analyse.optim.biz\/index.php?rest_route=\/wp\/v2\/posts\/203292","targetHints":{"allow":["GET"]}}],"collection":[{"href":"https:\/\/analyse.optim.biz\/index.php?rest_route=\/wp\/v2\/posts"}],"about":[{"href":"https:\/\/analyse.optim.biz\/index.php?rest_route=\/wp\/v2\/types\/post"}],"author":[{"embeddable":true,"href":"https:\/\/analyse.optim.biz\/index.php?rest_route=\/wp\/v2\/users\/1"}],"replies":[{"embeddable":true,"href":"https:\/\/analyse.optim.biz\/index.php?rest_route=%2Fwp%2Fv2%2Fcomments&post=203292"}],"version-history":[{"count":0,"href":"https:\/\/analyse.optim.biz\/index.php?rest_route=\/wp\/v2\/posts\/203292\/revisions"}],"wp:featuredmedia":[{"embeddable":true,"href":"https:\/\/analyse.optim.biz\/index.php?rest_route=\/wp\/v2\/media\/203293"}],"wp:attachment":[{"href":"https:\/\/analyse.optim.biz\/index.php?rest_route=%2Fwp%2Fv2%2Fmedia&parent=203292"}],"wp:term":[{"taxonomy":"category","embeddable":true,"href":"https:\/\/analyse.optim.biz\/index.php?rest_route=%2Fwp%2Fv2%2Fcategories&post=203292"},{"taxonomy":"post_tag","embeddable":true,"href":"https:\/\/analyse.optim.biz\/index.php?rest_route=%2Fwp%2Fv2%2Ftags&post=203292"}],"curies":[{"name":"wp","href":"https:\/\/api.w.org\/{rel}","templated":true}]}}