{"id":203280,"date":"2014-06-10T16:48:30","date_gmt":"2014-06-10T13:48:30","guid":{"rendered":"https:\/\/analyse.optim.biz\/?p=203280"},"modified":"2014-06-10T16:48:30","modified_gmt":"2014-06-10T13:48:30","slug":"udmr-nu-vrea-ppdd-la-guvernare-ar-fi-un-dezastru-de-imagine","status":"publish","type":"post","link":"https:\/\/analyse.optim.biz\/?p=203280","title":{"rendered":"UDMR nu vrea PPDD la guvernare: Ar fi un dezastru de imagine"},"content":{"rendered":"<div class=\"entry data-app-meta data-app-meta-article\" data-embed-base-url-canonical=\"https:\/\/www.digi24.ro\/embed\/stiri\/actualitate\/politica\/udmr-nu-vrea-ppdd-la-guvernare-ar-fi-un-dezastru-de-imagine-254316\">\n<p data-index=\"1\"><img decoding=\"async\" src=\"https:\/\/analyse.optim.biz\/wp-content\/uploads\/2024\/09\/jmhhc2g9ywyyodewzjeyytdlotizztmwymzmnjk4n2rimze3mzi-thumb_.jpg\" data-skip-htmlfix=\"1\" title=\"jmhhc2g9ywyyodewzjeyytdlotizztmwymzmnjk4n2rimze3mzi-thumb_\"><\/p>\n<p data-index=\"2\"><strong>Kelemn Hunor<\/strong> a spus c\u0103 intrarea PPDD la guvernare ar fi un dezastru de imagine.<\/p>\n<p data-index=\"3\">Liderul UDMR sus\u0163ine c\u0103 nu ar fi deranjat de alian\u0163ele punctuale ale PSD \u00een teritoriu, dar s-a opus intr\u0103rii PPDD la guvernare.<\/p>\n<p data-index=\"4\">&#8220;Pe plan local se fac \u00een\u0163elegeri, dar la nivel guvernamental ar fi o gre\u015feal\u0103&#8221;, a ad\u0103ugat Kelemen Hunor.<\/p>\n<p data-index=\"5\">\u00cen leg\u0103tur\u0103 cu acest aspect, Victor Ponta a spus c\u0103 deocamdat\u0103 nu este un rezultat al negocierilor cu PPDD.<\/p>\n<p data-index=\"6\">&#8220;Nu am discutat zilele acestea, c\u00e2nd vorbim, anun\u0163\u0103m. Nu au fost negocieri, s-a discutat la nivel tehnic de c\u0103tre domnul Dragnea cu secretarul general. Nu m-am v\u0103zut cu conducerea PPDD&#8221;, a declarat <strong>Victor Ponta<\/strong>.<\/p>\n<p data-index=\"7\">\u201e<span>E drobul de sare, nu am discutat intrarea PPDD la guvernare. Erau discu\u0163ii pentru plan local. Avem la Cluj probleme, la Bra\u015fov probleme, am v\u0103zut declara\u0163ii \u015fi la Dej. Sigur trebuie s\u0103 existe o a doua negociere cu PPDD trebuie s\u0103 vedem ce se \u00eent\u00e2mpl\u0103 pe jude\u0163e. Nu vrem s\u0103 \u00eenchidem discu\u0163iile cu cei de la PPDD. \u0162inem cont foarte mult de p\u0103rerea UDMR c\u00e2nd e vorba despre cooptarea la guvernare\u201d, a declarat <strong>Liviu Dragnea.<\/strong><\/span><\/p>\n<\/div>\n<p> Source URL: https:\/\/www.digi24.ro\/stiri\/actualitate\/politica\/udmr-nu-vrea-ppdd-la-guvernare-ar-fi-un-dezastru-de-imagine-254316<\/p>\n","protected":false},"excerpt":{"rendered":"<p>Kelemn Hunor a spus c\u0103 intrarea PPDD la guvernare ar fi un dezastru de imagine. Liderul UDMR sus\u0163ine c\u0103 nu ar fi deranjat de alian\u0163ele punctuale ale PSD \u00een teritoriu, dar s-a opus intr\u0103rii PPDD la guvernare. &#8220;Pe plan local se fac \u00een\u0163elegeri, dar la nivel guvernamental ar fi o gre\u015feal\u0103&#8221;, a ad\u0103ugat Kelemen Hunor. [&hellip;]<\/p>\n","protected":false},"author":1,"featured_media":203281,"comment_status":"open","ping_status":"","sticky":false,"template":"","format":"standard","meta":{"footnotes":""},"categories":[2],"tags":[11],"class_list":["post-203280","post","type-post","status-publish","format-standard","has-post-thumbnail","hentry","category-politics","tag-digi24"],"_links":{"self":[{"href":"https:\/\/analyse.optim.biz\/index.php?rest_route=\/wp\/v2\/posts\/203280","targetHints":{"allow":["GET"]}}],"collection":[{"href":"https:\/\/analyse.optim.biz\/index.php?rest_route=\/wp\/v2\/posts"}],"about":[{"href":"https:\/\/analyse.optim.biz\/index.php?rest_route=\/wp\/v2\/types\/post"}],"author":[{"embeddable":true,"href":"https:\/\/analyse.optim.biz\/index.php?rest_route=\/wp\/v2\/users\/1"}],"replies":[{"embeddable":true,"href":"https:\/\/analyse.optim.biz\/index.php?rest_route=%2Fwp%2Fv2%2Fcomments&post=203280"}],"version-history":[{"count":0,"href":"https:\/\/analyse.optim.biz\/index.php?rest_route=\/wp\/v2\/posts\/203280\/revisions"}],"wp:featuredmedia":[{"embeddable":true,"href":"https:\/\/analyse.optim.biz\/index.php?rest_route=\/wp\/v2\/media\/203281"}],"wp:attachment":[{"href":"https:\/\/analyse.optim.biz\/index.php?rest_route=%2Fwp%2Fv2%2Fmedia&parent=203280"}],"wp:term":[{"taxonomy":"category","embeddable":true,"href":"https:\/\/analyse.optim.biz\/index.php?rest_route=%2Fwp%2Fv2%2Fcategories&post=203280"},{"taxonomy":"post_tag","embeddable":true,"href":"https:\/\/analyse.optim.biz\/index.php?rest_route=%2Fwp%2Fv2%2Ftags&post=203280"}],"curies":[{"name":"wp","href":"https:\/\/api.w.org\/{rel}","templated":true}]}}