{"id":203277,"date":"2014-06-10T18:48:23","date_gmt":"2014-06-10T15:48:23","guid":{"rendered":"https:\/\/analyse.optim.biz\/?p=203277"},"modified":"2014-06-10T18:48:23","modified_gmt":"2014-06-10T15:48:23","slug":"cristian-diaconescu-a-fost-ales-presedinte-al-fundatiei-miscarea-populara","status":"publish","type":"post","link":"https:\/\/analyse.optim.biz\/?p=203277","title":{"rendered":"Cristian Diaconescu a fost ales pre\u015fedinte al Funda\u0163iei Mi\u015fcarea Popular\u0103"},"content":{"rendered":"<div class=\"entry data-app-meta data-app-meta-article\" data-embed-base-url-canonical=\"https:\/\/www.digi24.ro\/embed\/stiri\/actualitate\/politica\/cristian-diaconescu-a-fost-ales-presedinte-al-fundatiei-miscarea-populara-254406\">\n<p data-index=\"1\"><img decoding=\"async\" src=\"https:\/\/analyse.optim.biz\/wp-content\/uploads\/2024\/09\/jmhhc2g9nwy3yjy3ztvjzti2ntk2yza4mmm3mwmxztuxmdezyjc-thumb_.jpg\" data-skip-htmlfix=\"1\" title=\"jmhhc2g9nwy3yjy3ztvjzti2ntk2yza4mmm3mwmxztuxmdezyjc-thumb_\"><\/p>\n<p data-index=\"2\">\u201eFunda\u0163ia este promotorul Partidului Mi\u015fcarea Popular\u0103, iar rolul acesteia este departe de a fi consumat, pentru c\u0103 intr\u0103m \u00eentr-o etap\u0103 \u015fi o logic\u0103 nou\u0103, iar expertiza funda\u0163iei este vital\u0103 pentru partid\u201d, a declarat, pentru Mediafax, Cristian Diaconescu.<\/p>\n<p data-index=\"3\">Acesta a apreciat c\u0103 funda\u021bia \u201ea avut un parcurs excep\u0163ional\u201d de la \u00eenfiin\u0163are \u015fi p\u00e2n\u0103 \u00een prezent, aceast\u0103 traiectorie dator\u00e2ndu-se \u201e\u00een mare m\u0103sur\u0103\u201d predecesorului s\u0103u, Marian Preda, care a condus funda\u0163ia cu \u201eefort \u015fi d\u0103ruire\u201d.<\/p>\n<p data-index=\"4\">C. Diaconescu a mai spus c\u0103 vrea s\u0103 continue colaborarea cu Marian Preda \u0219i c\u0103 \u015fi-i dore\u015fte \u201eaproape pe Cristi Preda, Adrian Papahagi,Sebastian L\u0103z\u0103roiu, Elenina Nicu\u0163, precum \u015fi pe colegii\u201d care s-au implicat \u00een perioada de \u00eenceput a Funda\u0163iei Mi\u015fcarea Popular\u0103.<\/p>\n<p data-index=\"5\">Profesorul universitar Marian Preda, decanul Facult\u0103\u0163ii de Sociologie \u015fi Asisten\u0163\u0103 Social\u0103 a Universit\u0103\u0163ii Bucure\u015fti, a anun\u0163at mar\u0163i<a href=\"https:\/\/www.digi24.ro\/Stiri\/Digi24\/Actualitate\/Politica\/Marian+Preda+a+demisionat+de+la+conducerea+Fundatiei+Miscarea+Po\" target=\"_blank\" data-skip-linkfix=\"1\" rel=\"noopener\"><strong> c\u0103 \u015fi-a depus demisia <\/strong><\/a>din func\u0163ia de pre\u015fedinte al Funda\u0163iei Mi\u015fcarea Popular\u0103, din motive personale, preciz\u00e2nd c\u0103 pleac\u0103 din aceast\u0103 func\u0163ie cu convingerea c\u0103 nu este posibil\u0103 o schimbare din interior a clasei politice din Rom\u00e2nia, dar \u015fi cu satisfac\u0163ia c\u0103 a f\u0103cut din funda\u0163ie \u201eo institu\u0163ie cunoscut\u0103 \u015fi respectat\u0103\u201d.<\/p>\n<\/div>\n<p> Source URL: https:\/\/www.digi24.ro\/stiri\/actualitate\/politica\/cristian-diaconescu-a-fost-ales-presedinte-al-fundatiei-miscarea-populara-254406<\/p>\n","protected":false},"excerpt":{"rendered":"<p>\u201eFunda\u0163ia este promotorul Partidului Mi\u015fcarea Popular\u0103, iar rolul acesteia este departe de a fi consumat, pentru c\u0103 intr\u0103m \u00eentr-o etap\u0103 \u015fi o logic\u0103 nou\u0103, iar expertiza funda\u0163iei este vital\u0103 pentru partid\u201d, a declarat, pentru Mediafax, Cristian Diaconescu. Acesta a apreciat c\u0103 funda\u021bia \u201ea avut un parcurs excep\u0163ional\u201d de la \u00eenfiin\u0163are \u015fi p\u00e2n\u0103 \u00een prezent, aceast\u0103 [&hellip;]<\/p>\n","protected":false},"author":1,"featured_media":203278,"comment_status":"open","ping_status":"","sticky":false,"template":"","format":"standard","meta":{"footnotes":""},"categories":[2],"tags":[11],"class_list":["post-203277","post","type-post","status-publish","format-standard","has-post-thumbnail","hentry","category-politics","tag-digi24"],"_links":{"self":[{"href":"https:\/\/analyse.optim.biz\/index.php?rest_route=\/wp\/v2\/posts\/203277","targetHints":{"allow":["GET"]}}],"collection":[{"href":"https:\/\/analyse.optim.biz\/index.php?rest_route=\/wp\/v2\/posts"}],"about":[{"href":"https:\/\/analyse.optim.biz\/index.php?rest_route=\/wp\/v2\/types\/post"}],"author":[{"embeddable":true,"href":"https:\/\/analyse.optim.biz\/index.php?rest_route=\/wp\/v2\/users\/1"}],"replies":[{"embeddable":true,"href":"https:\/\/analyse.optim.biz\/index.php?rest_route=%2Fwp%2Fv2%2Fcomments&post=203277"}],"version-history":[{"count":0,"href":"https:\/\/analyse.optim.biz\/index.php?rest_route=\/wp\/v2\/posts\/203277\/revisions"}],"wp:featuredmedia":[{"embeddable":true,"href":"https:\/\/analyse.optim.biz\/index.php?rest_route=\/wp\/v2\/media\/203278"}],"wp:attachment":[{"href":"https:\/\/analyse.optim.biz\/index.php?rest_route=%2Fwp%2Fv2%2Fmedia&parent=203277"}],"wp:term":[{"taxonomy":"category","embeddable":true,"href":"https:\/\/analyse.optim.biz\/index.php?rest_route=%2Fwp%2Fv2%2Fcategories&post=203277"},{"taxonomy":"post_tag","embeddable":true,"href":"https:\/\/analyse.optim.biz\/index.php?rest_route=%2Fwp%2Fv2%2Ftags&post=203277"}],"curies":[{"name":"wp","href":"https:\/\/api.w.org\/{rel}","templated":true}]}}