{"id":2032692,"date":"2026-07-08T09:46:20","date_gmt":"2026-07-08T06:46:20","guid":{"rendered":"https:\/\/analyse.optim.biz\/?p=2032692"},"modified":"2026-07-08T09:46:20","modified_gmt":"2026-07-08T06:46:20","slug":"oana-matache-nu-mai-distribuiti-imagini-cu-copii-agresati","status":"publish","type":"post","link":"https:\/\/analyse.optim.biz\/?p=2032692","title":{"rendered":"Oana Matache: Nu mai distribui\u021bi imagini cu copii agresa\u021bi!"},"content":{"rendered":"<p>[analyse_image type=&#8221;featured&#8221; src=&#8221;https:\/\/revistaverde.ro\/wp-content\/uploads\/2026\/07\/STOP-OANA.jpg&#8221;]<\/p>\n<article id=\"post-15656\" class=\"post-15656 post type-post status-publish format-standard has-post-thumbnail hentry category-evnimente category-international category-sanatate\">\n<header class=\"entry-header mh-clearfix\">\n<h1 class=\"entry-title\">Oana Matache: Nu mai distribui\u021bi imagini cu copii agresa\u021bi!<\/h1>\n<p class=\"mh-meta entry-meta\"><span class=\"entry-meta-date updated\"><a href=\"https:\/\/revistaverde.ro\/2026\/07\/\">iulie 8, 2026<\/a><\/span><span class=\"entry-meta-author author vcard\"><a class=\"fn\" href=\"https:\/\/revistaverde.ro\/author\/revistaverdefrumoasa2017\/\">M\u0103rg\u0103rit GROSU<\/a><\/span><span class=\"entry-meta-categories\"><a href=\"https:\/\/revistaverde.ro\/category\/local\/evnimente\/\" rel=\"category tag\">Evenimente<\/a>, <a href=\"https:\/\/revistaverde.ro\/category\/international\/\" rel=\"category tag\">international<\/a>, <a href=\"https:\/\/revistaverde.ro\/category\/sanatate\/\" rel=\"category tag\">SANATATE<\/a><\/span><span class=\"entry-meta-comments\"><a class=\"mh-comment-scroll\" href=\"https:\/\/revistaverde.ro\/2026\/07\/08\/oana-matache-nu-mai-distribuiti-imagini-cu-copii-agresati\/#mh-comments\">0<\/a><\/span><\/p>\n<\/header>\n<div class=\"entry-content mh-clearfix\">\n<figure class=\"entry-thumbnail\"><img decoding=\"async\" src=\"https:\/\/revistaverde.ro\/wp-content\/uploads\/2026\/07\/STOP-OANA-509x381.jpg\" alt title=\"STOP OANA\"><\/figure>\n<h2 class=\"wp-block-heading\">APEL PUBLIC: Nu mai distribui\u021bi imagini cu copii agresa\u021bi!<\/h2>\n<p>\u201d\u00cen ultimele zile, dar problema este veche, \u00een nenum\u0103rate cazuri, pe re\u021belele sociale circul\u0103 o filmare \u00een care un copil este agresat de un adult. \u00cen\u021beleg revolta. Dar v\u0103 rog: opri\u021bi distribuirea. V\u0103 explic de ce astfel de post\u0103ri nu ajut\u0103 copilul, dimpotriv\u0103.<\/p>\n<h2 class=\"wp-block-heading\">Copilul devine victim\u0103 a doua oar\u0103.<\/h2>\n<p>Fiecare share \u00eenseamn\u0103 mii de oameni noi care v\u0103d umilirea lui. Imaginile r\u0103m\u00e2n pe internet ani \u00eentregi. Colegii, profesorii, vecinii le v\u0103d. Trauma nu se termin\u0103 c\u00e2nd se termin\u0103 b\u0103taia, continu\u0103 cu fiecare vizualizare.<\/p>\n<h2 class=\"wp-block-heading\">Postarea NU salveaz\u0103 copilul. Sesizarea, da.<\/h2>\n<p>O filmare viral\u0103 nu declan\u0219eaz\u0103 automat o anchet\u0103. Autorit\u0103\u021bile intervin c\u00e2nd sunt sesizate. Zece mii de share-uri nu valoreaz\u0103 c\u00e2t un singur apel la 112 sau 119.<\/p>\n<h2 class=\"wp-block-heading\">Sec\u021biunea de comentarii a devenit un spa\u021biu al violen\u021bei.<\/h2>\n<p>Am v\u0103zut cu \u00eengrijorare ce s-a \u00eent\u00e2mplat sub aceste post\u0103ri: oameni care justific\u0103 b\u0103taia, care scriu c\u0103 \u201ea\u0219a se educ\u0103 un copil\u201d, care cer \u0219i mai mult\u0103 violen\u021b\u0103. \u00cen loc s\u0103 protejeze victima, postarea a devenit o tribun\u0103 pentru normalizarea abuzului. Fiecare comentariu de acest fel spune unui copil abuzat, undeva, c\u0103 nimeni nu-l va crede \u0219i nu-l va ap\u0103ra. Iar altor p\u0103rin\u021bi le spune c\u0103 violen\u021ba e acceptat\u0103 social.<\/p>\n<p>B\u0103taia NU este metod\u0103 de educa\u021bie. Este interzis\u0103 de lege \u00een Rom\u00e2nia din 2004, \u00een orice form\u0103, inclusiv \u00een familie. Un copil lovit nu \u00eenva\u021b\u0103 disciplin\u0103, \u00eenva\u021b\u0103 fric\u0103.<\/p>\n<p>Cu c\u00e2t reac\u021bion\u0103m mai mult, cu share, comentarii, chiar \u0219i cele revoltate, cu at\u00e2t platforma \u00eempinge filmarea c\u0103tre mai mul\u021bi oameni. Ne transform\u0103m, f\u0103r\u0103 s\u0103 vrem, \u00een amplificatorul abuzului.<\/p>\n<h2 class=\"wp-block-heading\">Ce putem face concret:<\/h2>\n<ol>\n<li>Suna\u021bi la 119, linia na\u021bional\u0103 pentru copii, sau la 112 \u00een urgen\u021be.<\/li>\n<li>Raporta\u021bi con\u021binutul pe platform\u0103: at\u00e2t filmarea, c\u00e2t \u0219i comentariile care instig\u0103 la violen\u021b\u0103.<\/li>\n<li>Nu comenta\u021bi, nu redistribui\u021bi.<\/li>\n<\/ol>\n<p>Un copil agresat are nevoie de protec\u021bie, nu de vizualiz\u0103ri. \u0218i cu siguran\u021b\u0103 nu are nevoie de o sec\u021biune de comentarii care \u00eei spune agresorului c\u0103 a procedat corect\u201d.<\/p>\n<div class=\"col-md-2 col-sm-4 col-xs-4\"> .col-md-2 { float:left; width: 16.6667%; } <\/div>\n<div class=\"col-md-2 col-sm-4 col-xs-4\"> .col-md-2 { float:left; width: 16.6667%; } <\/p>\n<div class=\"fb-share-button\" data-href=\"https:\/\/revistaverde.ro\/2026\/07\/08\/oana-matache-nu-mai-distribuiti-imagini-cu-copii-agresati\/\" data-layout=\"button\" data-size=\"large\" data-mobile-iframe=\"true\"><a class=\"fb-xfbml-parse-ignore\" target=\"_blank\" href=\"https:\/\/www.facebook.com\/sharer\/sharer.php?u=https%3A%2F%2Frevistaverde.ro%2F2026%2F07%2F08%2Foana-matache-nu-mai-distribuiti-imagini-cu-copii-agresati%2F&amp;src=sdkpreparse\">Share<\/a><\/div>\n<\/div>\n<div class=\"col-md-2 col-sm-4 col-xs-4\"> .col-md-2 { float:left; width: 16.6667%; } <\/div>\n<\/div>\n<\/article>\n<div class=\"entry-content mh-clearfix\">\n<figure class=\"entry-thumbnail\"><img decoding=\"async\" src=\"https:\/\/revistaverde.ro\/wp-content\/uploads\/2026\/07\/STOP-OANA-509x381.jpg\" alt title=\"STOP OANA\"><\/figure>\n<h2 class=\"wp-block-heading\">APEL PUBLIC: Nu mai distribui\u021bi imagini cu copii agresa\u021bi!<\/h2>\n<p>\u201d\u00cen ultimele zile, dar problema este veche, \u00een nenum\u0103rate cazuri, pe re\u021belele sociale circul\u0103 o filmare \u00een care un copil este agresat de un adult. \u00cen\u021beleg revolta. Dar v\u0103 rog: opri\u021bi distribuirea. V\u0103 explic de ce astfel de post\u0103ri nu ajut\u0103 copilul, dimpotriv\u0103.<\/p>\n<h2 class=\"wp-block-heading\">Copilul devine victim\u0103 a doua oar\u0103.<\/h2>\n<p>Fiecare share \u00eenseamn\u0103 mii de oameni noi care v\u0103d umilirea lui. Imaginile r\u0103m\u00e2n pe internet ani \u00eentregi. Colegii, profesorii, vecinii le v\u0103d. Trauma nu se termin\u0103 c\u00e2nd se termin\u0103 b\u0103taia, continu\u0103 cu fiecare vizualizare.<\/p>\n<h2 class=\"wp-block-heading\">Postarea NU salveaz\u0103 copilul. Sesizarea, da.<\/h2>\n<p>O filmare viral\u0103 nu declan\u0219eaz\u0103 automat o anchet\u0103. Autorit\u0103\u021bile intervin c\u00e2nd sunt sesizate. Zece mii de share-uri nu valoreaz\u0103 c\u00e2t un singur apel la 112 sau 119.<\/p>\n<h2 class=\"wp-block-heading\">Sec\u021biunea de comentarii a devenit un spa\u021biu al violen\u021bei.<\/h2>\n<p>Am v\u0103zut cu \u00eengrijorare ce s-a \u00eent\u00e2mplat sub aceste post\u0103ri: oameni care justific\u0103 b\u0103taia, care scriu c\u0103 \u201ea\u0219a se educ\u0103 un copil\u201d, care cer \u0219i mai mult\u0103 violen\u021b\u0103. \u00cen loc s\u0103 protejeze victima, postarea a devenit o tribun\u0103 pentru normalizarea abuzului. Fiecare comentariu de acest fel spune unui copil abuzat, undeva, c\u0103 nimeni nu-l va crede \u0219i nu-l va ap\u0103ra. Iar altor p\u0103rin\u021bi le spune c\u0103 violen\u021ba e acceptat\u0103 social.<\/p>\n<p>B\u0103taia NU este metod\u0103 de educa\u021bie. Este interzis\u0103 de lege \u00een Rom\u00e2nia din 2004, \u00een orice form\u0103, inclusiv \u00een familie. Un copil lovit nu \u00eenva\u021b\u0103 disciplin\u0103, \u00eenva\u021b\u0103 fric\u0103.<\/p>\n<p>Cu c\u00e2t reac\u021bion\u0103m mai mult, cu share, comentarii, chiar \u0219i cele revoltate, cu at\u00e2t platforma \u00eempinge filmarea c\u0103tre mai mul\u021bi oameni. Ne transform\u0103m, f\u0103r\u0103 s\u0103 vrem, \u00een amplificatorul abuzului.<\/p>\n<h2 class=\"wp-block-heading\">Ce putem face concret:<\/h2>\n<ol>\n<li>Suna\u021bi la 119, linia na\u021bional\u0103 pentru copii, sau la 112 \u00een urgen\u021be.<\/li>\n<li>Raporta\u021bi con\u021binutul pe platform\u0103: at\u00e2t filmarea, c\u00e2t \u0219i comentariile care instig\u0103 la violen\u021b\u0103.<\/li>\n<li>Nu comenta\u021bi, nu redistribui\u021bi.<\/li>\n<\/ol>\n<p>Un copil agresat are nevoie de protec\u021bie, nu de vizualiz\u0103ri. \u0218i cu siguran\u021b\u0103 nu are nevoie de o sec\u021biune de comentarii care \u00eei spune agresorului c\u0103 a procedat corect\u201d.<\/p>\n<div class=\"col-md-2 col-sm-4 col-xs-4\"> .col-md-2 { float:left; width: 16.6667%; } <\/div>\n<div class=\"col-md-2 col-sm-4 col-xs-4\"> .col-md-2 { float:left; width: 16.6667%; } <\/p>\n<div class=\"fb-share-button\" data-href=\"https:\/\/revistaverde.ro\/2026\/07\/08\/oana-matache-nu-mai-distribuiti-imagini-cu-copii-agresati\/\" data-layout=\"button\" data-size=\"large\" data-mobile-iframe=\"true\"><a class=\"fb-xfbml-parse-ignore\" target=\"_blank\" href=\"https:\/\/www.facebook.com\/sharer\/sharer.php?u=https%3A%2F%2Frevistaverde.ro%2F2026%2F07%2F08%2Foana-matache-nu-mai-distribuiti-imagini-cu-copii-agresati%2F&amp;src=sdkpreparse\">Share<\/a><\/div>\n<\/div>\n<div class=\"col-md-2 col-sm-4 col-xs-4\"> .col-md-2 { float:left; width: 16.6667%; } <\/div>\n<\/div>\n<p>[analyse_source url=&#8221;https:\/\/revistaverde.ro\/2026\/07\/08\/oana-matache-nu-mai-distribuiti-imagini-cu-copii-agresati\/&#8221;]<\/p>\n","protected":false},"excerpt":{"rendered":"<p>[analyse_image type=&#8221;featured&#8221; src=&#8221;https:\/\/revistaverde.ro\/wp-content\/uploads\/2026\/07\/STOP-OANA.jpg&#8221;] Oana Matache: Nu mai distribui\u021bi imagini cu copii agresa\u021bi! iulie 8, 2026M\u0103rg\u0103rit GROSUEvenimente, international, SANATATE0 APEL PUBLIC: Nu mai distribui\u021bi imagini cu copii agresa\u021bi! \u201d\u00cen ultimele zile, dar problema este veche, \u00een nenum\u0103rate cazuri, pe re\u021belele sociale circul\u0103 o filmare \u00een care un copil este agresat de un adult. \u00cen\u021beleg revolta. Dar [&hellip;]<\/p>\n","protected":false},"author":1,"featured_media":0,"comment_status":"open","ping_status":"","sticky":false,"template":"","format":"standard","meta":{"footnotes":""},"categories":[2],"tags":[226,57],"class_list":["post-2032692","post","type-post","status-publish","format-standard","hentry","category-politics","tag-crawlmanager","tag-revistaverde-ro"],"_links":{"self":[{"href":"https:\/\/analyse.optim.biz\/index.php?rest_route=\/wp\/v2\/posts\/2032692","targetHints":{"allow":["GET"]}}],"collection":[{"href":"https:\/\/analyse.optim.biz\/index.php?rest_route=\/wp\/v2\/posts"}],"about":[{"href":"https:\/\/analyse.optim.biz\/index.php?rest_route=\/wp\/v2\/types\/post"}],"author":[{"embeddable":true,"href":"https:\/\/analyse.optim.biz\/index.php?rest_route=\/wp\/v2\/users\/1"}],"replies":[{"embeddable":true,"href":"https:\/\/analyse.optim.biz\/index.php?rest_route=%2Fwp%2Fv2%2Fcomments&post=2032692"}],"version-history":[{"count":0,"href":"https:\/\/analyse.optim.biz\/index.php?rest_route=\/wp\/v2\/posts\/2032692\/revisions"}],"wp:attachment":[{"href":"https:\/\/analyse.optim.biz\/index.php?rest_route=%2Fwp%2Fv2%2Fmedia&parent=2032692"}],"wp:term":[{"taxonomy":"category","embeddable":true,"href":"https:\/\/analyse.optim.biz\/index.php?rest_route=%2Fwp%2Fv2%2Fcategories&post=2032692"},{"taxonomy":"post_tag","embeddable":true,"href":"https:\/\/analyse.optim.biz\/index.php?rest_route=%2Fwp%2Fv2%2Ftags&post=2032692"}],"curies":[{"name":"wp","href":"https:\/\/api.w.org\/{rel}","templated":true}]}}