{"id":203266,"date":"2014-06-10T21:52:11","date_gmt":"2014-06-10T18:52:11","guid":{"rendered":"https:\/\/analyse.optim.biz\/?p=203266"},"modified":"2014-06-10T21:52:11","modified_gmt":"2014-06-10T18:52:11","slug":"viorel-hrebenciuc-nu-va-fi-o-alianta-cu-ppdd-eventual-un-acord-parlamentar-oricine-are-nevoie-de-un-nou-aliat","status":"publish","type":"post","link":"https:\/\/analyse.optim.biz\/?p=203266","title":{"rendered":"Viorel Hrebenciuc: Nu va fi o alian\u021b\u0103 cu PPDD, eventual un acord parlamentar. Oricine are nevoie de un nou aliat"},"content":{"rendered":"<div class=\"entry data-app-meta data-app-meta-article\" data-embed-base-url-canonical=\"https:\/\/www.digi24.ro\/embed\/stiri\/actualitate\/politica\/viorel-hrebenciuc-nu-va-fi-o-alianta-cu-ppdd-eventual-un-acord-parlamentar-oricine-are-nevoie-de-un-nou-aliat-254544\">\n<p data-index=\"1\">Viorel Hrebenciuc, deputat <strong>PSD<\/strong>, a declarat c\u0103 s-a discutat mai pu\u021bin despre alian\u021bele locale cu liderul PPDD Dan Diaconescu \u0219i a precizat c\u0103 \u201edespre o eventual\u0103 schimbare de guvern nici nu s-a pus problema\u201d.<\/p>\n<p data-index=\"2\">\u201eAd\u0103ugarea unei structuri guvernamentale cu ministru PPDD\u201d, a punctat el.<\/p>\n<p data-index=\"3\">\u201eEste foarte clar c\u0103 luna septembrie va fi o lun\u0103 de foc, pentru c\u0103 se va \u00eencerca atacarea guvernului Ponta. Noi, ca partid, trebuie s\u0103 ne lu\u0103m m\u0103surile de precau\u021bie pentru orice eventualitate. Lu\u0103m toate variantele \u00een calcul. Dac\u0103 po\u021bi s\u0103 ai mai mul\u021bi alia\u021bi, \u0219i dac\u0103 ai doi \u0219i po\u021bi s\u0103-l ai \u0219i pe al treilea ca s\u0103 nu fie adversar, cred c\u0103 a\u021bi proceda la fel. De ce s\u0103 v\u0103 certa\u021bi cu unul, dac\u0103 pute\u021bi s\u0103-l ave\u021bi prieten?\u201d, a ad\u0103ugat<strong> Viorel Hrebenciuc<\/strong>.<\/p>\n<p data-index=\"4\">El a men\u021bionat ulterior c\u0103 nu va fi o alian\u021b\u0103 a <strong>USD<\/strong> cu<strong> PPDD<\/strong>, ci \u201eeventual un acord parlamentar\u201d.<\/p>\n<p data-index=\"5\"><strong>Gheorghe Flutur<\/strong>, senator \u0219i secretar general<strong> PDL<\/strong>, a replicat c\u0103 oricum mai mul\u021bi parlamentari de la PPDD au trecut la PSD \u0219i c\u0103 la nivel local aceast\u0103 trecere presupune \u0219i pierderea mandatului \u0219i de aceea este preferat un acord parlamentar.<\/p>\n<p data-index=\"6\">\u201e\u00cen Parlament i-a\u021bi luat aproape pe to\u021bi, deci partea de Parlament e rezolvat\u0103 mai demult. Mai ave\u021bi ale\u0219ii locali \u0219i Victor Ponta a \u0219i spus motivul: au nevoie s\u0103-\u0219i p\u0103streze majorit\u0103\u021bi acolo de unde pleac\u0103 PNL\u201d, a spus<strong> Gheorghe Flutur<\/strong>.<\/p>\n<p data-index=\"7\"><strong>Gyorgy Frunda<\/strong>, membru <strong>UDMR<\/strong> \u0219i consilier al premierului, a men\u021bionat c\u0103 o intrare a unui alt factor la guvernare trebuie discutat\u0103 cu to\u021bi membrii ai coali\u021biei.<\/p>\n<p data-index=\"8\">\u201eCred c\u0103 intrarea <strong>PPDD<\/strong> (la guvernare \u2013 n.r) e un factor de risc. Este un partid impredictibil, care poate c\u0103 d\u0103 m\u00e2na cu tine la \u00eenceputul lui iunie, iar \u00een septembrie sau te \u0219antajeaz\u0103, a se vedea comportamentul domnului Dan Diaconescu \u00een ultimii doi-trei ani de la privatizare la politic\u0103, sau te las\u0103 \u00een off-side. Orice partid care face o alian\u021b\u0103 cu PPDD \u00ee\u0219i asum\u0103 un mare risc. De imagine absolut, Kelemen Hunor are dreptate. \u0218i \u00een r\u00e2ndul electoratul PSD, al tuturor partidelor serioase, acceptarea PPDD este o pierdere\u201d, a spus <strong>Gyorgy Frunda<\/strong>.<\/p>\n<p data-index=\"9\">\u201eDup\u0103 p\u0103rerea mea, <strong>PSD<\/strong> pierde mult dac\u0103 \u00eencheie o asemenea alian\u021b\u0103 indiferent de rezultate locale\u201d, a mai spus el.<\/p>\n<p data-index=\"10\">\u201ePSD a demonstrat \u00een cei 25 de ani c\u0103 n-a f\u0103cut alian\u021be conjuncturale de moment. Eu sunt convins c\u0103 acum vor fi alian\u021be la nivel local \u0219i nu vor fi niciun fel de alian\u021be la nivel central, eventual un acord parlamentar\u201d, a replicat <strong>Viorel Hrebenciuc<\/strong>.<\/p>\n<p data-index=\"11\"><a href=\"https:\/\/www.digi24.ro\/Stiri\/Digi24\/Actualitate\/Politica\/UDMR+nu+vrea+PPDD+la+Guvernare+Ar+fi+un+dezastru+de+imagine\" data-skip-linkfix=\"1\">UDMR nu vrea ca PPDD s\u0103 intre la guvernare<\/a>. Liderul forma\u0163iunii, <strong>Kelemen Hunor<\/strong>, a spus ast\u0103zi c\u0103 acest lucru ar fi un dezastru de imagine pentru coali\u021bia USD.<\/p>\n<p data-index=\"12\">\u00cens\u0103, <strong>Liviu Dragnea<\/strong> amenin\u0163\u0103 c\u0103 renun\u0163\u0103 la \u00een\u0163elegere, dac\u0103 partidul lui Dan Diaconescu nu rupe alian\u0163ele pe care le-a semnat \u00een teritoriu cu PNL \u015fi PDL. \u00cen prezent, Partidul Poporului colaboreaz\u0103 cu partidele de dreapta \u00een Hunedoara, Gorj \u015fi Bra\u015fov.<\/p>\n<p data-index=\"13\">\u00cen leg\u0103tur\u0103 cu acest aspect, <strong>Victor Ponta<\/strong> a spus c\u0103 deocamdat\u0103 nu este un rezultat al negocierilor cu PPDD.<\/p>\n<p data-index=\"14\">\u201eNu am discutat zilele acestea, c\u00e2nd vorbim, anun\u0163\u0103m. Nu au fost negocieri, s-a discutat la nivel tehnic de c\u0103tre domnul Dragnea cu secretarul general. Nu m-am v\u0103zut cu conducerea PPDD\u201d, a declarat\u00a0Victor Ponta.<\/p>\n<\/div>\n<p> Source URL: https:\/\/www.digi24.ro\/stiri\/actualitate\/politica\/viorel-hrebenciuc-nu-va-fi-o-alianta-cu-ppdd-eventual-un-acord-parlamentar-oricine-are-nevoie-de-un-nou-aliat-254544<\/p>\n","protected":false},"excerpt":{"rendered":"<p>Viorel Hrebenciuc, deputat PSD, a declarat c\u0103 s-a discutat mai pu\u021bin despre alian\u021bele locale cu liderul PPDD Dan Diaconescu \u0219i a precizat c\u0103 \u201edespre o eventual\u0103 schimbare de guvern nici nu s-a pus problema\u201d. \u201eAd\u0103ugarea unei structuri guvernamentale cu ministru PPDD\u201d, a punctat el. \u201eEste foarte clar c\u0103 luna septembrie va fi o lun\u0103 de [&hellip;]<\/p>\n","protected":false},"author":1,"featured_media":203267,"comment_status":"open","ping_status":"","sticky":false,"template":"","format":"standard","meta":{"footnotes":""},"categories":[2],"tags":[11],"class_list":["post-203266","post","type-post","status-publish","format-standard","has-post-thumbnail","hentry","category-politics","tag-digi24"],"_links":{"self":[{"href":"https:\/\/analyse.optim.biz\/index.php?rest_route=\/wp\/v2\/posts\/203266","targetHints":{"allow":["GET"]}}],"collection":[{"href":"https:\/\/analyse.optim.biz\/index.php?rest_route=\/wp\/v2\/posts"}],"about":[{"href":"https:\/\/analyse.optim.biz\/index.php?rest_route=\/wp\/v2\/types\/post"}],"author":[{"embeddable":true,"href":"https:\/\/analyse.optim.biz\/index.php?rest_route=\/wp\/v2\/users\/1"}],"replies":[{"embeddable":true,"href":"https:\/\/analyse.optim.biz\/index.php?rest_route=%2Fwp%2Fv2%2Fcomments&post=203266"}],"version-history":[{"count":0,"href":"https:\/\/analyse.optim.biz\/index.php?rest_route=\/wp\/v2\/posts\/203266\/revisions"}],"wp:featuredmedia":[{"embeddable":true,"href":"https:\/\/analyse.optim.biz\/index.php?rest_route=\/wp\/v2\/media\/203267"}],"wp:attachment":[{"href":"https:\/\/analyse.optim.biz\/index.php?rest_route=%2Fwp%2Fv2%2Fmedia&parent=203266"}],"wp:term":[{"taxonomy":"category","embeddable":true,"href":"https:\/\/analyse.optim.biz\/index.php?rest_route=%2Fwp%2Fv2%2Fcategories&post=203266"},{"taxonomy":"post_tag","embeddable":true,"href":"https:\/\/analyse.optim.biz\/index.php?rest_route=%2Fwp%2Fv2%2Ftags&post=203266"}],"curies":[{"name":"wp","href":"https:\/\/api.w.org\/{rel}","templated":true}]}}