{"id":203255,"date":"2014-06-10T22:21:10","date_gmt":"2014-06-10T19:21:10","guid":{"rendered":"https:\/\/analyse.optim.biz\/?p=203255"},"modified":"2014-06-10T22:21:10","modified_gmt":"2014-06-10T19:21:10","slug":"traian-basescu-motiv-de-disputa-intre-senatori","status":"publish","type":"post","link":"https:\/\/analyse.optim.biz\/?p=203255","title":{"rendered":"Traian B\u0103sescu, motiv de disput\u0103 \u00eentre senatori"},"content":{"rendered":"<div class=\"entry data-app-meta data-app-meta-article\" data-embed-base-url-canonical=\"https:\/\/www.digi24.ro\/embed\/stiri\/actualitate\/politica\/traian-basescu-motiv-de-disputa-intre-senatori-254553\">\n<p data-index=\"1\">\u201eEste condamnabil faptul c\u0103 pre\u015fedintele actual, \u015feful de stat al Rom\u00e2niei, nu exist\u0103 \u00een viziunea organizatorilor acestui eveniment istoric. Indiferent cine a fost \u00een spatele omisiunii urgent este rugat de grupul PDL s\u0103 repare eroarea. Constat\u0103m aici c\u0103 pre\u0219edintele Rom\u00e2niei de drept, pozi\u021bia \u00eent\u00e2i, Traian B\u0103sescu t\u0103iat \u0219i semnez\u0103 cineva ca \u0219i cum ar fi \u0219ef de tarla\u201d, a spus Dumitru Oprea, senator PDL.<\/p>\n<p data-index=\"2\">\u201eToate invita\u021biile pentru acest eveniment au fost transmise sub semn\u0103tura pre\u0219edintelui Senatului, dac\u0103 este vreo omisiune \u00eel \u00eentreb\u0103m pre\u015fedintele Senatului&#8230; De fapt este obliga\u0163ia protocolar\u0103 s\u0103 se fac\u0103 de c\u0103tre pre\u015fedinte\u201d, a r\u0103spuns Cristian Dumitrescu, vicepre\u015fedintele Senatului.<\/p>\n<p data-index=\"3\">\u201e<span>Este destul de dificil pentru foarte mul\u0163i dintre noi s\u0103 ne g\u00e2ndim c\u0103 la aceast\u0103 mare s\u0103rb\u0103toare a Senatului este cel care e \u201eautorul unei tentative de omor cu premeditare a Senatului\u201d \u0219i ale c\u0103rui vise, dac\u0103 ajungeau la \u00eendeplinire, ace\u015fti 150 de ani nu se mai \u00eemplineau\u201d, a spus Georgic\u0103 Severin, senator PSD.<\/span><\/p>\n<\/div>\n<p> Source URL: https:\/\/www.digi24.ro\/stiri\/actualitate\/politica\/traian-basescu-motiv-de-disputa-intre-senatori-254553<\/p>\n","protected":false},"excerpt":{"rendered":"<p>\u201eEste condamnabil faptul c\u0103 pre\u015fedintele actual, \u015feful de stat al Rom\u00e2niei, nu exist\u0103 \u00een viziunea organizatorilor acestui eveniment istoric. Indiferent cine a fost \u00een spatele omisiunii urgent este rugat de grupul PDL s\u0103 repare eroarea. Constat\u0103m aici c\u0103 pre\u0219edintele Rom\u00e2niei de drept, pozi\u021bia \u00eent\u00e2i, Traian B\u0103sescu t\u0103iat \u0219i semnez\u0103 cineva ca \u0219i cum ar fi [&hellip;]<\/p>\n","protected":false},"author":1,"featured_media":203256,"comment_status":"open","ping_status":"","sticky":false,"template":"","format":"standard","meta":{"footnotes":""},"categories":[2],"tags":[11],"class_list":["post-203255","post","type-post","status-publish","format-standard","has-post-thumbnail","hentry","category-politics","tag-digi24"],"_links":{"self":[{"href":"https:\/\/analyse.optim.biz\/index.php?rest_route=\/wp\/v2\/posts\/203255","targetHints":{"allow":["GET"]}}],"collection":[{"href":"https:\/\/analyse.optim.biz\/index.php?rest_route=\/wp\/v2\/posts"}],"about":[{"href":"https:\/\/analyse.optim.biz\/index.php?rest_route=\/wp\/v2\/types\/post"}],"author":[{"embeddable":true,"href":"https:\/\/analyse.optim.biz\/index.php?rest_route=\/wp\/v2\/users\/1"}],"replies":[{"embeddable":true,"href":"https:\/\/analyse.optim.biz\/index.php?rest_route=%2Fwp%2Fv2%2Fcomments&post=203255"}],"version-history":[{"count":0,"href":"https:\/\/analyse.optim.biz\/index.php?rest_route=\/wp\/v2\/posts\/203255\/revisions"}],"wp:featuredmedia":[{"embeddable":true,"href":"https:\/\/analyse.optim.biz\/index.php?rest_route=\/wp\/v2\/media\/203256"}],"wp:attachment":[{"href":"https:\/\/analyse.optim.biz\/index.php?rest_route=%2Fwp%2Fv2%2Fmedia&parent=203255"}],"wp:term":[{"taxonomy":"category","embeddable":true,"href":"https:\/\/analyse.optim.biz\/index.php?rest_route=%2Fwp%2Fv2%2Fcategories&post=203255"},{"taxonomy":"post_tag","embeddable":true,"href":"https:\/\/analyse.optim.biz\/index.php?rest_route=%2Fwp%2Fv2%2Ftags&post=203255"}],"curies":[{"name":"wp","href":"https:\/\/api.w.org\/{rel}","templated":true}]}}