{"id":2032482,"date":"2026-07-07T06:00:18","date_gmt":"2026-07-07T03:00:18","guid":{"rendered":"https:\/\/analyse.optim.biz\/?p=2032482"},"modified":"2026-07-07T06:00:18","modified_gmt":"2026-07-07T03:00:18","slug":"strada-eternitatii-a-fost-finalizata-primarul-stefan-ilie-explicatii-pentru-tulcenii-care-critica","status":"publish","type":"post","link":"https:\/\/analyse.optim.biz\/?p=2032482","title":{"rendered":"Strada Eternit\u0103\u0163ii a fost finalizat\u0103. Primarul \u015etefan Ilie, explica\u0163ii pentru tulcenii care critic\u0103"},"content":{"rendered":"<p>[analyse_image type=&#8221;featured&#8221; src=&#8221;https:\/\/ziaruldelta.ro\/wp-content\/uploads\/2026\/07\/Strada-Eternitatii-e1783344894244.jpg&#8221;]<\/p>\n<article id=\"post-37327\" class=\"module single-post-module post-37327 post type-post status-publish format-standard has-post-thumbnail hentry category-actualitate et-has-post-format-content et_post_format-et-post-format-standard\">\n<div class=\"post-header\">\n<h1 class=\"entry-title\">Strada Eternit\u0103\u0163ii a fost finalizat\u0103. Primarul \u015etefan Ilie, explica\u0163ii pentru tulcenii care critic\u0103 amenajarea pistei pentru biciclete: \u201eCa s\u0103 primim ace\u015fti bani, c\u00e2teva condi\u0163ii au fost obligatorii, iar una dintre ele a fost \u015fi marcarea unor piste de biciclete\u201d<\/h1>\n<div class=\"post-meta vcard\">\n<p>Posted by <a href=\"https:\/\/ziaruldelta.ro\/author\/claudia-ionescu\/\" class=\"url fn\" title=\"Posts by Claudia Ionescu\" rel=\"author\">Claudia Ionescu<\/a> | <span class=\"updated\">Jul 7, 2026<\/span> | <a href=\"https:\/\/ziaruldelta.ro\/category\/actualitate\/\" rel=\"tag\">Actualitate<\/a> | <\/p>\n<\/div>\n<\/div>\n<div class=\"post-thumbnail header\"><img decoding=\"async\" src=\"https:\/\/ziaruldelta.ro\/wp-content\/uploads\/2026\/07\/Strada-Eternitatii-1280x640.jpg\" alt=\"Strada Eternit\u0103\u0163ii a fost finalizat\u0103. Primarul \u015etefan Ilie, explica\u0163ii pentru tulcenii care critic\u0103 amenajarea pistei pentru biciclete: \u201eCa s\u0103 primim ace\u015fti bani, c\u00e2teva condi\u0163ii au fost obligatorii, iar una dintre ele a fost \u015fi marcarea unor piste de biciclete\u201d\"><\/div>\n<div class=\"post-wrap\">\n<div class=\"post-content entry-content\">\n<p>Strada Eternit\u0103\u0163ii din municipiu a fost finalizat\u0103, iar primarul \u015etefan Ilie a explicat de ce proiectul a inclus \u015fi amenajarea pistei pentru biciclete, dup\u0103 ce unii tulceni au criticat utilitatea acesteia.<\/p>\n<p>Edilul a precizat c\u0103 strada Eternit\u0103\u0163ii, la fel ca strada Mahmudiei, face parte dintr-un proiect finan\u0163at din fonduri nerambursabile, iar realizarea pistei pentru biciclete a fost una dintre condi\u0163iile pentru ob\u0163inerea finan\u0163\u0103rii. Odat\u0103 cu modernizarea str\u0103zii, au fost sco\u015fi st\u00e2lpii de electricitate \u015fi cablurile de curent, au fost ref\u0103cute trotuarele \u015fi modernizat\u0103 \u00eentreaga zon\u0103.<\/p>\n<blockquote>\n<p><img loading=\"lazy\" decoding=\"async\" class=\"size-medium wp-image-34780 aligncenter\" src=\"https:\/\/ziaruldelta.ro\/wp-content\/uploads\/2025\/12\/primarul-stefan-ilie-610x343.jpg\" alt width=\"610\" height=\"343\">\u201eStrada Eternit\u0103\u0163ii, la fel ca strada Mahmudiei, face parte dintr-o investi\u0163ie cu finan\u0163are nerambursabil\u0103. Ca s\u0103 primim ace\u015fti bani \u2013 pe care nu \u00eei d\u0103m \u00eenapoi, c\u00e2teva condi\u0163ii au fost obligatorii, iar una dintre ele a fost \u015fi marcarea unor piste de biciclete. Ni se pare acum c\u0103 pre\u0163ul scoaterii pietrei cubice, care nu era pentru circula\u0163ia autovehiculelor, care provoca daune \u015fi disconfort ma\u015finilor \u015fi locuitorilor zonei, este prea mare pentru c\u0103 s-au trasat piste pentru biciclete? C\u0103 nu mai avem unde parca una, dou\u0103 sau chiar trei ma\u015fini pe care le avem, direct la fereastr\u0103? Faptul c\u0103 am scos st\u00e2lpii mari de curent \u015fi am eliminat p\u0103ienjeni\u015ful de cabluri, c\u0103 avem azi un spa\u0163iu mult mai aerisit \u015fi trotuare mai circulabile pentru pietoni, o strad\u0103 modernizat\u0103, nu mai conteaz\u0103 acum?\u201d, a punctat primarul \u015etefan Ilie.<\/p>\n<\/blockquote>\n<p>Totodat\u0103, edilul a vorbit \u015fi despre locurile de parcare, spun\u00e2nd c\u0103 municipalitatea va continua s\u0103 organizeze licita\u0163ii pentru parc\u0103rile din zon\u0103, chiar dac\u0103 \u00een trecut nu au avut succes.<\/p>\n<blockquote>\n<p>\u201eAm sus\u0163inut licita\u0163ii pentru parc\u0103rile din zon\u0103 de mai multe ori, deoarece nu erau multe \u00eenscrieri, unii prefer\u00e2nd s\u0103 parcheze direct pe strad\u0103, c\u0103 era gratis, c\u0103 era mai aproape \u015fi c\u0103 nu trebuia s\u0103 mergi p\u00e2n\u0103 la ma\u015fin\u0103 c\u00e2\u0163iva zeci de metri. Vom mai \u0163ine \u015fi alte licita\u0163ii. \u015ei e foarte important, dac\u0103 ne dorim un ora\u015f prietenos, s\u0103 accept\u0103m \u015fi condi\u0163ii care s\u0103 diminueze poluarea aerului, zgomotul \u015fi care s\u0103 ne schimbe via\u0163a \u00een bine, care s\u0103 ne protejeze s\u0103n\u0103tatea. Cred c\u0103 \u015ftim cu to\u0163ii cum ar\u0103ta strada \u00eenainte. \u015ei da, strada a primit toate avizele, inclusiv cele rutiere. \u015ei da, trebuie s\u0103 respect\u0103m regulile de circula\u0163ie. Depinde foarte mult ce ne dorim pentru ora\u015ful nostru, ce \u00eei cerem \u015fi mai ales ce \u00eei oferim. Ce facem fiecare dintre noi pentru Tulcea\u201d, a transmis edilul.<\/p>\n<\/blockquote>\n<p>Reabilitarea str\u0103zii Eternit\u0103\u0163ii din Tulcea face parte dintr-un proiect major de modernizare a infrastructurii rutiere, al\u0103turi de Isaccei, Babadag \u015fi Mahmudiei, cu o valoare de peste 41 de milioane de lei. Lucr\u0103rile au vizat at\u00e2t re\u0163elele subterane, c\u00e2t \u015fi infrastructura suprateran\u0103. \u00cen vara anului 2024 au avut loc ample lucr\u0103ri de \u00eenlocuire a vechii re\u0163ele de distribu\u0163ie a apei potabile, iar primul strat de asfalt pe strada Eternit\u0103\u0163ii a fost turnat la \u00eenceputul lunii august 2025, elimin\u00e2nd problemele cauzate de deteriorarea sever\u0103 a carosabilului.<\/p>\n<\/div>\n<\/div>\n<div class=\"post-footer\">\n<div class=\"social-icons ed-social-share-icons\">\n<p class=\"share-title\">Share:<\/p>\n<\/div>\n<div class=\"rating-stars\">\n<p id=\"rate-title\" class=\"rate-title\">Rate:<\/p>\n<\/div>\n<\/div>\n<\/article>\n<div class=\"post-content entry-content\">\n<p>Strada Eternit\u0103\u0163ii din municipiu a fost finalizat\u0103, iar primarul \u015etefan Ilie a explicat de ce proiectul a inclus \u015fi amenajarea pistei pentru biciclete, dup\u0103 ce unii tulceni au criticat utilitatea acesteia.<\/p>\n<p>Edilul a precizat c\u0103 strada Eternit\u0103\u0163ii, la fel ca strada Mahmudiei, face parte dintr-un proiect finan\u0163at din fonduri nerambursabile, iar realizarea pistei pentru biciclete a fost una dintre condi\u0163iile pentru ob\u0163inerea finan\u0163\u0103rii. Odat\u0103 cu modernizarea str\u0103zii, au fost sco\u015fi st\u00e2lpii de electricitate \u015fi cablurile de curent, au fost ref\u0103cute trotuarele \u015fi modernizat\u0103 \u00eentreaga zon\u0103.<\/p>\n<blockquote>\n<p><img loading=\"lazy\" decoding=\"async\" class=\"size-medium wp-image-34780 aligncenter\" src=\"https:\/\/ziaruldelta.ro\/wp-content\/uploads\/2025\/12\/primarul-stefan-ilie-610x343.jpg\" alt width=\"610\" height=\"343\">\u201eStrada Eternit\u0103\u0163ii, la fel ca strada Mahmudiei, face parte dintr-o investi\u0163ie cu finan\u0163are nerambursabil\u0103. Ca s\u0103 primim ace\u015fti bani \u2013 pe care nu \u00eei d\u0103m \u00eenapoi, c\u00e2teva condi\u0163ii au fost obligatorii, iar una dintre ele a fost \u015fi marcarea unor piste de biciclete. Ni se pare acum c\u0103 pre\u0163ul scoaterii pietrei cubice, care nu era pentru circula\u0163ia autovehiculelor, care provoca daune \u015fi disconfort ma\u015finilor \u015fi locuitorilor zonei, este prea mare pentru c\u0103 s-au trasat piste pentru biciclete? C\u0103 nu mai avem unde parca una, dou\u0103 sau chiar trei ma\u015fini pe care le avem, direct la fereastr\u0103? Faptul c\u0103 am scos st\u00e2lpii mari de curent \u015fi am eliminat p\u0103ienjeni\u015ful de cabluri, c\u0103 avem azi un spa\u0163iu mult mai aerisit \u015fi trotuare mai circulabile pentru pietoni, o strad\u0103 modernizat\u0103, nu mai conteaz\u0103 acum?\u201d, a punctat primarul \u015etefan Ilie.<\/p>\n<\/blockquote>\n<p>Totodat\u0103, edilul a vorbit \u015fi despre locurile de parcare, spun\u00e2nd c\u0103 municipalitatea va continua s\u0103 organizeze licita\u0163ii pentru parc\u0103rile din zon\u0103, chiar dac\u0103 \u00een trecut nu au avut succes.<\/p>\n<blockquote>\n<p>\u201eAm sus\u0163inut licita\u0163ii pentru parc\u0103rile din zon\u0103 de mai multe ori, deoarece nu erau multe \u00eenscrieri, unii prefer\u00e2nd s\u0103 parcheze direct pe strad\u0103, c\u0103 era gratis, c\u0103 era mai aproape \u015fi c\u0103 nu trebuia s\u0103 mergi p\u00e2n\u0103 la ma\u015fin\u0103 c\u00e2\u0163iva zeci de metri. Vom mai \u0163ine \u015fi alte licita\u0163ii. \u015ei e foarte important, dac\u0103 ne dorim un ora\u015f prietenos, s\u0103 accept\u0103m \u015fi condi\u0163ii care s\u0103 diminueze poluarea aerului, zgomotul \u015fi care s\u0103 ne schimbe via\u0163a \u00een bine, care s\u0103 ne protejeze s\u0103n\u0103tatea. Cred c\u0103 \u015ftim cu to\u0163ii cum ar\u0103ta strada \u00eenainte. \u015ei da, strada a primit toate avizele, inclusiv cele rutiere. \u015ei da, trebuie s\u0103 respect\u0103m regulile de circula\u0163ie. Depinde foarte mult ce ne dorim pentru ora\u015ful nostru, ce \u00eei cerem \u015fi mai ales ce \u00eei oferim. Ce facem fiecare dintre noi pentru Tulcea\u201d, a transmis edilul.<\/p>\n<\/blockquote>\n<p>Reabilitarea str\u0103zii Eternit\u0103\u0163ii din Tulcea face parte dintr-un proiect major de modernizare a infrastructurii rutiere, al\u0103turi de Isaccei, Babadag \u015fi Mahmudiei, cu o valoare de peste 41 de milioane de lei. Lucr\u0103rile au vizat at\u00e2t re\u0163elele subterane, c\u00e2t \u015fi infrastructura suprateran\u0103. \u00cen vara anului 2024 au avut loc ample lucr\u0103ri de \u00eenlocuire a vechii re\u0163ele de distribu\u0163ie a apei potabile, iar primul strat de asfalt pe strada Eternit\u0103\u0163ii a fost turnat la \u00eenceputul lunii august 2025, elimin\u00e2nd problemele cauzate de deteriorarea sever\u0103 a carosabilului.<\/p>\n<\/div>\n<div class=\"post-content entry-content\">\n<p>Strada Eternit\u0103\u0163ii din municipiu a fost finalizat\u0103, iar primarul \u015etefan Ilie a explicat de ce proiectul a inclus \u015fi amenajarea pistei pentru biciclete, dup\u0103 ce unii tulceni au criticat utilitatea acesteia.<\/p>\n<p>Edilul a precizat c\u0103 strada Eternit\u0103\u0163ii, la fel ca strada Mahmudiei, face parte dintr-un proiect finan\u0163at din fonduri nerambursabile, iar realizarea pistei pentru biciclete a fost una dintre condi\u0163iile pentru ob\u0163inerea finan\u0163\u0103rii. Odat\u0103 cu modernizarea str\u0103zii, au fost sco\u015fi st\u00e2lpii de electricitate \u015fi cablurile de curent, au fost ref\u0103cute trotuarele \u015fi modernizat\u0103 \u00eentreaga zon\u0103.<\/p>\n<blockquote>\n<p><img loading=\"lazy\" decoding=\"async\" class=\"size-medium wp-image-34780 aligncenter\" src=\"https:\/\/ziaruldelta.ro\/wp-content\/uploads\/2025\/12\/primarul-stefan-ilie-610x343.jpg\" alt width=\"610\" height=\"343\">\u201eStrada Eternit\u0103\u0163ii, la fel ca strada Mahmudiei, face parte dintr-o investi\u0163ie cu finan\u0163are nerambursabil\u0103. Ca s\u0103 primim ace\u015fti bani \u2013 pe care nu \u00eei d\u0103m \u00eenapoi, c\u00e2teva condi\u0163ii au fost obligatorii, iar una dintre ele a fost \u015fi marcarea unor piste de biciclete. Ni se pare acum c\u0103 pre\u0163ul scoaterii pietrei cubice, care nu era pentru circula\u0163ia autovehiculelor, care provoca daune \u015fi disconfort ma\u015finilor \u015fi locuitorilor zonei, este prea mare pentru c\u0103 s-au trasat piste pentru biciclete? C\u0103 nu mai avem unde parca una, dou\u0103 sau chiar trei ma\u015fini pe care le avem, direct la fereastr\u0103? Faptul c\u0103 am scos st\u00e2lpii mari de curent \u015fi am eliminat p\u0103ienjeni\u015ful de cabluri, c\u0103 avem azi un spa\u0163iu mult mai aerisit \u015fi trotuare mai circulabile pentru pietoni, o strad\u0103 modernizat\u0103, nu mai conteaz\u0103 acum?\u201d, a punctat primarul \u015etefan Ilie.<\/p>\n<\/blockquote>\n<p>Totodat\u0103, edilul a vorbit \u015fi despre locurile de parcare, spun\u00e2nd c\u0103 municipalitatea va continua s\u0103 organizeze licita\u0163ii pentru parc\u0103rile din zon\u0103, chiar dac\u0103 \u00een trecut nu au avut succes.<\/p>\n<blockquote>\n<p>\u201eAm sus\u0163inut licita\u0163ii pentru parc\u0103rile din zon\u0103 de mai multe ori, deoarece nu erau multe \u00eenscrieri, unii prefer\u00e2nd s\u0103 parcheze direct pe strad\u0103, c\u0103 era gratis, c\u0103 era mai aproape \u015fi c\u0103 nu trebuia s\u0103 mergi p\u00e2n\u0103 la ma\u015fin\u0103 c\u00e2\u0163iva zeci de metri. Vom mai \u0163ine \u015fi alte licita\u0163ii. \u015ei e foarte important, dac\u0103 ne dorim un ora\u015f prietenos, s\u0103 accept\u0103m \u015fi condi\u0163ii care s\u0103 diminueze poluarea aerului, zgomotul \u015fi care s\u0103 ne schimbe via\u0163a \u00een bine, care s\u0103 ne protejeze s\u0103n\u0103tatea. Cred c\u0103 \u015ftim cu to\u0163ii cum ar\u0103ta strada \u00eenainte. \u015ei da, strada a primit toate avizele, inclusiv cele rutiere. \u015ei da, trebuie s\u0103 respect\u0103m regulile de circula\u0163ie. Depinde foarte mult ce ne dorim pentru ora\u015ful nostru, ce \u00eei cerem \u015fi mai ales ce \u00eei oferim. Ce facem fiecare dintre noi pentru Tulcea\u201d, a transmis edilul.<\/p>\n<\/blockquote>\n<p>Reabilitarea str\u0103zii Eternit\u0103\u0163ii din Tulcea face parte dintr-un proiect major de modernizare a infrastructurii rutiere, al\u0103turi de Isaccei, Babadag \u015fi Mahmudiei, cu o valoare de peste 41 de milioane de lei. Lucr\u0103rile au vizat at\u00e2t re\u0163elele subterane, c\u00e2t \u015fi infrastructura suprateran\u0103. \u00cen vara anului 2024 au avut loc ample lucr\u0103ri de \u00eenlocuire a vechii re\u0163ele de distribu\u0163ie a apei potabile, iar primul strat de asfalt pe strada Eternit\u0103\u0163ii a fost turnat la \u00eenceputul lunii august 2025, elimin\u00e2nd problemele cauzate de deteriorarea sever\u0103 a carosabilului.<\/p>\n<\/div>\n<p>[analyse_source url=&#8221;https:\/\/ziaruldelta.ro\/2026\/07\/07\/strada-eternitatii-a-fost-finalizata-primarul-stefan-ilie-explicatii-pentru-tulcenii-care-critica-amenajarea-pistei-pentru-biciclete-ca-sa-primim-acesti-bani-cateva-conditii-au-fost-oblig\/&#8221;]<\/p>\n","protected":false},"excerpt":{"rendered":"<p>[analyse_image type=&#8221;featured&#8221; src=&#8221;https:\/\/ziaruldelta.ro\/wp-content\/uploads\/2026\/07\/Strada-Eternitatii-e1783344894244.jpg&#8221;] Strada Eternit\u0103\u0163ii a fost finalizat\u0103. Primarul \u015etefan Ilie, explica\u0163ii pentru tulcenii care critic\u0103 amenajarea pistei pentru biciclete: \u201eCa s\u0103 primim ace\u015fti bani, c\u00e2teva condi\u0163ii au fost obligatorii, iar una dintre ele a fost \u015fi marcarea unor piste de biciclete\u201d Posted by Claudia Ionescu | Jul 7, 2026 | Actualitate | Strada Eternit\u0103\u0163ii [&hellip;]<\/p>\n","protected":false},"author":1,"featured_media":0,"comment_status":"open","ping_status":"","sticky":false,"template":"","format":"standard","meta":{"footnotes":""},"categories":[89],"tags":[226,206],"class_list":["post-2032482","post","type-post","status-publish","format-standard","hentry","category-romania","tag-crawlmanager","tag-ziaruldelta-ro"],"_links":{"self":[{"href":"https:\/\/analyse.optim.biz\/index.php?rest_route=\/wp\/v2\/posts\/2032482","targetHints":{"allow":["GET"]}}],"collection":[{"href":"https:\/\/analyse.optim.biz\/index.php?rest_route=\/wp\/v2\/posts"}],"about":[{"href":"https:\/\/analyse.optim.biz\/index.php?rest_route=\/wp\/v2\/types\/post"}],"author":[{"embeddable":true,"href":"https:\/\/analyse.optim.biz\/index.php?rest_route=\/wp\/v2\/users\/1"}],"replies":[{"embeddable":true,"href":"https:\/\/analyse.optim.biz\/index.php?rest_route=%2Fwp%2Fv2%2Fcomments&post=2032482"}],"version-history":[{"count":0,"href":"https:\/\/analyse.optim.biz\/index.php?rest_route=\/wp\/v2\/posts\/2032482\/revisions"}],"wp:attachment":[{"href":"https:\/\/analyse.optim.biz\/index.php?rest_route=%2Fwp%2Fv2%2Fmedia&parent=2032482"}],"wp:term":[{"taxonomy":"category","embeddable":true,"href":"https:\/\/analyse.optim.biz\/index.php?rest_route=%2Fwp%2Fv2%2Fcategories&post=2032482"},{"taxonomy":"post_tag","embeddable":true,"href":"https:\/\/analyse.optim.biz\/index.php?rest_route=%2Fwp%2Fv2%2Ftags&post=2032482"}],"curies":[{"name":"wp","href":"https:\/\/api.w.org\/{rel}","templated":true}]}}