{"id":2032472,"date":"2026-07-08T07:38:22","date_gmt":"2026-07-08T04:38:22","guid":{"rendered":"https:\/\/analyse.optim.biz\/?p=2032472"},"modified":"2026-07-08T07:38:22","modified_gmt":"2026-07-08T04:38:22","slug":"tatiana-este-femeia-care-a-murit-strivita-de-o-masina-cand-statea-pe-o-banca-din-fata-blocului","status":"publish","type":"post","link":"https:\/\/analyse.optim.biz\/?p=2032472","title":{"rendered":"Tatiana este femeia care a murit strivit\u0103 de o ma\u0219in\u0103 c\u00e2nd st\u0103tea pe o banc\u0103 din fa\u021ba blocului"},"content":{"rendered":"<p>[analyse_image type=&#8221;featured&#8221; src=&#8221;https:\/\/dobrogeanews.b-cdn.net\/wp-content\/uploads\/2026\/07\/tatiana-femeia-care-a-murit-strivita-de-o-masina-la-tulcea.jpg&#8221;]<\/p>\n<div id=\"post-71767\" class=\"entry single-default post-71767 post type-post status-publish format-standard has-post-thumbnail hentry category-info\">\n<div>\n<div class=\"ss-follow-wrapper ss-clearfix ss-regular-buttons ss-columns-1 ss-default-style\">\n<div class=\"ss-follow-column\" data-ss-sf-network-id=\"&quot;facebook&quot;\"><a href=\"https:\/\/www.facebook.com\/dobrogeanews\" class=\"ss-follow-network ss-facebook-color\" rel=\"nofollow noopener\" aria-label=\"facebook\" target=\"_blank\"><span class=\"ss-follow-network-label\">Urm\u0103re\u015fte-ne \u015fi pe Facebook!<\/span><span class=\"ss-follow-network-count\"><span class=\"ss-follow-network-count-number\">57K<\/span><span class=\"ss-follow-network-count-label\">Followers<\/span><\/span><\/a><\/div>\n<\/div>\n<\/div>\n<p>Tatiana avea 44 de ani \u0219i st\u0103tea lini\u0219tit\u0103 pe o banc\u0103 din fa\u021ba unui bloc de pe strada Isaccei din Tulcea. Ea nu locuia \u00een zon\u0103. Doar a\u0219tepta pe cineva. Ce a urmat a fost fulger\u0103tor \u0219i \u2026dramatic de nedrept. <\/p>\n<figure class=\"wp-block-image size-full is-resized\">\n<source type=\"image\/webp\" data-lazy-srcset=\"https:\/\/dobrogeanews.b-cdn.net\/wp-content\/uploads\/2026\/07\/tatiana-femeia-care-a-murit-strivita-de-o-masina-la-tulcea.jpg.webp 2560w, https:\/\/dobrogeanews.b-cdn.net\/wp-content\/uploads\/2026\/07\/tatiana-femeia-care-a-murit-strivita-de-o-masina-la-tulcea-300x246.jpg.webp 300w, https:\/\/dobrogeanews.b-cdn.net\/wp-content\/uploads\/2026\/07\/tatiana-femeia-care-a-murit-strivita-de-o-masina-la-tulcea-1024x840.jpg.webp 1024w, https:\/\/dobrogeanews.b-cdn.net\/wp-content\/uploads\/2026\/07\/tatiana-femeia-care-a-murit-strivita-de-o-masina-la-tulcea-768x630.jpg.webp 768w, https:\/\/dobrogeanews.b-cdn.net\/wp-content\/uploads\/2026\/07\/tatiana-femeia-care-a-murit-strivita-de-o-masina-la-tulcea-1536x1260.jpg.webp 1536w, https:\/\/dobrogeanews.b-cdn.net\/wp-content\/uploads\/2026\/07\/tatiana-femeia-care-a-murit-strivita-de-o-masina-la-tulcea-2048x1680.jpg.webp 2048w\" sizes=\"(max-width: 640px) 100vw, 640px\" \/><br \/>\n<img loading=\"lazy\" decoding=\"async\" src=\"https:\/\/dobrogeanews.b-cdn.net\/wp-content\/uploads\/2026\/07\/tatiana-femeia-care-a-murit-strivita-de-o-masina-la-tulcea.jpg\" alt=\"\" width=\"640\" height=\"525\"><\/figure>\n<p>O camionet\u0103 care mergea cu vitez\u0103 pe strada Isaccei pentru a nu lovi ma\u0219ina din fa\u021ba sa (de care se apropiase prea mult) a tras dreapta de volan, a p\u0103r\u0103sit carosabilul, a intrat pe trotuar, a rupt un copac \u0219i a luat \u00een plin banca pe care se afla Tatiana. <\/p>\n<p>Femeia a murit strivit\u0103 de ma\u0219in\u0103. Pe trotuar circulau mai multe persoane care puteau \u00eemp\u0103rt\u0103\u0219i soarta femeii care nu a mai apucat s\u0103 se \u00eent\u00e2lneasc\u0103\u2026 dec\u00e2t cu moartea. <\/p>\n<p>Oamenii afla\u021bi \u00een zon\u0103 s-au adunat \u0219i au reu\u0219it s\u0103 ridice ma\u0219ina \u0219i s\u0103 scoat\u0103 femeia care era incon\u0219tient\u0103. Medicii au resuscitat-o dar femeia nu a mai revenit la via\u021b\u0103 \u0219i s-a pronun\u021bat decesul.<\/p>\n<p>B\u0103rbatul de 58 de ani care a produs tragedia a fost testat \u0219i nu era b\u0103ut sau drogat. El a fost arestat preventiv. Ancheta continu\u0103 la Tulcea.<\/p>\n<div class=\"monsterinsights-inline-popular-posts monsterinsights-inline-popular-posts-charlie monsterinsights-popular-posts-styled\">\n<div class=\"monsterinsights-inline-popular-posts-text\"><span class=\"monsterinsights-inline-popular-posts-label\">Vezi \u0219i:<\/span><\/p>\n<div class=\"monsterinsights-inline-popular-posts-post\"><a class=\"monsterinsights-inline-popular-posts-title\" href=\"https:\/\/www.dobrogeanews.ro\/eveniment-medical-de-exceptie-la-spitalul-judetean-de-urgenta-tulcea-alaturi-de-clubul-de-chirurgie-oncoplastica-a-sanului\/\">Eveniment medical de excep\u021bie la Spitalul Jude\u021bean de Urgen\u021b\u0103 Tulcea al\u0103turi de Clubul de Chirurgie Oncoplastic\u0103 a S\u00e2nului<\/a><\/div>\n<div class=\"monsterinsights-inline-popular-posts-post\"><a class=\"monsterinsights-inline-popular-posts-title\" href=\"https:\/\/www.dobrogeanews.ro\/stefan-ilie-primar-tulcea-avem-buget-mai-mare-si-mai-multe-investitii-modernizarea-strazilor-si-a-retelelor-de-utilitati-de-sub-carosabil-continua-tulcea-va-fi-un-oras-european\/\">\u0218tefan Ilie, primar Tulcea: Avem buget mai mare \u0219i mai multe investi\u021bii. Modernizarea str\u0103zilor \u0219i a re\u021belelor de utilit\u0103\u021bi de sub carosabil, continu\u0103. Tulcea va fi un ora\u0219 european(!)<\/a><\/div>\n<div class=\"monsterinsights-inline-popular-posts-post\"><a class=\"monsterinsights-inline-popular-posts-title\" href=\"https:\/\/www.dobrogeanews.ro\/a-fost-emis-avizul-pentru-centura-municipiului-tulcea-drumuri-de-legatura-cu-conexiune-la-drumul-expres-constanta-tulcea-braila\/\">A fost emis Avizul pentru Centura Municipiului Tulcea \u2013 \u201eDrumuri de leg\u0103tur\u0103 cu conexiune la Drumul Expres Constan\u021ba-Tulcea-Br\u0103ila\u201d<\/a><\/div>\n<\/div>\n<\/div>\n<p class=\"has-text-align-center has-white-color has-text-color has-background\"><span><a href=\"https:\/\/news.google.com\/publications\/CAAqBwgKMIu5pgsw88O-Aw?ceid=RO:ro&amp;oc=3\">Urm\u0103ri\u0163i \u015etirile Dobrogeanews \u015fi pe Google News<\/a><\/span><\/p>\n<\/div>\n<div id=\"post-71767\" class=\"entry single-default post-71767 post type-post status-publish format-standard has-post-thumbnail hentry category-info\">\n<div>\n<div class=\"ss-follow-wrapper ss-clearfix ss-regular-buttons ss-columns-1 ss-default-style\">\n<div class=\"ss-follow-column\" data-ss-sf-network-id=\"&quot;facebook&quot;\"><a href=\"https:\/\/www.facebook.com\/dobrogeanews\" class=\"ss-follow-network ss-facebook-color\" rel=\"nofollow noopener\" aria-label=\"facebook\" target=\"_blank\"><span class=\"ss-follow-network-label\">Urm\u0103re\u015fte-ne \u015fi pe Facebook!<\/span><span class=\"ss-follow-network-count\"><span class=\"ss-follow-network-count-number\">57K<\/span><span class=\"ss-follow-network-count-label\">Followers<\/span><\/span><\/a><\/div>\n<\/div>\n<\/div>\n<p>Tatiana avea 44 de ani \u0219i st\u0103tea lini\u0219tit\u0103 pe o banc\u0103 din fa\u021ba unui bloc de pe strada Isaccei din Tulcea. Ea nu locuia \u00een zon\u0103. Doar a\u0219tepta pe cineva. Ce a urmat a fost fulger\u0103tor \u0219i \u2026dramatic de nedrept. <\/p>\n<figure class=\"wp-block-image size-full is-resized\">\n<source type=\"image\/webp\" data-lazy-srcset=\"https:\/\/dobrogeanews.b-cdn.net\/wp-content\/uploads\/2026\/07\/tatiana-femeia-care-a-murit-strivita-de-o-masina-la-tulcea.jpg.webp 2560w, https:\/\/dobrogeanews.b-cdn.net\/wp-content\/uploads\/2026\/07\/tatiana-femeia-care-a-murit-strivita-de-o-masina-la-tulcea-300x246.jpg.webp 300w, https:\/\/dobrogeanews.b-cdn.net\/wp-content\/uploads\/2026\/07\/tatiana-femeia-care-a-murit-strivita-de-o-masina-la-tulcea-1024x840.jpg.webp 1024w, https:\/\/dobrogeanews.b-cdn.net\/wp-content\/uploads\/2026\/07\/tatiana-femeia-care-a-murit-strivita-de-o-masina-la-tulcea-768x630.jpg.webp 768w, https:\/\/dobrogeanews.b-cdn.net\/wp-content\/uploads\/2026\/07\/tatiana-femeia-care-a-murit-strivita-de-o-masina-la-tulcea-1536x1260.jpg.webp 1536w, https:\/\/dobrogeanews.b-cdn.net\/wp-content\/uploads\/2026\/07\/tatiana-femeia-care-a-murit-strivita-de-o-masina-la-tulcea-2048x1680.jpg.webp 2048w\" sizes=\"(max-width: 640px) 100vw, 640px\" \/><br \/>\n<img loading=\"lazy\" decoding=\"async\" src=\"https:\/\/dobrogeanews.b-cdn.net\/wp-content\/uploads\/2026\/07\/tatiana-femeia-care-a-murit-strivita-de-o-masina-la-tulcea.jpg\" alt=\"\" width=\"640\" height=\"525\"><\/figure>\n<p>O camionet\u0103 care mergea cu vitez\u0103 pe strada Isaccei pentru a nu lovi ma\u0219ina din fa\u021ba sa (de care se apropiase prea mult) a tras dreapta de volan, a p\u0103r\u0103sit carosabilul, a intrat pe trotuar, a rupt un copac \u0219i a luat \u00een plin banca pe care se afla Tatiana. <\/p>\n<p>Femeia a murit strivit\u0103 de ma\u0219in\u0103. Pe trotuar circulau mai multe persoane care puteau \u00eemp\u0103rt\u0103\u0219i soarta femeii care nu a mai apucat s\u0103 se \u00eent\u00e2lneasc\u0103\u2026 dec\u00e2t cu moartea. <\/p>\n<p>Oamenii afla\u021bi \u00een zon\u0103 s-au adunat \u0219i au reu\u0219it s\u0103 ridice ma\u0219ina \u0219i s\u0103 scoat\u0103 femeia care era incon\u0219tient\u0103. Medicii au resuscitat-o dar femeia nu a mai revenit la via\u021b\u0103 \u0219i s-a pronun\u021bat decesul.<\/p>\n<p>B\u0103rbatul de 58 de ani care a produs tragedia a fost testat \u0219i nu era b\u0103ut sau drogat. El a fost arestat preventiv. Ancheta continu\u0103 la Tulcea.<\/p>\n<div class=\"monsterinsights-inline-popular-posts monsterinsights-inline-popular-posts-charlie monsterinsights-popular-posts-styled\">\n<div class=\"monsterinsights-inline-popular-posts-text\"><span class=\"monsterinsights-inline-popular-posts-label\">Vezi \u0219i:<\/span><\/p>\n<div class=\"monsterinsights-inline-popular-posts-post\"><a class=\"monsterinsights-inline-popular-posts-title\" href=\"https:\/\/www.dobrogeanews.ro\/eveniment-medical-de-exceptie-la-spitalul-judetean-de-urgenta-tulcea-alaturi-de-clubul-de-chirurgie-oncoplastica-a-sanului\/\">Eveniment medical de excep\u021bie la Spitalul Jude\u021bean de Urgen\u021b\u0103 Tulcea al\u0103turi de Clubul de Chirurgie Oncoplastic\u0103 a S\u00e2nului<\/a><\/div>\n<div class=\"monsterinsights-inline-popular-posts-post\"><a class=\"monsterinsights-inline-popular-posts-title\" href=\"https:\/\/www.dobrogeanews.ro\/stefan-ilie-primar-tulcea-avem-buget-mai-mare-si-mai-multe-investitii-modernizarea-strazilor-si-a-retelelor-de-utilitati-de-sub-carosabil-continua-tulcea-va-fi-un-oras-european\/\">\u0218tefan Ilie, primar Tulcea: Avem buget mai mare \u0219i mai multe investi\u021bii. Modernizarea str\u0103zilor \u0219i a re\u021belelor de utilit\u0103\u021bi de sub carosabil, continu\u0103. Tulcea va fi un ora\u0219 european(!)<\/a><\/div>\n<div class=\"monsterinsights-inline-popular-posts-post\"><a class=\"monsterinsights-inline-popular-posts-title\" href=\"https:\/\/www.dobrogeanews.ro\/a-fost-emis-avizul-pentru-centura-municipiului-tulcea-drumuri-de-legatura-cu-conexiune-la-drumul-expres-constanta-tulcea-braila\/\">A fost emis Avizul pentru Centura Municipiului Tulcea \u2013 \u201eDrumuri de leg\u0103tur\u0103 cu conexiune la Drumul Expres Constan\u021ba-Tulcea-Br\u0103ila\u201d<\/a><\/div>\n<\/div>\n<\/div>\n<p class=\"has-text-align-center has-white-color has-text-color has-background\"><span><a href=\"https:\/\/news.google.com\/publications\/CAAqBwgKMIu5pgsw88O-Aw?ceid=RO:ro&amp;oc=3\">Urm\u0103ri\u0163i \u015etirile Dobrogeanews \u015fi pe Google News<\/a><\/span><\/p>\n<\/div>\n<p>[analyse_source url=&#8221;https:\/\/www.dobrogeanews.ro\/tatiana-este-femeia-care-a-murit-strivita-de-o-masina-cand-statea-pe-o-banca-din-fata-blocului\/&#8221;]<\/p>\n","protected":false},"excerpt":{"rendered":"<p>[analyse_image type=&#8221;featured&#8221; src=&#8221;https:\/\/dobrogeanews.b-cdn.net\/wp-content\/uploads\/2026\/07\/tatiana-femeia-care-a-murit-strivita-de-o-masina-la-tulcea.jpg&#8221;] Urm\u0103re\u015fte-ne \u015fi pe Facebook!57KFollowers Tatiana avea 44 de ani \u0219i st\u0103tea lini\u0219tit\u0103 pe o banc\u0103 din fa\u021ba unui bloc de pe strada Isaccei din Tulcea. Ea nu locuia \u00een zon\u0103. Doar a\u0219tepta pe cineva. Ce a urmat a fost fulger\u0103tor \u0219i \u2026dramatic de nedrept. O camionet\u0103 care mergea cu vitez\u0103 pe strada [&hellip;]<\/p>\n","protected":false},"author":1,"featured_media":0,"comment_status":"open","ping_status":"","sticky":false,"template":"","format":"standard","meta":{"footnotes":""},"categories":[89],"tags":[226,223],"class_list":["post-2032472","post","type-post","status-publish","format-standard","hentry","category-romania","tag-crawlmanager","tag-dobrogeanews-ro"],"_links":{"self":[{"href":"https:\/\/analyse.optim.biz\/index.php?rest_route=\/wp\/v2\/posts\/2032472","targetHints":{"allow":["GET"]}}],"collection":[{"href":"https:\/\/analyse.optim.biz\/index.php?rest_route=\/wp\/v2\/posts"}],"about":[{"href":"https:\/\/analyse.optim.biz\/index.php?rest_route=\/wp\/v2\/types\/post"}],"author":[{"embeddable":true,"href":"https:\/\/analyse.optim.biz\/index.php?rest_route=\/wp\/v2\/users\/1"}],"replies":[{"embeddable":true,"href":"https:\/\/analyse.optim.biz\/index.php?rest_route=%2Fwp%2Fv2%2Fcomments&post=2032472"}],"version-history":[{"count":0,"href":"https:\/\/analyse.optim.biz\/index.php?rest_route=\/wp\/v2\/posts\/2032472\/revisions"}],"wp:attachment":[{"href":"https:\/\/analyse.optim.biz\/index.php?rest_route=%2Fwp%2Fv2%2Fmedia&parent=2032472"}],"wp:term":[{"taxonomy":"category","embeddable":true,"href":"https:\/\/analyse.optim.biz\/index.php?rest_route=%2Fwp%2Fv2%2Fcategories&post=2032472"},{"taxonomy":"post_tag","embeddable":true,"href":"https:\/\/analyse.optim.biz\/index.php?rest_route=%2Fwp%2Fv2%2Ftags&post=2032472"}],"curies":[{"name":"wp","href":"https:\/\/api.w.org\/{rel}","templated":true}]}}