{"id":2032470,"date":"2026-07-07T06:00:46","date_gmt":"2026-07-07T03:00:46","guid":{"rendered":"https:\/\/analyse.optim.biz\/?p=2032470"},"modified":"2026-07-07T06:00:46","modified_gmt":"2026-07-07T03:00:46","slug":"primaria-sarichioi-lanseaza-proiectul-batranete-fara-griji-finantat-cu-peste-5-milioane-de-lei-bani","status":"publish","type":"post","link":"https:\/\/analyse.optim.biz\/?p=2032470","title":{"rendered":"Prim\u0103ria Sarichioi lanseaz\u0103 proiectul \u201eB\u0103tr\u00e2ne\u0163e f\u0103r\u0103 griji&#8221;, finan\u0163at cu peste 5 milioane de lei, bani"},"content":{"rendered":"<p>[analyse_image type=&#8221;featured&#8221; src=&#8221;https:\/\/ziaruldelta.ro\/wp-content\/uploads\/2026\/07\/Primaria-Sarichioi-e1783344182828.jpg&#8221;]<\/p>\n<article id=\"post-37324\" class=\"module single-post-module post-37324 post type-post status-publish format-standard has-post-thumbnail hentry category-economie et-has-post-format-content et_post_format-et-post-format-standard\">\n<div class=\"post-header\">\n<h1 class=\"entry-title\">Prim\u0103ria Sarichioi lanseaz\u0103 proiectul \u201eB\u0103tr\u00e2ne\u0163e f\u0103r\u0103 griji\u201d, finan\u0163at cu peste 5 milioane de lei, bani europeni<\/h1>\n<div class=\"post-meta vcard\">\n<p>Posted by <a href=\"https:\/\/ziaruldelta.ro\/author\/claudia-ionescu\/\" class=\"url fn\" title=\"Posts by Claudia Ionescu\" rel=\"author\">Claudia Ionescu<\/a> | <span class=\"updated\">Jul 7, 2026<\/span> | <a href=\"https:\/\/ziaruldelta.ro\/category\/economie\/\" rel=\"tag\">Economie<\/a> | <\/p>\n<\/div>\n<\/div>\n<div class=\"post-thumbnail header\"><img decoding=\"async\" src=\"https:\/\/ziaruldelta.ro\/wp-content\/uploads\/2026\/07\/Primaria-Sarichioi-1280x640.jpg\" alt=\"Prim\u0103ria Sarichioi lanseaz\u0103 proiectul \u201eB\u0103tr\u00e2ne\u0163e f\u0103r\u0103 griji\u201d, finan\u0163at cu peste 5 milioane de lei, bani europeni\"><\/div>\n<div class=\"post-wrap\">\n<div class=\"post-content entry-content\">\n<p>Prim\u0103ria Sarichioi a anun\u0163at \u00eenceperea proiectului \u201eB\u0103tr\u00e2ne\u0163e f\u0103r\u0103 griji\u201d. Proiectul are o valoare eligibil\u0103 de peste 5 milioane de lei \u015fi vizeaz\u0103 \u00eenfiin\u0163area unui sistem modern de sprijin la domiciliu, prevenirea izol\u0103rii sociale \u015fi promovarea \u00eemb\u0103tr\u00e2nirii active, men\u0163in\u00e2nd beneficiarii \u00een mediul lor familial. Proiectul este finan\u0163at de Uniunea European\u0103, prin Fondul Social European Plus (FSE+), \u00een cadrul Programului Incluziune \u015fi Demnitate Social\u0103 2021-2027. Contractul de finan\u0163are este \u00eencheiat cu Ministerul Investi\u0163iilor \u015fi Proiectelor Europene, iar perioada de implementare a proiectului este de 42 de luni, \u00eencep\u00e2nd cu 1 iulie 2026.<\/p>\n<blockquote>\n<p><img loading=\"lazy\" decoding=\"async\" class=\"size-medium wp-image-37326 alignleft\" src=\"https:\/\/ziaruldelta.ro\/wp-content\/uploads\/2026\/07\/Primaria-Sarichioi-2-237x610.jpg\" alt width=\"237\" height=\"610\">\u201eObiectivul proiectului este facilitarea accesului persoanelor v\u00e2rstnice vulnerabile din localitate la servicii sociale integrate \u015fi se adreseaz\u0103 unui num\u0103r de 100 de persoane\u201d, ne-a declarat Vitali Finoghen, primarul comunei Sarichioi.<\/p>\n<\/blockquote>\n<p>Proiectul \u00ee\u015fi propune \u00eenfiin\u0163area \u015fi opera\u0163ionalizarea unei unit\u0103\u0163i specializate de \u00eengrijiri la domiciliu. De asemenea, proiectul prevede furnizarea de servicii integrate la domiciliu, precum \u00eengrijire, asisten\u0163\u0103 medical\u0103, consiliere psihologic\u0103, informare \u015fi consiliere social\u0103, precum \u015fi distribuirea de hran\u0103 cald\u0103. Astfel, se dore\u015fte ameliorarea situa\u0163iei de vulnerabilitate pentru cel pu\u0163in 85 de beneficiari \u015fi promovarea \u00eemb\u0103tr\u00e2nirii active prin \u00eenfiin\u0163area Comitetului Comunitar al B\u0103tr\u00e2nilor \u015fi organizarea de activit\u0103\u0163i socio-culturale (ateliere de crea\u0163ie, \u015fez\u0103tori, excursii).<\/p>\n<\/div>\n<\/div>\n<div class=\"post-footer\">\n<div class=\"social-icons ed-social-share-icons\">\n<p class=\"share-title\">Share:<\/p>\n<\/div>\n<div class=\"rating-stars\">\n<p id=\"rate-title\" class=\"rate-title\">Rate:<\/p>\n<\/div>\n<\/div>\n<\/article>\n<div class=\"post-content entry-content\">\n<p>Prim\u0103ria Sarichioi a anun\u0163at \u00eenceperea proiectului \u201eB\u0103tr\u00e2ne\u0163e f\u0103r\u0103 griji\u201d. Proiectul are o valoare eligibil\u0103 de peste 5 milioane de lei \u015fi vizeaz\u0103 \u00eenfiin\u0163area unui sistem modern de sprijin la domiciliu, prevenirea izol\u0103rii sociale \u015fi promovarea \u00eemb\u0103tr\u00e2nirii active, men\u0163in\u00e2nd beneficiarii \u00een mediul lor familial. Proiectul este finan\u0163at de Uniunea European\u0103, prin Fondul Social European Plus (FSE+), \u00een cadrul Programului Incluziune \u015fi Demnitate Social\u0103 2021-2027. Contractul de finan\u0163are este \u00eencheiat cu Ministerul Investi\u0163iilor \u015fi Proiectelor Europene, iar perioada de implementare a proiectului este de 42 de luni, \u00eencep\u00e2nd cu 1 iulie 2026.<\/p>\n<blockquote>\n<p><img loading=\"lazy\" decoding=\"async\" class=\"size-medium wp-image-37326 alignleft\" src=\"https:\/\/ziaruldelta.ro\/wp-content\/uploads\/2026\/07\/Primaria-Sarichioi-2-237x610.jpg\" alt width=\"237\" height=\"610\">\u201eObiectivul proiectului este facilitarea accesului persoanelor v\u00e2rstnice vulnerabile din localitate la servicii sociale integrate \u015fi se adreseaz\u0103 unui num\u0103r de 100 de persoane\u201d, ne-a declarat Vitali Finoghen, primarul comunei Sarichioi.<\/p>\n<\/blockquote>\n<p>Proiectul \u00ee\u015fi propune \u00eenfiin\u0163area \u015fi opera\u0163ionalizarea unei unit\u0103\u0163i specializate de \u00eengrijiri la domiciliu. De asemenea, proiectul prevede furnizarea de servicii integrate la domiciliu, precum \u00eengrijire, asisten\u0163\u0103 medical\u0103, consiliere psihologic\u0103, informare \u015fi consiliere social\u0103, precum \u015fi distribuirea de hran\u0103 cald\u0103. Astfel, se dore\u015fte ameliorarea situa\u0163iei de vulnerabilitate pentru cel pu\u0163in 85 de beneficiari \u015fi promovarea \u00eemb\u0103tr\u00e2nirii active prin \u00eenfiin\u0163area Comitetului Comunitar al B\u0103tr\u00e2nilor \u015fi organizarea de activit\u0103\u0163i socio-culturale (ateliere de crea\u0163ie, \u015fez\u0103tori, excursii).<\/p>\n<\/div>\n<div class=\"post-content entry-content\">\n<p>Prim\u0103ria Sarichioi a anun\u0163at \u00eenceperea proiectului \u201eB\u0103tr\u00e2ne\u0163e f\u0103r\u0103 griji\u201d. Proiectul are o valoare eligibil\u0103 de peste 5 milioane de lei \u015fi vizeaz\u0103 \u00eenfiin\u0163area unui sistem modern de sprijin la domiciliu, prevenirea izol\u0103rii sociale \u015fi promovarea \u00eemb\u0103tr\u00e2nirii active, men\u0163in\u00e2nd beneficiarii \u00een mediul lor familial. Proiectul este finan\u0163at de Uniunea European\u0103, prin Fondul Social European Plus (FSE+), \u00een cadrul Programului Incluziune \u015fi Demnitate Social\u0103 2021-2027. Contractul de finan\u0163are este \u00eencheiat cu Ministerul Investi\u0163iilor \u015fi Proiectelor Europene, iar perioada de implementare a proiectului este de 42 de luni, \u00eencep\u00e2nd cu 1 iulie 2026.<\/p>\n<blockquote>\n<p><img loading=\"lazy\" decoding=\"async\" class=\"size-medium wp-image-37326 alignleft\" src=\"https:\/\/ziaruldelta.ro\/wp-content\/uploads\/2026\/07\/Primaria-Sarichioi-2-237x610.jpg\" alt width=\"237\" height=\"610\">\u201eObiectivul proiectului este facilitarea accesului persoanelor v\u00e2rstnice vulnerabile din localitate la servicii sociale integrate \u015fi se adreseaz\u0103 unui num\u0103r de 100 de persoane\u201d, ne-a declarat Vitali Finoghen, primarul comunei Sarichioi.<\/p>\n<\/blockquote>\n<p>Proiectul \u00ee\u015fi propune \u00eenfiin\u0163area \u015fi opera\u0163ionalizarea unei unit\u0103\u0163i specializate de \u00eengrijiri la domiciliu. De asemenea, proiectul prevede furnizarea de servicii integrate la domiciliu, precum \u00eengrijire, asisten\u0163\u0103 medical\u0103, consiliere psihologic\u0103, informare \u015fi consiliere social\u0103, precum \u015fi distribuirea de hran\u0103 cald\u0103. Astfel, se dore\u015fte ameliorarea situa\u0163iei de vulnerabilitate pentru cel pu\u0163in 85 de beneficiari \u015fi promovarea \u00eemb\u0103tr\u00e2nirii active prin \u00eenfiin\u0163area Comitetului Comunitar al B\u0103tr\u00e2nilor \u015fi organizarea de activit\u0103\u0163i socio-culturale (ateliere de crea\u0163ie, \u015fez\u0103tori, excursii).<\/p>\n<\/div>\n<p>[analyse_source url=&#8221;https:\/\/ziaruldelta.ro\/2026\/07\/07\/primaria-sarichioi-lanseaza-proiectul-batranete-fara-griji-finantat-cu-peste-5-milioane-de-lei-bani-europeni\/&#8221;]<\/p>\n","protected":false},"excerpt":{"rendered":"<p>[analyse_image type=&#8221;featured&#8221; src=&#8221;https:\/\/ziaruldelta.ro\/wp-content\/uploads\/2026\/07\/Primaria-Sarichioi-e1783344182828.jpg&#8221;] Prim\u0103ria Sarichioi lanseaz\u0103 proiectul \u201eB\u0103tr\u00e2ne\u0163e f\u0103r\u0103 griji\u201d, finan\u0163at cu peste 5 milioane de lei, bani europeni Posted by Claudia Ionescu | Jul 7, 2026 | Economie | Prim\u0103ria Sarichioi a anun\u0163at \u00eenceperea proiectului \u201eB\u0103tr\u00e2ne\u0163e f\u0103r\u0103 griji\u201d. Proiectul are o valoare eligibil\u0103 de peste 5 milioane de lei \u015fi vizeaz\u0103 \u00eenfiin\u0163area unui sistem [&hellip;]<\/p>\n","protected":false},"author":1,"featured_media":0,"comment_status":"open","ping_status":"","sticky":false,"template":"","format":"standard","meta":{"footnotes":""},"categories":[89],"tags":[226,206],"class_list":["post-2032470","post","type-post","status-publish","format-standard","hentry","category-romania","tag-crawlmanager","tag-ziaruldelta-ro"],"_links":{"self":[{"href":"https:\/\/analyse.optim.biz\/index.php?rest_route=\/wp\/v2\/posts\/2032470","targetHints":{"allow":["GET"]}}],"collection":[{"href":"https:\/\/analyse.optim.biz\/index.php?rest_route=\/wp\/v2\/posts"}],"about":[{"href":"https:\/\/analyse.optim.biz\/index.php?rest_route=\/wp\/v2\/types\/post"}],"author":[{"embeddable":true,"href":"https:\/\/analyse.optim.biz\/index.php?rest_route=\/wp\/v2\/users\/1"}],"replies":[{"embeddable":true,"href":"https:\/\/analyse.optim.biz\/index.php?rest_route=%2Fwp%2Fv2%2Fcomments&post=2032470"}],"version-history":[{"count":0,"href":"https:\/\/analyse.optim.biz\/index.php?rest_route=\/wp\/v2\/posts\/2032470\/revisions"}],"wp:attachment":[{"href":"https:\/\/analyse.optim.biz\/index.php?rest_route=%2Fwp%2Fv2%2Fmedia&parent=2032470"}],"wp:term":[{"taxonomy":"category","embeddable":true,"href":"https:\/\/analyse.optim.biz\/index.php?rest_route=%2Fwp%2Fv2%2Fcategories&post=2032470"},{"taxonomy":"post_tag","embeddable":true,"href":"https:\/\/analyse.optim.biz\/index.php?rest_route=%2Fwp%2Fv2%2Ftags&post=2032470"}],"curies":[{"name":"wp","href":"https:\/\/api.w.org\/{rel}","templated":true}]}}