{"id":2032469,"date":"2026-07-07T06:00:27","date_gmt":"2026-07-07T03:00:27","guid":{"rendered":"https:\/\/analyse.optim.biz\/?p=2032469"},"modified":"2026-07-07T06:00:27","modified_gmt":"2026-07-07T03:00:27","slug":"lucrari-de-asfaltare-pe-podul-suspendat-peste-dunare-in-perioada-6-10-iulie-ziarul-delta-tulcea","status":"publish","type":"post","link":"https:\/\/analyse.optim.biz\/?p=2032469","title":{"rendered":"Lucr\u0103ri de asfaltare pe podul suspendat peste Dun\u0103re, \u00een perioada 6 &#8211; 10 iulie &#8211; Ziarul Delta Tulcea"},"content":{"rendered":"<p>[analyse_image type=&#8221;featured&#8221; src=&#8221;https:\/\/ziaruldelta.ro\/wp-content\/uploads\/2026\/07\/Lucrari-de-asfaltare-e1783343829205.jpg&#8221;]<\/p>\n<article id=\"post-37318\" class=\"module single-post-module post-37318 post type-post status-publish format-standard has-post-thumbnail hentry category-stirea-zilei et-has-post-format-content et_post_format-et-post-format-standard\">\n<div class=\"post-header\">\n<h1 class=\"entry-title\">Lucr\u0103ri de asfaltare pe podul suspendat peste Dun\u0103re, \u00een perioada 6 \u2013 10 iulie<\/h1>\n<div class=\"post-meta vcard\">\n<p>Posted by <a href=\"https:\/\/ziaruldelta.ro\/author\/rasvan-dinca\/\" class=\"url fn\" title=\"Posts by Rasvan DINCA\" rel=\"author\">Rasvan DINCA<\/a> | <span class=\"updated\">Jul 7, 2026<\/span> | <a href=\"https:\/\/ziaruldelta.ro\/category\/stirea-zilei\/\" rel=\"tag\">Stirea Zilei<\/a> | <\/p>\n<\/div>\n<\/div>\n<div class=\"post-thumbnail header\"><img decoding=\"async\" src=\"https:\/\/ziaruldelta.ro\/wp-content\/uploads\/2026\/07\/Lucrari-de-asfaltare-1280x640.jpg\" alt=\"Lucr\u0103ri de asfaltare pe podul suspendat peste Dun\u0103re, \u00een perioada 6 \u2013 10 iulie\"><\/div>\n<div class=\"post-wrap\">\n<div class=\"post-content entry-content\">\n<p>Circula\u0163ia pe Podul Suspendat peste Dun\u0103re va fi restric\u0163ionat\u0103 \u00een perioada 6 \u2013 10 iulie, \u00een vederea desf\u0103\u015fur\u0103rii unor lucr\u0103ri de asfaltare, a anun\u0163at, luni, Direc\u0163ia Regional\u0103 de Drumuri \u015fi Poduri (DRDP) Buz\u0103u.<\/p>\n<p>Lucr\u0103rile au \u00eenceput luni, 6 iulie, \u00een zona rostului de dilata\u0163ie de la Jijila, urm\u00e2nd s\u0103 continue mar\u0163i, 7 iulie, \u00een zona rostului de la Br\u0103ila.<\/p>\n<p>Dup\u0103 executarea unei por\u0163iuni limitate de asfalt drenant, \u00een zilele de 9 \u015fi 10 iulie va fi a\u015fternut stratul de uzur\u0103.<\/p>\n<p>Reprezentan\u0163ii DRDP Buz\u0103u le recomand\u0103 participan\u0163ilor la trafic s\u0103 circule cu pruden\u0163\u0103, s\u0103 respecte semnalizarea rutier\u0103 temporar\u0103 \u015fi indica\u0163iile personalului din teren, pentru desf\u0103\u015furarea lucr\u0103rilor \u00een condi\u0163ii de siguran\u0163\u0103.<\/p>\n<p>Citi\u0163i continuarea \u00een edi\u0163ia tip\u0103rit\u0103 a Ziarului DELTA.<\/p>\n<\/div>\n<\/div>\n<div class=\"post-footer\">\n<div class=\"social-icons ed-social-share-icons\">\n<p class=\"share-title\">Share:<\/p>\n<\/div>\n<div class=\"rating-stars\">\n<p id=\"rate-title\" class=\"rate-title\">Rate:<\/p>\n<\/div>\n<\/div>\n<\/article>\n<div class=\"post-content entry-content\">\n<p>Circula\u0163ia pe Podul Suspendat peste Dun\u0103re va fi restric\u0163ionat\u0103 \u00een perioada 6 \u2013 10 iulie, \u00een vederea desf\u0103\u015fur\u0103rii unor lucr\u0103ri de asfaltare, a anun\u0163at, luni, Direc\u0163ia Regional\u0103 de Drumuri \u015fi Poduri (DRDP) Buz\u0103u.<\/p>\n<p>Lucr\u0103rile au \u00eenceput luni, 6 iulie, \u00een zona rostului de dilata\u0163ie de la Jijila, urm\u00e2nd s\u0103 continue mar\u0163i, 7 iulie, \u00een zona rostului de la Br\u0103ila.<\/p>\n<p>Dup\u0103 executarea unei por\u0163iuni limitate de asfalt drenant, \u00een zilele de 9 \u015fi 10 iulie va fi a\u015fternut stratul de uzur\u0103.<\/p>\n<p>Reprezentan\u0163ii DRDP Buz\u0103u le recomand\u0103 participan\u0163ilor la trafic s\u0103 circule cu pruden\u0163\u0103, s\u0103 respecte semnalizarea rutier\u0103 temporar\u0103 \u015fi indica\u0163iile personalului din teren, pentru desf\u0103\u015furarea lucr\u0103rilor \u00een condi\u0163ii de siguran\u0163\u0103.<\/p>\n<p>Citi\u0163i continuarea \u00een edi\u0163ia tip\u0103rit\u0103 a Ziarului DELTA.<\/p>\n<\/div>\n<div class=\"post-content entry-content\">\n<p>Circula\u0163ia pe Podul Suspendat peste Dun\u0103re va fi restric\u0163ionat\u0103 \u00een perioada 6 \u2013 10 iulie, \u00een vederea desf\u0103\u015fur\u0103rii unor lucr\u0103ri de asfaltare, a anun\u0163at, luni, Direc\u0163ia Regional\u0103 de Drumuri \u015fi Poduri (DRDP) Buz\u0103u.<\/p>\n<p>Lucr\u0103rile au \u00eenceput luni, 6 iulie, \u00een zona rostului de dilata\u0163ie de la Jijila, urm\u00e2nd s\u0103 continue mar\u0163i, 7 iulie, \u00een zona rostului de la Br\u0103ila.<\/p>\n<p>Dup\u0103 executarea unei por\u0163iuni limitate de asfalt drenant, \u00een zilele de 9 \u015fi 10 iulie va fi a\u015fternut stratul de uzur\u0103.<\/p>\n<p>Reprezentan\u0163ii DRDP Buz\u0103u le recomand\u0103 participan\u0163ilor la trafic s\u0103 circule cu pruden\u0163\u0103, s\u0103 respecte semnalizarea rutier\u0103 temporar\u0103 \u015fi indica\u0163iile personalului din teren, pentru desf\u0103\u015furarea lucr\u0103rilor \u00een condi\u0163ii de siguran\u0163\u0103.<\/p>\n<p>Citi\u0163i continuarea \u00een edi\u0163ia tip\u0103rit\u0103 a Ziarului DELTA.<\/p>\n<\/div>\n<p>[analyse_source url=&#8221;https:\/\/ziaruldelta.ro\/2026\/07\/07\/lucrari-de-asfaltare-pe-podul-suspendat-peste-dunare-in-perioada-6-10-iulie\/&#8221;]<\/p>\n","protected":false},"excerpt":{"rendered":"<p>[analyse_image type=&#8221;featured&#8221; src=&#8221;https:\/\/ziaruldelta.ro\/wp-content\/uploads\/2026\/07\/Lucrari-de-asfaltare-e1783343829205.jpg&#8221;] Lucr\u0103ri de asfaltare pe podul suspendat peste Dun\u0103re, \u00een perioada 6 \u2013 10 iulie Posted by Rasvan DINCA | Jul 7, 2026 | Stirea Zilei | Circula\u0163ia pe Podul Suspendat peste Dun\u0103re va fi restric\u0163ionat\u0103 \u00een perioada 6 \u2013 10 iulie, \u00een vederea desf\u0103\u015fur\u0103rii unor lucr\u0103ri de asfaltare, a anun\u0163at, luni, Direc\u0163ia [&hellip;]<\/p>\n","protected":false},"author":1,"featured_media":0,"comment_status":"open","ping_status":"","sticky":false,"template":"","format":"standard","meta":{"footnotes":""},"categories":[89],"tags":[226,206],"class_list":["post-2032469","post","type-post","status-publish","format-standard","hentry","category-romania","tag-crawlmanager","tag-ziaruldelta-ro"],"_links":{"self":[{"href":"https:\/\/analyse.optim.biz\/index.php?rest_route=\/wp\/v2\/posts\/2032469","targetHints":{"allow":["GET"]}}],"collection":[{"href":"https:\/\/analyse.optim.biz\/index.php?rest_route=\/wp\/v2\/posts"}],"about":[{"href":"https:\/\/analyse.optim.biz\/index.php?rest_route=\/wp\/v2\/types\/post"}],"author":[{"embeddable":true,"href":"https:\/\/analyse.optim.biz\/index.php?rest_route=\/wp\/v2\/users\/1"}],"replies":[{"embeddable":true,"href":"https:\/\/analyse.optim.biz\/index.php?rest_route=%2Fwp%2Fv2%2Fcomments&post=2032469"}],"version-history":[{"count":0,"href":"https:\/\/analyse.optim.biz\/index.php?rest_route=\/wp\/v2\/posts\/2032469\/revisions"}],"wp:attachment":[{"href":"https:\/\/analyse.optim.biz\/index.php?rest_route=%2Fwp%2Fv2%2Fmedia&parent=2032469"}],"wp:term":[{"taxonomy":"category","embeddable":true,"href":"https:\/\/analyse.optim.biz\/index.php?rest_route=%2Fwp%2Fv2%2Fcategories&post=2032469"},{"taxonomy":"post_tag","embeddable":true,"href":"https:\/\/analyse.optim.biz\/index.php?rest_route=%2Fwp%2Fv2%2Ftags&post=2032469"}],"curies":[{"name":"wp","href":"https:\/\/api.w.org\/{rel}","templated":true}]}}