{"id":203244,"date":"2014-06-10T22:37:05","date_gmt":"2014-06-10T19:37:05","guid":{"rendered":"https:\/\/analyse.optim.biz\/?p=203244"},"modified":"2014-06-10T22:37:05","modified_gmt":"2014-06-10T19:37:05","slug":"emil-hurezeanu-udmr-a-pus-degetul-pe-rana-intrarea-ppdd-la-guvernare-intareste-caracterul-demagogic-al-coalitiei","status":"publish","type":"post","link":"https:\/\/analyse.optim.biz\/?p=203244","title":{"rendered":"Emil Hurezeanu: UDMR a pus degetul pe ran\u0103. Intrarea PPDD la guvernare \u00eent\u0103re\u0219te caracterul demagogic al coali\u021biei"},"content":{"rendered":"<div class=\"entry data-app-meta data-app-meta-article\" data-embed-base-url-canonical=\"https:\/\/www.digi24.ro\/embed\/stiri\/actualitate\/politica\/emil-hurezeanu-udmr-a-pus-degetul-pe-rana-intrarea-ppdd-la-guvernare-intareste-caracterul-demagogic-al-coalitiei-254556\">\n<p data-index=\"1\">\u201eProblema de imagine este \u00een viziunea UDMR, care este principalul partener la guvernare. Domnul Ponta a \u00eencercat, cumva, s\u0103 relativizeze parteneriatele la guvernare. S\u0103 ne \u00een\u021belegem: a fost USL, a mai r\u0103mas USD, un conglomerat, plus UDMR. Acum vor \u0219i PPDD. <em><strong>UDMR procedeaz\u0103 foarte bine. UDMR joac\u0103 un rol de centralizare, e un partid care asigur\u0103 o stabilitate \u00een filonul acesta al rela\u021biilor interetnice, care nu e un vulcan stins\u201d<\/strong><\/em>, spus Emil Hurezeanu, \u00een emisiunea <strong>\u201eJurnalul de Sear\u0103\u201d.<\/strong><\/p>\n<p data-index=\"2\">\u00cen opinia sa, UDMR are o \u201esensibilitate valoric\u0103 interesant\u0103\u201d \u0219i, ca partener de guvernare, pune degetul pe ran\u0103. \u201eUDMR a pus degetul pe ran\u0103. Sigur c\u0103 este o catastrof\u0103 de imagine \u0219i se \u00eent\u0103re\u0219te caracterul demagogic al coali\u021biei\u201d, a apreciat Emil Hurezeanu.<\/p>\n<p data-index=\"3\"><em><strong>\u201eUDMR vrea s\u0103 \u00ee\u0219i asigure, pe de alt\u0103 parte, \u0219i o posibil\u0103 salvare a fe\u021bei \u00een fa\u021ba partenerilor ideologici de la Bruxelles \u0219i, posibil, \u00een perspectiva unor coali\u021bii viitoare care nu \u00eei vor exclude pe to\u021bi ceilal\u021bi. Adic\u0103 se poate alia \u0219i cu o for\u021b\u0103 de dreapta ren\u0103scut\u0103\u201d<\/strong><\/em>, a ad\u0103ugat jurnalistul.<\/p>\n<p data-index=\"4\">Pre\u015fedintele UDMR, Kelemen Hunor, a declarat, mar\u0163i, dup\u0103 \u015fedin\u0163a coali\u0163iei de guvernare, c\u0103, din punctul s\u0103u de vedere, cooptarea PPDD la guvernare<a href=\"https:\/\/www.digi24.ro\/Stiri\/Digi24\/Actualitate\/Politica\/UDMR+nu+vrea+PPDD+la+Guvernare+Ar+fi+un+dezastru+de+imagine\" target=\"_blank\" data-skip-linkfix=\"1\" rel=\"noopener\"><strong> ar fi un dezastru, ca imagine.<\/strong><\/a> \u201eDin punctul de vedere al imaginii, ar fi un dezastru. \u015ei nici nu este nevoie\u201d, a precizat Kelemen Hunor.<\/p>\n<p data-index=\"5\">\u201eNu am discutat cooptarea PPDD la guvernare, premierul a ie\u015fit \u015fi a spus c\u0103 au fost ni\u015fte discu\u0163ii, dar nu ne-a cerut o discu\u0163ie mai profund\u0103. Asa \u00eenseamn\u0103 c\u0103 \u00een acest moment nu este de actualitate, fiindc\u0103, oricum, f\u0103r\u0103 voturile coali\u0163iei, nu se poate trece prin Parlament\u201d,\u00a0a mai spus Kelemen Hunor.<\/p>\n<\/div>\n<p> Source URL: https:\/\/www.digi24.ro\/stiri\/actualitate\/politica\/emil-hurezeanu-udmr-a-pus-degetul-pe-rana-intrarea-ppdd-la-guvernare-intareste-caracterul-demagogic-al-coalitiei-254556<\/p>\n","protected":false},"excerpt":{"rendered":"<p>\u201eProblema de imagine este \u00een viziunea UDMR, care este principalul partener la guvernare. Domnul Ponta a \u00eencercat, cumva, s\u0103 relativizeze parteneriatele la guvernare. S\u0103 ne \u00een\u021belegem: a fost USL, a mai r\u0103mas USD, un conglomerat, plus UDMR. Acum vor \u0219i PPDD. UDMR procedeaz\u0103 foarte bine. UDMR joac\u0103 un rol de centralizare, e un partid care [&hellip;]<\/p>\n","protected":false},"author":1,"featured_media":203245,"comment_status":"open","ping_status":"","sticky":false,"template":"","format":"standard","meta":{"footnotes":""},"categories":[2],"tags":[11],"class_list":["post-203244","post","type-post","status-publish","format-standard","has-post-thumbnail","hentry","category-politics","tag-digi24"],"_links":{"self":[{"href":"https:\/\/analyse.optim.biz\/index.php?rest_route=\/wp\/v2\/posts\/203244","targetHints":{"allow":["GET"]}}],"collection":[{"href":"https:\/\/analyse.optim.biz\/index.php?rest_route=\/wp\/v2\/posts"}],"about":[{"href":"https:\/\/analyse.optim.biz\/index.php?rest_route=\/wp\/v2\/types\/post"}],"author":[{"embeddable":true,"href":"https:\/\/analyse.optim.biz\/index.php?rest_route=\/wp\/v2\/users\/1"}],"replies":[{"embeddable":true,"href":"https:\/\/analyse.optim.biz\/index.php?rest_route=%2Fwp%2Fv2%2Fcomments&post=203244"}],"version-history":[{"count":0,"href":"https:\/\/analyse.optim.biz\/index.php?rest_route=\/wp\/v2\/posts\/203244\/revisions"}],"wp:featuredmedia":[{"embeddable":true,"href":"https:\/\/analyse.optim.biz\/index.php?rest_route=\/wp\/v2\/media\/203245"}],"wp:attachment":[{"href":"https:\/\/analyse.optim.biz\/index.php?rest_route=%2Fwp%2Fv2%2Fmedia&parent=203244"}],"wp:term":[{"taxonomy":"category","embeddable":true,"href":"https:\/\/analyse.optim.biz\/index.php?rest_route=%2Fwp%2Fv2%2Fcategories&post=203244"},{"taxonomy":"post_tag","embeddable":true,"href":"https:\/\/analyse.optim.biz\/index.php?rest_route=%2Fwp%2Fv2%2Ftags&post=203244"}],"curies":[{"name":"wp","href":"https:\/\/api.w.org\/{rel}","templated":true}]}}