{"id":203222,"date":"2014-06-11T00:34:42","date_gmt":"2014-06-10T21:34:42","guid":{"rendered":"https:\/\/analyse.optim.biz\/?p=203222"},"modified":"2014-06-11T00:34:42","modified_gmt":"2014-06-10T21:34:42","slug":"24-intr-o-ora-deputat-psd-ii-asiguram-pe-cei-din-udmr-ca-sunt-discutii-incipiente-cu-ppdd","status":"publish","type":"post","link":"https:\/\/analyse.optim.biz\/?p=203222","title":{"rendered":"24 \u00eentr-o or\u0103. Deputat PSD: \u00cei asigur\u0103m pe cei din UDMR c\u0103 sunt discu\u021bii incipiente cu PPDD"},"content":{"rendered":"<div class=\"entry data-app-meta data-app-meta-article\" data-embed-base-url-canonical=\"https:\/\/www.digi24.ro\/embed\/stiri\/actualitate\/politica\/24-intr-o-ora-deputat-psd-ii-asiguram-pe-cei-din-udmr-ca-sunt-discutii-incipiente-cu-ppdd-254586\">\n<p data-index=\"1\">\u201e<span>Am \u00eenceput discu\u021bii cu PPDD, mai ales cu Simona Manu (pre\u0219edintele PPDD). \u00cencerc\u0103m s\u0103-i asigur\u0103m pe partenerii no\u0219tri de guvernare de la UDMR ca suntem doar \u00eentr-un stadiu incipient, nu vorbim de introducerea PPDD la guvernare, pur \u0219i simplu e vorba de o alian\u021b\u0103 \u00een teritoriu, acolo unde avem pre\u0219edin\u021bi de consilii jude\u021bene care nu beneficiaz\u0103 de majoritatea necesar\u0103 pentru a trece proiectele \u00een consiliu\u201d, a spus Gabriela Poda\u015fc\u0103, deputat PSD.<\/span><\/p>\n<p data-index=\"2\">Viorel Hrebenciuc<a href=\"https:\/\/www.digi24.ro\/Stiri\/Digi24\/Actualitate\/Politica\/Viorel+Hrebenciuc+Nu+va+fi+o+alianta+cu+PPDD+eventual+un+acord+p\" data-skip-linkfix=\"1\"> a declarat \u00een emisiunea Jurnalul de sear\u0103<\/a> c\u0103 doar la nivel local s-ar putea face alian\u021be cu PPDD, la nivel central acest lucru ar fi exclus.<\/p>\n<p data-index=\"3\"><a href=\"https:\/\/www.digi24.ro\/Stiri\/Digi24\/Actualitate\/Politica\/UDMR+nu+vrea+PPDD+la+Guvernare+Ar+fi+un+dezastru+de+imagine\" data-skip-linkfix=\"1\">UDMR nu vrea ca PPDD s\u0103 intre la guvernare<\/a>. Liderul forma\u0163iunii,\u00a0<strong>Kelemen Hunor<\/strong>, a spus ast\u0103zi c\u0103 acest lucru ar fi un dezastru de imagine pentru coali\u021bia USD.\u00a0\u00cens\u0103,\u00a0<strong>Liviu Dragnea<\/strong>\u00a0amenin\u0163\u0103 c\u0103 renun\u0163\u0103 la \u00een\u0163elegere, dac\u0103 partidul lui Dan Diaconescu nu rupe alian\u0163ele pe care le-a semnat \u00een teritoriu cu PNL \u015fi PDL. \u00cen prezent, Partidul Poporului colaboreaz\u0103 cu partidele de dreapta \u00een Hunedoara, Gorj \u015fi Bra\u015fov.<\/p>\n<p data-index=\"4\">\u00cen leg\u0103tur\u0103 cu acest aspect,\u00a0<strong>Victor Ponta<\/strong>\u00a0a spus c\u0103 deocamdat\u0103 nu este un rezultat al negocierilor cu PPDD.<\/p>\n<p data-index=\"5\">\u201eNu am discutat zilele acestea, c\u00e2nd vorbim, anun\u0163\u0103m. Nu au fost negocieri, s-a discutat la nivel tehnic de c\u0103tre domnul Dragnea cu secretarul general. Nu m-am v\u0103zut cu conducerea PPDD\u201d, a declarat\u00a0Victor Ponta.<\/p>\n<\/div>\n<p> Source URL: https:\/\/www.digi24.ro\/stiri\/actualitate\/politica\/24-intr-o-ora-deputat-psd-ii-asiguram-pe-cei-din-udmr-ca-sunt-discutii-incipiente-cu-ppdd-254586<\/p>\n","protected":false},"excerpt":{"rendered":"<p>\u201eAm \u00eenceput discu\u021bii cu PPDD, mai ales cu Simona Manu (pre\u0219edintele PPDD). \u00cencerc\u0103m s\u0103-i asigur\u0103m pe partenerii no\u0219tri de guvernare de la UDMR ca suntem doar \u00eentr-un stadiu incipient, nu vorbim de introducerea PPDD la guvernare, pur \u0219i simplu e vorba de o alian\u021b\u0103 \u00een teritoriu, acolo unde avem pre\u0219edin\u021bi de consilii jude\u021bene care nu [&hellip;]<\/p>\n","protected":false},"author":1,"featured_media":203223,"comment_status":"open","ping_status":"","sticky":false,"template":"","format":"standard","meta":{"footnotes":""},"categories":[2],"tags":[11],"class_list":["post-203222","post","type-post","status-publish","format-standard","has-post-thumbnail","hentry","category-politics","tag-digi24"],"_links":{"self":[{"href":"https:\/\/analyse.optim.biz\/index.php?rest_route=\/wp\/v2\/posts\/203222","targetHints":{"allow":["GET"]}}],"collection":[{"href":"https:\/\/analyse.optim.biz\/index.php?rest_route=\/wp\/v2\/posts"}],"about":[{"href":"https:\/\/analyse.optim.biz\/index.php?rest_route=\/wp\/v2\/types\/post"}],"author":[{"embeddable":true,"href":"https:\/\/analyse.optim.biz\/index.php?rest_route=\/wp\/v2\/users\/1"}],"replies":[{"embeddable":true,"href":"https:\/\/analyse.optim.biz\/index.php?rest_route=%2Fwp%2Fv2%2Fcomments&post=203222"}],"version-history":[{"count":0,"href":"https:\/\/analyse.optim.biz\/index.php?rest_route=\/wp\/v2\/posts\/203222\/revisions"}],"wp:featuredmedia":[{"embeddable":true,"href":"https:\/\/analyse.optim.biz\/index.php?rest_route=\/wp\/v2\/media\/203223"}],"wp:attachment":[{"href":"https:\/\/analyse.optim.biz\/index.php?rest_route=%2Fwp%2Fv2%2Fmedia&parent=203222"}],"wp:term":[{"taxonomy":"category","embeddable":true,"href":"https:\/\/analyse.optim.biz\/index.php?rest_route=%2Fwp%2Fv2%2Fcategories&post=203222"},{"taxonomy":"post_tag","embeddable":true,"href":"https:\/\/analyse.optim.biz\/index.php?rest_route=%2Fwp%2Fv2%2Ftags&post=203222"}],"curies":[{"name":"wp","href":"https:\/\/api.w.org\/{rel}","templated":true}]}}