{"id":203219,"date":"2014-06-11T09:39:43","date_gmt":"2014-06-11T06:39:43","guid":{"rendered":"https:\/\/analyse.optim.biz\/?p=203219"},"modified":"2014-06-11T09:39:43","modified_gmt":"2014-06-11T06:39:43","slug":"interactiv-va-rezista-actuala-coalitie-de-guvernare-pana-la-alegerile-prezidentiale","status":"publish","type":"post","link":"https:\/\/analyse.optim.biz\/?p=203219","title":{"rendered":"INTERACTIV. Va rezista actuala coali\u0163ie de guvernare p\u00e2n\u0103 la alegerile preziden\u0163iale?"},"content":{"rendered":"<div class=\"entry data-app-meta data-app-meta-article\" data-embed-base-url-canonical=\"https:\/\/www.digi24.ro\/embed\/stiri\/actualitate\/politica\/interactiv-va-rezista-actuala-coalitie-de-guvernare-pana-la-alegerile-prezidentiale-254654\">\n<p data-index=\"1\"><img decoding=\"async\" src=\"https:\/\/analyse.optim.biz\/wp-content\/uploads\/2024\/09\/mczoyxnopwq2mzlknzc2otqwnzhlmwvjyjmxzdg0mjrknta4zwfk-thumb_.jpg\" data-skip-htmlfix=\"1\" title=\"mczoyxnopwq2mzlknzc2otqwnzhlmwvjyjmxzdg0mjrknta4zwfk-thumb_\"><\/p>\n<p data-index=\"2\">\u00cen acela\u015fi timp, un lider PPDD amenin\u0163\u0103 cu negocieri cu reprezentan\u0163ii PNL \u015fi PDL dac\u0103 social &#8211; democra\u0163ii nu \u00eei coopteaz\u0103 la guvernare.<\/p>\n<p data-index=\"3\">Acesta este subiectul pe care Tudor Mu\u015fat \u00eel va dezbate \u00een direct cu dumneavoastr\u0103, telespectatorii Digi24, la ora 15.00.<\/p>\n<p data-index=\"4\">Crede\u0163i c\u0103 negocierile PPDD \u2013 PSD ar putea duce la ruperea actualei coali\u0163ii de guvernare? Va rezista actuala coali\u0163ie de guvernare p\u00e2n\u0103 la alegerile preziden\u0163iale?<\/p>\n<p data-index=\"5\">V\u0103 a\u015ftept\u0103m mesajele \u015fi comentariile pe site-ul nostru, la sec\u0163iunea DigiVOX, l\u0103sa\u0163i-v\u0103 num\u0103rul de telefon \u015fi pute\u021bi intra \u00een direct la ora 15.00, cu Tudor Mu\u015fat.<\/p>\n<p data-index=\"6\">\n<\/div>\n<p> Source URL: https:\/\/www.digi24.ro\/stiri\/actualitate\/politica\/interactiv-va-rezista-actuala-coalitie-de-guvernare-pana-la-alegerile-prezidentiale-254654<\/p>\n","protected":false},"excerpt":{"rendered":"<p>\u00cen acela\u015fi timp, un lider PPDD amenin\u0163\u0103 cu negocieri cu reprezentan\u0163ii PNL \u015fi PDL dac\u0103 social &#8211; democra\u0163ii nu \u00eei coopteaz\u0103 la guvernare. Acesta este subiectul pe care Tudor Mu\u015fat \u00eel va dezbate \u00een direct cu dumneavoastr\u0103, telespectatorii Digi24, la ora 15.00. Crede\u0163i c\u0103 negocierile PPDD \u2013 PSD ar putea duce la ruperea actualei coali\u0163ii [&hellip;]<\/p>\n","protected":false},"author":1,"featured_media":203220,"comment_status":"open","ping_status":"","sticky":false,"template":"","format":"standard","meta":{"footnotes":""},"categories":[2],"tags":[11],"class_list":["post-203219","post","type-post","status-publish","format-standard","has-post-thumbnail","hentry","category-politics","tag-digi24"],"_links":{"self":[{"href":"https:\/\/analyse.optim.biz\/index.php?rest_route=\/wp\/v2\/posts\/203219","targetHints":{"allow":["GET"]}}],"collection":[{"href":"https:\/\/analyse.optim.biz\/index.php?rest_route=\/wp\/v2\/posts"}],"about":[{"href":"https:\/\/analyse.optim.biz\/index.php?rest_route=\/wp\/v2\/types\/post"}],"author":[{"embeddable":true,"href":"https:\/\/analyse.optim.biz\/index.php?rest_route=\/wp\/v2\/users\/1"}],"replies":[{"embeddable":true,"href":"https:\/\/analyse.optim.biz\/index.php?rest_route=%2Fwp%2Fv2%2Fcomments&post=203219"}],"version-history":[{"count":0,"href":"https:\/\/analyse.optim.biz\/index.php?rest_route=\/wp\/v2\/posts\/203219\/revisions"}],"wp:featuredmedia":[{"embeddable":true,"href":"https:\/\/analyse.optim.biz\/index.php?rest_route=\/wp\/v2\/media\/203220"}],"wp:attachment":[{"href":"https:\/\/analyse.optim.biz\/index.php?rest_route=%2Fwp%2Fv2%2Fmedia&parent=203219"}],"wp:term":[{"taxonomy":"category","embeddable":true,"href":"https:\/\/analyse.optim.biz\/index.php?rest_route=%2Fwp%2Fv2%2Fcategories&post=203219"},{"taxonomy":"post_tag","embeddable":true,"href":"https:\/\/analyse.optim.biz\/index.php?rest_route=%2Fwp%2Fv2%2Ftags&post=203219"}],"curies":[{"name":"wp","href":"https:\/\/api.w.org\/{rel}","templated":true}]}}