{"id":203208,"date":"2014-06-11T10:36:35","date_gmt":"2014-06-11T07:36:35","guid":{"rendered":"https:\/\/analyse.optim.biz\/?p=203208"},"modified":"2014-06-11T10:36:35","modified_gmt":"2014-06-11T07:36:35","slug":"traian-basescu-nu-a-fost-invitat-la-aniversarea-senatului-calin-popescu-tariceanu-prezenta-sa-nu-este-oportuna-a-fost-un-consens-ca-nu-are-rost-sa-il-invitam","status":"publish","type":"post","link":"https:\/\/analyse.optim.biz\/?p=203208","title":{"rendered":"Traian B\u0103sescu nu a fost invitat la aniversarea Senatului. C\u0103lin Popescu T\u0103riceanu: &#8220;Prezen\u0163a sa nu este oportun\u0103. A fost un consens c\u0103 nu are rost s\u0103 \u00eel invit\u0103m&#8221;"},"content":{"rendered":"<div class=\"entry data-app-meta data-app-meta-article\" data-embed-base-url-canonical=\"https:\/\/www.digi24.ro\/embed\/stiri\/actualitate\/politica\/traian-basescu-nu-a-fost-invitat-la-aniversarea-senatului-calin-popescu-tariceanu-prezenta-sa-nu-este-oportuna-a-fost-un-consens-ca-nu-are-rost-sa-il-invitam-254688\">\n<p data-index=\"1\">\u201eLa festivitate se va vorbi despre tradi\u0163ia Senatului. Vom aborda rolul Senatului \u00een perspectiva urm\u0103torilor ani. Rolul Senatului este important, acela de a elimina excesele Camerei Deputa\u0163ilor, trebuie s\u0103 fie adaptat necesit\u0103\u0163ilor din ziua de azi. Senatul va trebui s\u0103 devin\u0103 o camer\u0103 de reprezentare a regiunilor. \u015eeful statului nu a fost invitat la \u015fedin\u0163a aniversar\u0103 a Senatului, prezen\u0163a domniei sale nu este oportun\u0103 \u00een aula \u00een care vom s\u0103rb\u0103tori acest eveniment. Cred \u00een sistemul parlamentar bicameral. Din p\u0103cate, pre\u015fedintele nu a f\u0103cut dec\u00e2t cu mult\u0103 determinare \u015fi perseveren\u0163\u0103 s\u0103 decredibilizeze institu\u0163ia Parlamentului\u201d, a declarat <strong>C\u0103lin Popescu T\u0103riceanu.<\/strong><\/p>\n<p data-index=\"2\">El a ad\u0103ugat c\u0103 decizia referitoare la neinvitarea pre\u015fedintelui<strong> Traian B\u0103sescu<\/strong> nu e una personal\u0103, \u00eentruc\u00e2t el nu poate decide \u00een numele Senatului.<\/p>\n<p data-index=\"3\">\u201eAm discutat \u00een Biroul Permanent al Senatului, a fost un consens c\u0103 nu are rost s\u0103 invit\u0103m pre\u015fedintele. Pentru trimiterea invita\u0163iilor eu am semnat, am pus viza mea pe acea list\u0103\u201d, a sus\u0163inut pre\u015fedintele Senatului.<\/p>\n<p data-index=\"4\">Pe de alt\u0103 parte, el a subliniat c\u0103 a semnat personal invita\u0163ia c\u0103tre Regele Mihai, care nu va putea fi prezent, astfel c\u0103 la eveniment a fost delegat\u0103 Principesa Margareta, care va sus\u0163ine un discurs.<\/p>\n<\/div>\n<p> Source URL: https:\/\/www.digi24.ro\/stiri\/actualitate\/politica\/traian-basescu-nu-a-fost-invitat-la-aniversarea-senatului-calin-popescu-tariceanu-prezenta-sa-nu-este-oportuna-a-fost-un-consens-ca-nu-are-rost-sa-il-invitam-254688<\/p>\n","protected":false},"excerpt":{"rendered":"<p>\u201eLa festivitate se va vorbi despre tradi\u0163ia Senatului. Vom aborda rolul Senatului \u00een perspectiva urm\u0103torilor ani. Rolul Senatului este important, acela de a elimina excesele Camerei Deputa\u0163ilor, trebuie s\u0103 fie adaptat necesit\u0103\u0163ilor din ziua de azi. Senatul va trebui s\u0103 devin\u0103 o camer\u0103 de reprezentare a regiunilor. \u015eeful statului nu a fost invitat la \u015fedin\u0163a [&hellip;]<\/p>\n","protected":false},"author":1,"featured_media":203209,"comment_status":"open","ping_status":"","sticky":false,"template":"","format":"standard","meta":{"footnotes":""},"categories":[2],"tags":[11],"class_list":["post-203208","post","type-post","status-publish","format-standard","has-post-thumbnail","hentry","category-politics","tag-digi24"],"_links":{"self":[{"href":"https:\/\/analyse.optim.biz\/index.php?rest_route=\/wp\/v2\/posts\/203208","targetHints":{"allow":["GET"]}}],"collection":[{"href":"https:\/\/analyse.optim.biz\/index.php?rest_route=\/wp\/v2\/posts"}],"about":[{"href":"https:\/\/analyse.optim.biz\/index.php?rest_route=\/wp\/v2\/types\/post"}],"author":[{"embeddable":true,"href":"https:\/\/analyse.optim.biz\/index.php?rest_route=\/wp\/v2\/users\/1"}],"replies":[{"embeddable":true,"href":"https:\/\/analyse.optim.biz\/index.php?rest_route=%2Fwp%2Fv2%2Fcomments&post=203208"}],"version-history":[{"count":0,"href":"https:\/\/analyse.optim.biz\/index.php?rest_route=\/wp\/v2\/posts\/203208\/revisions"}],"wp:featuredmedia":[{"embeddable":true,"href":"https:\/\/analyse.optim.biz\/index.php?rest_route=\/wp\/v2\/media\/203209"}],"wp:attachment":[{"href":"https:\/\/analyse.optim.biz\/index.php?rest_route=%2Fwp%2Fv2%2Fmedia&parent=203208"}],"wp:term":[{"taxonomy":"category","embeddable":true,"href":"https:\/\/analyse.optim.biz\/index.php?rest_route=%2Fwp%2Fv2%2Fcategories&post=203208"},{"taxonomy":"post_tag","embeddable":true,"href":"https:\/\/analyse.optim.biz\/index.php?rest_route=%2Fwp%2Fv2%2Ftags&post=203208"}],"curies":[{"name":"wp","href":"https:\/\/api.w.org\/{rel}","templated":true}]}}