{"id":2032035,"date":"2026-07-07T18:53:31","date_gmt":"2026-07-07T15:53:31","guid":{"rendered":"https:\/\/analyse.optim.biz\/?p=2032035"},"modified":"2026-07-07T18:53:31","modified_gmt":"2026-07-07T15:53:31","slug":"tulcea-incendiu-la-o-cladire-din-zona-lacului-ciuperca","status":"publish","type":"post","link":"https:\/\/analyse.optim.biz\/?p=2032035","title":{"rendered":"Tulcea: Incendiu la o cl\u0103dire din zona Lacului Ciuperca"},"content":{"rendered":"<p>[analyse_image type=&#8221;featured&#8221; src=&#8221;https:\/\/dobrogeanews.b-cdn.net\/wp-content\/uploads\/2026\/07\/incendiu-cladire-lac-ciuperca-tulcea1.jpg&#8221;]<\/p>\n<div id=\"post-71758\" class=\"entry single-default post-71758 post type-post status-publish format-standard has-post-thumbnail hentry category-info\">\n<div>\n<div class=\"ss-follow-wrapper ss-clearfix ss-regular-buttons ss-columns-1 ss-default-style\">\n<div class=\"ss-follow-column\" data-ss-sf-network-id=\"&quot;facebook&quot;\"><a href=\"https:\/\/www.facebook.com\/dobrogeanews\" class=\"ss-follow-network ss-facebook-color\" rel=\"nofollow noopener\" aria-label=\"facebook\" target=\"_blank\"><span class=\"ss-follow-network-label\">Urm\u0103re\u015fte-ne \u015fi pe Facebook!<\/span><span class=\"ss-follow-network-count\"><span class=\"ss-follow-network-count-number\">57K<\/span><span class=\"ss-follow-network-count-label\">Followers<\/span><\/span><\/a><\/div>\n<\/div>\n<\/div>\n<p>\u00cen urm\u0103 cu pu\u021bin timp, pompierii militari au fost solicita\u021bi s\u0103 intervin\u0103 pentru stingerea unui incendiu izbucnit la o cl\u0103dire dezafectat\u0103 din municipiul Tulcea, \u00een zona Lacului Ciuperca, exist\u00e2nd risc de propagare a fl\u0103c\u0103rilor la vecin\u0103t\u0103\u021bi.<\/p>\n<figure class=\"wp-block-image size-full is-resized\">\n<source type=\"image\/webp\" data-lazy-srcset=\"https:\/\/dobrogeanews.b-cdn.net\/wp-content\/uploads\/2026\/07\/incendiu-cladire-lac-ciuperca-tulcea1.jpg.webp 2560w, https:\/\/dobrogeanews.b-cdn.net\/wp-content\/uploads\/2026\/07\/incendiu-cladire-lac-ciuperca-tulcea1-300x246.jpg.webp 300w, https:\/\/dobrogeanews.b-cdn.net\/wp-content\/uploads\/2026\/07\/incendiu-cladire-lac-ciuperca-tulcea1-1024x840.jpg.webp 1024w, https:\/\/dobrogeanews.b-cdn.net\/wp-content\/uploads\/2026\/07\/incendiu-cladire-lac-ciuperca-tulcea1-768x630.jpg.webp 768w, https:\/\/dobrogeanews.b-cdn.net\/wp-content\/uploads\/2026\/07\/incendiu-cladire-lac-ciuperca-tulcea1-1536x1260.jpg.webp 1536w, https:\/\/dobrogeanews.b-cdn.net\/wp-content\/uploads\/2026\/07\/incendiu-cladire-lac-ciuperca-tulcea1-2048x1680.jpg.webp 2048w\" sizes=\"(max-width: 640px) 100vw, 640px\" \/><br \/>\n<img loading=\"lazy\" decoding=\"async\" src=\"https:\/\/dobrogeanews.b-cdn.net\/wp-content\/uploads\/2026\/07\/incendiu-cladire-lac-ciuperca-tulcea1.jpg\" alt=\"Tulcea Incendiu la o cl\u0103dire din zona Lacului Ciuperca\" width=\"640\" height=\"525\"><\/figure>\n<p>\u00centruc\u00e2t apelul la num\u0103rul unic de urgen\u021b\u0103 112 anun\u021ba posibilitatea ca \u00een interiorul cl\u0103dirii s\u0103 se afle persoane surprinse de incendiu, c\u0103tre locul interven\u021biei au fost mobilizate dou\u0103 echipaje de pompieri cu autospeciale de stingere din cadrul Deta\u0219amentului de Pompieri Tulcea, un echipaj SMURD, un echipaj al Serviciului de Ambulan\u021b\u0103 Jude\u021bean \u0219i un echipaj al Inspectoratului de Poli\u021bie Jude\u021bean Tulcea.<\/p>\n<figure class=\"wp-block-image size-full is-resized\">\n<source type=\"image\/webp\" data-lazy-srcset=\"https:\/\/dobrogeanews.b-cdn.net\/wp-content\/uploads\/2026\/07\/incendiu-cladire-lac-ciuperca-tulcea2.jpg.webp 2560w, https:\/\/dobrogeanews.b-cdn.net\/wp-content\/uploads\/2026\/07\/incendiu-cladire-lac-ciuperca-tulcea2-300x246.jpg.webp 300w, https:\/\/dobrogeanews.b-cdn.net\/wp-content\/uploads\/2026\/07\/incendiu-cladire-lac-ciuperca-tulcea2-1024x840.jpg.webp 1024w, https:\/\/dobrogeanews.b-cdn.net\/wp-content\/uploads\/2026\/07\/incendiu-cladire-lac-ciuperca-tulcea2-768x630.jpg.webp 768w, https:\/\/dobrogeanews.b-cdn.net\/wp-content\/uploads\/2026\/07\/incendiu-cladire-lac-ciuperca-tulcea2-1536x1260.jpg.webp 1536w, https:\/\/dobrogeanews.b-cdn.net\/wp-content\/uploads\/2026\/07\/incendiu-cladire-lac-ciuperca-tulcea2-2048x1680.jpg.webp 2048w\" sizes=\"(max-width: 640px) 100vw, 640px\" \/><br \/>\n<img loading=\"lazy\" decoding=\"async\" src=\"https:\/\/dobrogeanews.b-cdn.net\/wp-content\/uploads\/2026\/07\/incendiu-cladire-lac-ciuperca-tulcea2.jpg\" alt=\"Tulcea Incendiu la o cl\u0103dire din zona Lacului Ciuperca 7 Iulie 2026\" width=\"640\" height=\"525\"><\/figure>\n<p>La sosirea for\u021belor de interven\u021bie, pompierii au ac\u021bionat simultan pentru localizarea incendiului \u0219i desf\u0103\u0219urarea misiunii de c\u0103utare-salvare a eventualelor persoane surprinse \u00een interiorul cl\u0103dirii. Din fericire, \u00een urma verific\u0103rilor efectuate, nu au fost identificate persoane \u00een interior. (ISU Tulcea)<\/p>\n<div class=\"monsterinsights-inline-popular-posts monsterinsights-inline-popular-posts-charlie monsterinsights-popular-posts-styled\">\n<div class=\"monsterinsights-inline-popular-posts-text\"><span class=\"monsterinsights-inline-popular-posts-label\">Vezi \u0219i:<\/span><\/p>\n<div class=\"monsterinsights-inline-popular-posts-post\"><a class=\"monsterinsights-inline-popular-posts-title\" href=\"https:\/\/www.dobrogeanews.ro\/eveniment-medical-de-exceptie-la-spitalul-judetean-de-urgenta-tulcea-alaturi-de-clubul-de-chirurgie-oncoplastica-a-sanului\/\">Eveniment medical de excep\u021bie la Spitalul Jude\u021bean de Urgen\u021b\u0103 Tulcea al\u0103turi de Clubul de Chirurgie Oncoplastic\u0103 a S\u00e2nului<\/a><\/div>\n<div class=\"monsterinsights-inline-popular-posts-post\"><a class=\"monsterinsights-inline-popular-posts-title\" href=\"https:\/\/www.dobrogeanews.ro\/dupa-aprobarea-bugetului-2026-la-babadag-se-deschid-alte-santiere-de-investitii\/\">Dup\u0103 aprobarea bugetului 2026, la Babadag se deschid alte \u0219antiere de investi\u021bii<\/a><\/div>\n<div class=\"monsterinsights-inline-popular-posts-post\"><a class=\"monsterinsights-inline-popular-posts-title\" href=\"https:\/\/www.dobrogeanews.ro\/stefan-ilie-primar-tulcea-avem-buget-mai-mare-si-mai-multe-investitii-modernizarea-strazilor-si-a-retelelor-de-utilitati-de-sub-carosabil-continua-tulcea-va-fi-un-oras-european\/\">\u0218tefan Ilie, primar Tulcea: Avem buget mai mare \u0219i mai multe investi\u021bii. Modernizarea str\u0103zilor \u0219i a re\u021belelor de utilit\u0103\u021bi de sub carosabil, continu\u0103. Tulcea va fi un ora\u0219 european(!)<\/a><\/div>\n<\/div>\n<\/div>\n<p class=\"has-text-align-center has-white-color has-text-color has-background\"><span><a href=\"https:\/\/news.google.com\/publications\/CAAqBwgKMIu5pgsw88O-Aw?ceid=RO:ro&amp;oc=3\">Urm\u0103ri\u0163i \u015etirile Dobrogeanews \u015fi pe Google News<\/a><\/span><\/p>\n<\/div>\n<div id=\"post-71758\" class=\"entry single-default post-71758 post type-post status-publish format-standard has-post-thumbnail hentry category-info\">\n<div>\n<div class=\"ss-follow-wrapper ss-clearfix ss-regular-buttons ss-columns-1 ss-default-style\">\n<div class=\"ss-follow-column\" data-ss-sf-network-id=\"&quot;facebook&quot;\"><a href=\"https:\/\/www.facebook.com\/dobrogeanews\" class=\"ss-follow-network ss-facebook-color\" rel=\"nofollow noopener\" aria-label=\"facebook\" target=\"_blank\"><span class=\"ss-follow-network-label\">Urm\u0103re\u015fte-ne \u015fi pe Facebook!<\/span><span class=\"ss-follow-network-count\"><span class=\"ss-follow-network-count-number\">57K<\/span><span class=\"ss-follow-network-count-label\">Followers<\/span><\/span><\/a><\/div>\n<\/div>\n<\/div>\n<p>\u00cen urm\u0103 cu pu\u021bin timp, pompierii militari au fost solicita\u021bi s\u0103 intervin\u0103 pentru stingerea unui incendiu izbucnit la o cl\u0103dire dezafectat\u0103 din municipiul Tulcea, \u00een zona Lacului Ciuperca, exist\u00e2nd risc de propagare a fl\u0103c\u0103rilor la vecin\u0103t\u0103\u021bi.<\/p>\n<figure class=\"wp-block-image size-full is-resized\">\n<source type=\"image\/webp\" data-lazy-srcset=\"https:\/\/dobrogeanews.b-cdn.net\/wp-content\/uploads\/2026\/07\/incendiu-cladire-lac-ciuperca-tulcea1.jpg.webp 2560w, https:\/\/dobrogeanews.b-cdn.net\/wp-content\/uploads\/2026\/07\/incendiu-cladire-lac-ciuperca-tulcea1-300x246.jpg.webp 300w, https:\/\/dobrogeanews.b-cdn.net\/wp-content\/uploads\/2026\/07\/incendiu-cladire-lac-ciuperca-tulcea1-1024x840.jpg.webp 1024w, https:\/\/dobrogeanews.b-cdn.net\/wp-content\/uploads\/2026\/07\/incendiu-cladire-lac-ciuperca-tulcea1-768x630.jpg.webp 768w, https:\/\/dobrogeanews.b-cdn.net\/wp-content\/uploads\/2026\/07\/incendiu-cladire-lac-ciuperca-tulcea1-1536x1260.jpg.webp 1536w, https:\/\/dobrogeanews.b-cdn.net\/wp-content\/uploads\/2026\/07\/incendiu-cladire-lac-ciuperca-tulcea1-2048x1680.jpg.webp 2048w\" sizes=\"(max-width: 640px) 100vw, 640px\" \/><br \/>\n<img loading=\"lazy\" decoding=\"async\" src=\"https:\/\/dobrogeanews.b-cdn.net\/wp-content\/uploads\/2026\/07\/incendiu-cladire-lac-ciuperca-tulcea1.jpg\" alt=\"Tulcea Incendiu la o cl\u0103dire din zona Lacului Ciuperca\" width=\"640\" height=\"525\"><\/figure>\n<p>\u00centruc\u00e2t apelul la num\u0103rul unic de urgen\u021b\u0103 112 anun\u021ba posibilitatea ca \u00een interiorul cl\u0103dirii s\u0103 se afle persoane surprinse de incendiu, c\u0103tre locul interven\u021biei au fost mobilizate dou\u0103 echipaje de pompieri cu autospeciale de stingere din cadrul Deta\u0219amentului de Pompieri Tulcea, un echipaj SMURD, un echipaj al Serviciului de Ambulan\u021b\u0103 Jude\u021bean \u0219i un echipaj al Inspectoratului de Poli\u021bie Jude\u021bean Tulcea.<\/p>\n<figure class=\"wp-block-image size-full is-resized\">\n<source type=\"image\/webp\" data-lazy-srcset=\"https:\/\/dobrogeanews.b-cdn.net\/wp-content\/uploads\/2026\/07\/incendiu-cladire-lac-ciuperca-tulcea2.jpg.webp 2560w, https:\/\/dobrogeanews.b-cdn.net\/wp-content\/uploads\/2026\/07\/incendiu-cladire-lac-ciuperca-tulcea2-300x246.jpg.webp 300w, https:\/\/dobrogeanews.b-cdn.net\/wp-content\/uploads\/2026\/07\/incendiu-cladire-lac-ciuperca-tulcea2-1024x840.jpg.webp 1024w, https:\/\/dobrogeanews.b-cdn.net\/wp-content\/uploads\/2026\/07\/incendiu-cladire-lac-ciuperca-tulcea2-768x630.jpg.webp 768w, https:\/\/dobrogeanews.b-cdn.net\/wp-content\/uploads\/2026\/07\/incendiu-cladire-lac-ciuperca-tulcea2-1536x1260.jpg.webp 1536w, https:\/\/dobrogeanews.b-cdn.net\/wp-content\/uploads\/2026\/07\/incendiu-cladire-lac-ciuperca-tulcea2-2048x1680.jpg.webp 2048w\" sizes=\"(max-width: 640px) 100vw, 640px\" \/><br \/>\n<img loading=\"lazy\" decoding=\"async\" src=\"https:\/\/dobrogeanews.b-cdn.net\/wp-content\/uploads\/2026\/07\/incendiu-cladire-lac-ciuperca-tulcea2.jpg\" alt=\"Tulcea Incendiu la o cl\u0103dire din zona Lacului Ciuperca 7 Iulie 2026\" width=\"640\" height=\"525\"><\/figure>\n<p>La sosirea for\u021belor de interven\u021bie, pompierii au ac\u021bionat simultan pentru localizarea incendiului \u0219i desf\u0103\u0219urarea misiunii de c\u0103utare-salvare a eventualelor persoane surprinse \u00een interiorul cl\u0103dirii. Din fericire, \u00een urma verific\u0103rilor efectuate, nu au fost identificate persoane \u00een interior. (ISU Tulcea)<\/p>\n<div class=\"monsterinsights-inline-popular-posts monsterinsights-inline-popular-posts-charlie monsterinsights-popular-posts-styled\">\n<div class=\"monsterinsights-inline-popular-posts-text\"><span class=\"monsterinsights-inline-popular-posts-label\">Vezi \u0219i:<\/span><\/p>\n<div class=\"monsterinsights-inline-popular-posts-post\"><a class=\"monsterinsights-inline-popular-posts-title\" href=\"https:\/\/www.dobrogeanews.ro\/eveniment-medical-de-exceptie-la-spitalul-judetean-de-urgenta-tulcea-alaturi-de-clubul-de-chirurgie-oncoplastica-a-sanului\/\">Eveniment medical de excep\u021bie la Spitalul Jude\u021bean de Urgen\u021b\u0103 Tulcea al\u0103turi de Clubul de Chirurgie Oncoplastic\u0103 a S\u00e2nului<\/a><\/div>\n<div class=\"monsterinsights-inline-popular-posts-post\"><a class=\"monsterinsights-inline-popular-posts-title\" href=\"https:\/\/www.dobrogeanews.ro\/dupa-aprobarea-bugetului-2026-la-babadag-se-deschid-alte-santiere-de-investitii\/\">Dup\u0103 aprobarea bugetului 2026, la Babadag se deschid alte \u0219antiere de investi\u021bii<\/a><\/div>\n<div class=\"monsterinsights-inline-popular-posts-post\"><a class=\"monsterinsights-inline-popular-posts-title\" href=\"https:\/\/www.dobrogeanews.ro\/stefan-ilie-primar-tulcea-avem-buget-mai-mare-si-mai-multe-investitii-modernizarea-strazilor-si-a-retelelor-de-utilitati-de-sub-carosabil-continua-tulcea-va-fi-un-oras-european\/\">\u0218tefan Ilie, primar Tulcea: Avem buget mai mare \u0219i mai multe investi\u021bii. Modernizarea str\u0103zilor \u0219i a re\u021belelor de utilit\u0103\u021bi de sub carosabil, continu\u0103. Tulcea va fi un ora\u0219 european(!)<\/a><\/div>\n<\/div>\n<\/div>\n<p class=\"has-text-align-center has-white-color has-text-color has-background\"><span><a href=\"https:\/\/news.google.com\/publications\/CAAqBwgKMIu5pgsw88O-Aw?ceid=RO:ro&amp;oc=3\">Urm\u0103ri\u0163i \u015etirile Dobrogeanews \u015fi pe Google News<\/a><\/span><\/p>\n<\/div>\n<p>[analyse_source url=&#8221;https:\/\/www.dobrogeanews.ro\/tulcea-incendiu-la-o-cladire-din-zona-lacului-ciuperca\/&#8221;]<\/p>\n","protected":false},"excerpt":{"rendered":"<p>[analyse_image type=&#8221;featured&#8221; src=&#8221;https:\/\/dobrogeanews.b-cdn.net\/wp-content\/uploads\/2026\/07\/incendiu-cladire-lac-ciuperca-tulcea1.jpg&#8221;] Urm\u0103re\u015fte-ne \u015fi pe Facebook!57KFollowers \u00cen urm\u0103 cu pu\u021bin timp, pompierii militari au fost solicita\u021bi s\u0103 intervin\u0103 pentru stingerea unui incendiu izbucnit la o cl\u0103dire dezafectat\u0103 din municipiul Tulcea, \u00een zona Lacului Ciuperca, exist\u00e2nd risc de propagare a fl\u0103c\u0103rilor la vecin\u0103t\u0103\u021bi. \u00centruc\u00e2t apelul la num\u0103rul unic de urgen\u021b\u0103 112 anun\u021ba posibilitatea ca \u00een [&hellip;]<\/p>\n","protected":false},"author":1,"featured_media":0,"comment_status":"open","ping_status":"","sticky":false,"template":"","format":"standard","meta":{"footnotes":""},"categories":[89],"tags":[226,223],"class_list":["post-2032035","post","type-post","status-publish","format-standard","hentry","category-romania","tag-crawlmanager","tag-dobrogeanews-ro"],"_links":{"self":[{"href":"https:\/\/analyse.optim.biz\/index.php?rest_route=\/wp\/v2\/posts\/2032035","targetHints":{"allow":["GET"]}}],"collection":[{"href":"https:\/\/analyse.optim.biz\/index.php?rest_route=\/wp\/v2\/posts"}],"about":[{"href":"https:\/\/analyse.optim.biz\/index.php?rest_route=\/wp\/v2\/types\/post"}],"author":[{"embeddable":true,"href":"https:\/\/analyse.optim.biz\/index.php?rest_route=\/wp\/v2\/users\/1"}],"replies":[{"embeddable":true,"href":"https:\/\/analyse.optim.biz\/index.php?rest_route=%2Fwp%2Fv2%2Fcomments&post=2032035"}],"version-history":[{"count":0,"href":"https:\/\/analyse.optim.biz\/index.php?rest_route=\/wp\/v2\/posts\/2032035\/revisions"}],"wp:attachment":[{"href":"https:\/\/analyse.optim.biz\/index.php?rest_route=%2Fwp%2Fv2%2Fmedia&parent=2032035"}],"wp:term":[{"taxonomy":"category","embeddable":true,"href":"https:\/\/analyse.optim.biz\/index.php?rest_route=%2Fwp%2Fv2%2Fcategories&post=2032035"},{"taxonomy":"post_tag","embeddable":true,"href":"https:\/\/analyse.optim.biz\/index.php?rest_route=%2Fwp%2Fv2%2Ftags&post=2032035"}],"curies":[{"name":"wp","href":"https:\/\/api.w.org\/{rel}","templated":true}]}}