{"id":203197,"date":"2014-06-11T13:11:01","date_gmt":"2014-06-11T10:11:01","guid":{"rendered":"https:\/\/analyse.optim.biz\/?p=203197"},"modified":"2014-06-11T13:11:01","modified_gmt":"2014-06-11T10:11:01","slug":"scandal-la-senat-pe-tema-invitarii-presedintelui-traian-basescu-la-sedinta-aniversara-intram-in-istoria-nebunilor-romaniei","status":"publish","type":"post","link":"https:\/\/analyse.optim.biz\/?p=203197","title":{"rendered":"Scandal la Senat pe tema invit\u0103rii pre\u015fedintelui Traian B\u0103sescu la \u015fedin\u0163a aniversar\u0103: &#8220;Intr\u0103m \u00een istoria nebunilor Rom\u00e2niei&#8221;"},"content":{"rendered":"<div class=\"entry data-app-meta data-app-meta-article\" data-embed-base-url-canonical=\"https:\/\/www.digi24.ro\/embed\/stiri\/actualitate\/politica\/scandal-la-senat-pe-tema-invitarii-presedintelui-traian-basescu-la-sedinta-aniversara-intram-in-istoria-nebunilor-romaniei-254819\">\n<p data-index=\"1\"><strong>Liderul senatorilor PDL, Dumitru Oprea<\/strong>, a cerut, miercuri, un vot pentru ca plenul s\u0103 decid\u0103 dac\u0103 \u015feful statului poate participa la \u015fedin\u0163a de aniversare a Senatului.<\/p>\n<p data-index=\"2\">Oprea a ar\u0103tat c\u0103 pre\u015fedintele<strong> C\u0103lin Popescu T\u0103riceanu \u201econfund\u0103 institu\u0163ia Senatului cu persoana sa\u201d<\/strong>\u015fi a ar\u0103tat c\u0103 acest vot este necesar pentru ca pre\u015fedintele Senatului c\u0103 nu mai confunde \u201einstitu\u0163ia public\u0103 a Senatului cu una privat\u0103\u201d.\u00a0<\/p>\n<p data-index=\"3\">\u201eNu se poate, e nepermis, intr\u0103m \u00een istoria nebunilor Rom\u00e2niei la 150 de ani cel mai important om din stat s\u0103 nu fie invitat\u201d, a spus Oprea. \u00a0<\/p>\n<p data-index=\"4\">Propunerea liderului senatorilor PDL nu a fost supus\u0103 la vot de pre\u015fedintele de \u015fedin\u0163\u0103, social-democratul Cristian Dumitrescu, care a explicat c\u0103 invita\u0163iile la acest eveniment sunt trimise \u201esub semn\u0103tura pre\u015fedintelui Senatului\u201d.<\/p>\n<p data-index=\"5\">Dup\u0103 o pauz\u0103 de consult\u0103ri \u00eentre grupurile parlamentare, Dumitru Oprea a anun\u0163at c\u0103 s-a decis convocarea unei \u015fedin\u0163e de Birou Permanent, pentru a se discuta aceast\u0103 situa\u0163ie, \u00een caz contrar grupul parlamentar PDL urm\u00e2nd a p\u0103r\u0103si sala de plen.<\/p>\n<p data-index=\"6\">La r\u00e2ndul s\u0103u, liderul senatorilor PNL, Puiu Ha\u015fotti, a declarat \u00een plen c\u0103 regret\u0103 aceast\u0103 discu\u0163ie privind invitarea sau neinvitarea pre\u015fedintelui la evenimentul aniversar al Senatului.<\/p>\n<p data-index=\"7\">\u201eNe place sau nu ne place \u015fi cred c\u0103 to\u0163i \u015fti\u0163i rela\u0163iile mele de simpatie fa\u0163\u0103 de pre\u015fedintele B\u0103sescu, \u015fi invers, dar este pre\u015fedintele Rom\u00e2niei \u015fi nu are cum s\u0103 nu fie invitat la aceast\u0103 manifestare. (&#8230;) <strong>Dac\u0103 invita\u0163i to\u0163i fo\u015ftii pre\u015fedin\u0163i ai Senatului, to\u0163i fo\u015ftii pre\u015fedin\u0163i ai Rom\u00e2niei, \u00eempreun\u0103 cu Casa Regal\u0103, cum nu invita\u0163i pre\u015fedintele \u00een func\u0163ie?\u201d<\/strong>, a \u00eentrebat retoric <strong>Puiu Ha\u015fotti.<\/strong><\/p>\n<p data-index=\"8\">Dumitru Oprea a intervenit, din nou, men\u0163ion\u00e2nd c\u0103 Serviciul de Protocol al Senatului nu putea s\u0103 nu \u00eenceap\u0103 lista cu pre\u015fedintele Rom\u00e2niei, Traian B\u0103sescu, pentru c\u0103 a\u015fa figureaz\u0103 lista.<\/p>\n<p data-index=\"9\">\u201eDup\u0103 care, urmeaz\u0103 dou\u0103 r\u00e2nduri, t\u0103iate \u015fi semneaz\u0103 o persoan\u0103. Nu are dreptul acea persoan\u0103 (care a t\u0103iat numele pre\u015fedintelui de pe list\u0103 &#8211; n.r.) s\u0103 \u00eencalce regulile de protocol. Lua\u0163i Diploma\u0163ia lui Malita, vede\u0163i dac\u0103 ea poate fi \u00eenc\u0103lcat\u0103\u201d, a explicat Oprea.<\/p>\n<p data-index=\"10\">Ilie S\u00e2rbu, liderul senatorilor PSD, a spus, la r\u00e2ndul s\u0103u, c\u0103 o asemenea propunere nu poate fi supus\u0103 votului plenului.<\/p>\n<p data-index=\"11\">\u201e\u00cemi amintesc c\u0103 a fost la un moment dat o validare a Guvernului \u015fi Traian B\u0103sescu a spus foarte deschis, lejer, f\u0103r\u0103 nico problem\u0103, c\u0103 nu l-a invitat pe pre\u015fedintele Senatului. Motivele, de ce, nu mai discut\u0103m. <strong>Deci el, ca institu\u0163ie, ca pre\u015fedinte, \u015fi-a putut-o asuma. Ast\u0103zi \u015fi-o asum\u0103 pre\u015fedintele Senatului, e problema d\u00e2nsului<\/strong>\u201d, a comentat <strong>Ilie S\u00e2rbu.<\/strong><\/p>\n<p data-index=\"12\"><strong>Puiu Ha\u015fotti<\/strong> a intervenit din nou: \u201e<strong>Faptul c\u0103 domnul pre\u015fedintele a gre\u015fit nu este un motiv s\u0103 gre\u015fim \u015fi noi.<\/strong> Este o chestiune evident\u0103 c\u0103 <strong>trebuie invitat \u015fi pre\u015fedintele B\u0103sescu<\/strong>\u201d.<\/p>\n<p data-index=\"13\">\u00cen urma verific\u0103rii cvorumului, s-au \u00eenregistrat 60 de senatori prezen\u0163i, astfel c\u0103 <strong>plenul a fost suspendat.<\/strong><\/p>\n<p data-index=\"14\"><a href=\"https:\/\/www.digi24.ro\/Stiri\/Digi24\/Actualitate\/Politica\/Traian+Basescu+nu+a+fost+invitat+la+aniversarea+Senatului+Calin+\" target=\"_blank\" data-skip-linkfix=\"1\" rel=\"noopener\"><strong>Pre\u015fedintele Senatului, C\u0103lin Popescu T\u0103riceanu<\/strong><\/a>, a declarat, miercuri, c\u0103 nu l-a invitat pe pre\u0219edintele Traian B\u0103sescu la aniversarea a 150 de ani de activitate a Senatului pentru a nu crea un moment penibil, \u0163in\u00e2nd cont c\u0103 \u015feful statului a militat constant pentru Parlament unicameral.<\/p>\n<\/div>\n<p> Source URL: https:\/\/www.digi24.ro\/stiri\/actualitate\/politica\/scandal-la-senat-pe-tema-invitarii-presedintelui-traian-basescu-la-sedinta-aniversara-intram-in-istoria-nebunilor-romaniei-254819<\/p>\n","protected":false},"excerpt":{"rendered":"<p>Liderul senatorilor PDL, Dumitru Oprea, a cerut, miercuri, un vot pentru ca plenul s\u0103 decid\u0103 dac\u0103 \u015feful statului poate participa la \u015fedin\u0163a de aniversare a Senatului. Oprea a ar\u0103tat c\u0103 pre\u015fedintele C\u0103lin Popescu T\u0103riceanu \u201econfund\u0103 institu\u0163ia Senatului cu persoana sa\u201d\u015fi a ar\u0103tat c\u0103 acest vot este necesar pentru ca pre\u015fedintele Senatului c\u0103 nu mai confunde [&hellip;]<\/p>\n","protected":false},"author":1,"featured_media":203198,"comment_status":"open","ping_status":"","sticky":false,"template":"","format":"standard","meta":{"footnotes":""},"categories":[2],"tags":[11],"class_list":["post-203197","post","type-post","status-publish","format-standard","has-post-thumbnail","hentry","category-politics","tag-digi24"],"_links":{"self":[{"href":"https:\/\/analyse.optim.biz\/index.php?rest_route=\/wp\/v2\/posts\/203197","targetHints":{"allow":["GET"]}}],"collection":[{"href":"https:\/\/analyse.optim.biz\/index.php?rest_route=\/wp\/v2\/posts"}],"about":[{"href":"https:\/\/analyse.optim.biz\/index.php?rest_route=\/wp\/v2\/types\/post"}],"author":[{"embeddable":true,"href":"https:\/\/analyse.optim.biz\/index.php?rest_route=\/wp\/v2\/users\/1"}],"replies":[{"embeddable":true,"href":"https:\/\/analyse.optim.biz\/index.php?rest_route=%2Fwp%2Fv2%2Fcomments&post=203197"}],"version-history":[{"count":0,"href":"https:\/\/analyse.optim.biz\/index.php?rest_route=\/wp\/v2\/posts\/203197\/revisions"}],"wp:featuredmedia":[{"embeddable":true,"href":"https:\/\/analyse.optim.biz\/index.php?rest_route=\/wp\/v2\/media\/203198"}],"wp:attachment":[{"href":"https:\/\/analyse.optim.biz\/index.php?rest_route=%2Fwp%2Fv2%2Fmedia&parent=203197"}],"wp:term":[{"taxonomy":"category","embeddable":true,"href":"https:\/\/analyse.optim.biz\/index.php?rest_route=%2Fwp%2Fv2%2Fcategories&post=203197"},{"taxonomy":"post_tag","embeddable":true,"href":"https:\/\/analyse.optim.biz\/index.php?rest_route=%2Fwp%2Fv2%2Ftags&post=203197"}],"curies":[{"name":"wp","href":"https:\/\/api.w.org\/{rel}","templated":true}]}}