{"id":203194,"date":"2014-06-11T13:29:11","date_gmt":"2014-06-11T10:29:11","guid":{"rendered":"https:\/\/analyse.optim.biz\/?p=203194"},"modified":"2014-06-11T13:29:11","modified_gmt":"2014-06-11T10:29:11","slug":"un-senator-de-iasi-a-demisionat-din-unpr-pentru-a-reveni-la-ppdd-imi-recunosc-eroarea-vin-cu-capul-plecat","status":"publish","type":"post","link":"https:\/\/analyse.optim.biz\/?p=203194","title":{"rendered":"Un senator de Ia\u015fi a demisionat din UNPR pentru a reveni la PPDD: &#8220;\u00cemi recunosc eroarea. Vin cu capul plecat&#8221;\u00a0"},"content":{"rendered":"<div class=\"entry data-app-meta data-app-meta-article\" data-embed-base-url-canonical=\"https:\/\/www.digi24.ro\/embed\/stiri\/actualitate\/politica\/un-senator-de-iasi-a-demisionat-din-unpr-pentru-a-reveni-la-ppdd-imi-recunosc-eroarea-vin-cu-capul-plecat-254839\">\n<p data-index=\"1\">\u00a0<img decoding=\"async\" src=\"https:\/\/analyse.optim.biz\/wp-content\/uploads\/2024\/09\/dz04mdamagfzad0zzdewngq3y2e3nmewmtm0zwnlmtm5ndq2zmmxywjiyw-thumb_.jpg\" data-skip-htmlfix=\"1\" title=\"dz04mdamagfzad0zzdewngq3y2e3nmewmtm0zwnlmtm5ndq2zmmxywjiyw-thumb_\"><\/p>\n<p data-index=\"2\">\u201eDa, recunosc, am gre\u015fit c\u0103 am plecat la UNPR. Cu partidul \u0103sta (PPDD- n.r.) am ajuns \u00een Parlament \u015fi aici revin. A fost un context atunci c\u00e2nd am plecat din partid. \u00cemi recunosc eroarea\u201d, a declarat, miercuri, pentru Mediafax, senatorul <strong>Ionel Agrigoroaei.<\/strong><\/p>\n<p data-index=\"3\">\u00centrebat dac\u0103 are nemul\u0163umiri legate de UNPR, partid din care tocmai a plecat, Agrigoroaei a refuzat s\u0103 comenteze.<\/p>\n<p data-index=\"4\">\u201eVin la PPDD cu capul plecat\u201d, a ad\u0103ugat Ionel Agrigoroaei.<\/p>\n<p data-index=\"5\">\u00cen prezent, UNPR Ia\u015fi mai are un singur parlamentar &#8211; Gheorghe Emacu, deputat.<\/p>\n<p data-index=\"6\">Ionel Agrigoroaei a fost ales senator \u00een 2012 \u00een colegiul rural R\u0103duc\u0103neni, jude\u0163ul Ia\u015fi, candid\u00e2nd din partea PPDD, partid din care a demisionat \u00een decembrie 2013.<\/p>\n<\/div>\n<p> Source URL: https:\/\/www.digi24.ro\/stiri\/actualitate\/politica\/un-senator-de-iasi-a-demisionat-din-unpr-pentru-a-reveni-la-ppdd-imi-recunosc-eroarea-vin-cu-capul-plecat-254839<\/p>\n","protected":false},"excerpt":{"rendered":"<p>\u00a0 \u201eDa, recunosc, am gre\u015fit c\u0103 am plecat la UNPR. Cu partidul \u0103sta (PPDD- n.r.) am ajuns \u00een Parlament \u015fi aici revin. A fost un context atunci c\u00e2nd am plecat din partid. \u00cemi recunosc eroarea\u201d, a declarat, miercuri, pentru Mediafax, senatorul Ionel Agrigoroaei. \u00centrebat dac\u0103 are nemul\u0163umiri legate de UNPR, partid din care tocmai a [&hellip;]<\/p>\n","protected":false},"author":1,"featured_media":203195,"comment_status":"open","ping_status":"","sticky":false,"template":"","format":"standard","meta":{"footnotes":""},"categories":[2],"tags":[11],"class_list":["post-203194","post","type-post","status-publish","format-standard","has-post-thumbnail","hentry","category-politics","tag-digi24"],"_links":{"self":[{"href":"https:\/\/analyse.optim.biz\/index.php?rest_route=\/wp\/v2\/posts\/203194","targetHints":{"allow":["GET"]}}],"collection":[{"href":"https:\/\/analyse.optim.biz\/index.php?rest_route=\/wp\/v2\/posts"}],"about":[{"href":"https:\/\/analyse.optim.biz\/index.php?rest_route=\/wp\/v2\/types\/post"}],"author":[{"embeddable":true,"href":"https:\/\/analyse.optim.biz\/index.php?rest_route=\/wp\/v2\/users\/1"}],"replies":[{"embeddable":true,"href":"https:\/\/analyse.optim.biz\/index.php?rest_route=%2Fwp%2Fv2%2Fcomments&post=203194"}],"version-history":[{"count":0,"href":"https:\/\/analyse.optim.biz\/index.php?rest_route=\/wp\/v2\/posts\/203194\/revisions"}],"wp:featuredmedia":[{"embeddable":true,"href":"https:\/\/analyse.optim.biz\/index.php?rest_route=\/wp\/v2\/media\/203195"}],"wp:attachment":[{"href":"https:\/\/analyse.optim.biz\/index.php?rest_route=%2Fwp%2Fv2%2Fmedia&parent=203194"}],"wp:term":[{"taxonomy":"category","embeddable":true,"href":"https:\/\/analyse.optim.biz\/index.php?rest_route=%2Fwp%2Fv2%2Fcategories&post=203194"},{"taxonomy":"post_tag","embeddable":true,"href":"https:\/\/analyse.optim.biz\/index.php?rest_route=%2Fwp%2Fv2%2Ftags&post=203194"}],"curies":[{"name":"wp","href":"https:\/\/api.w.org\/{rel}","templated":true}]}}