{"id":203183,"date":"2014-06-11T15:27:59","date_gmt":"2014-06-11T12:27:59","guid":{"rendered":"https:\/\/analyse.optim.biz\/?p=203183"},"modified":"2014-06-11T15:27:59","modified_gmt":"2014-06-11T12:27:59","slug":"liderii-pnl-si-pdl-au-discutat-cu-delegatia-fmi-guvernul-nu-are-o-strategie-privind-domeniul-energetic","status":"publish","type":"post","link":"https:\/\/analyse.optim.biz\/?p=203183","title":{"rendered":"Liderii PNL \u0219i PDL au discutat cu delega\u021bia FMI: Guvernul nu are o strategie privind domeniul energetic"},"content":{"rendered":"<div class=\"entry data-app-meta data-app-meta-article\" data-embed-base-url-canonical=\"https:\/\/www.digi24.ro\/embed\/stiri\/actualitate\/politica\/liderii-pnl-si-pdl-au-discutat-cu-delegatia-fmi-guvernul-nu-are-o-strategie-privind-domeniul-energetic-254924\">\n<p data-index=\"1\">\u201eAm propus reducerea CAS cu 5%. Suntem \u00eengrijora\u021bi c\u0103 guvernul Ponta nu a preg\u0103tit acest\u0103 m\u0103sur\u0103 \u0219i nu vine cu un proiect conving\u0103tor, vine la mijlocul anului, credem c\u0103 este o abordare destul de clara \u021bintit\u0103 spre m\u0103suri electorale\u201d, a spus Klaus Iohannis, pre\u0219edintele interimar al PNL.<\/p>\n<p data-index=\"2\">\u201e<span>Le-am spus c\u0103 noi cerem suspendarea liberaliz\u0103rii pre\u021bului la gaze \u00een condi\u021biile \u00een care nu exist\u0103 o pia\u021b\u0103 unic\u0103 a gazelor \u00een Europa, exist\u0103 doar doi furnizori \u00een Rom\u00e2nia: Petrom \u0219i Romgaz \u0219i un singur importator: Rusia, de la care import\u0103m la un pre\u021b foarte mare. Dar mai ales, pentru c\u0103 Guvernul nu are nicio strategie viz\u00e2nd dezvoltarea energetic\u0103 politic\u0103 a Rom\u00e2niei\u201d, a ad\u0103ugat Vasile Blaga, pre\u0219edintele PDL.<\/span>\u00a0<\/p>\n<\/div>\n<p> Source URL: https:\/\/www.digi24.ro\/stiri\/actualitate\/politica\/liderii-pnl-si-pdl-au-discutat-cu-delegatia-fmi-guvernul-nu-are-o-strategie-privind-domeniul-energetic-254924<\/p>\n","protected":false},"excerpt":{"rendered":"<p>\u201eAm propus reducerea CAS cu 5%. Suntem \u00eengrijora\u021bi c\u0103 guvernul Ponta nu a preg\u0103tit acest\u0103 m\u0103sur\u0103 \u0219i nu vine cu un proiect conving\u0103tor, vine la mijlocul anului, credem c\u0103 este o abordare destul de clara \u021bintit\u0103 spre m\u0103suri electorale\u201d, a spus Klaus Iohannis, pre\u0219edintele interimar al PNL. \u201eLe-am spus c\u0103 noi cerem suspendarea liberaliz\u0103rii pre\u021bului [&hellip;]<\/p>\n","protected":false},"author":1,"featured_media":203184,"comment_status":"open","ping_status":"","sticky":false,"template":"","format":"standard","meta":{"footnotes":""},"categories":[2],"tags":[11],"class_list":["post-203183","post","type-post","status-publish","format-standard","has-post-thumbnail","hentry","category-politics","tag-digi24"],"_links":{"self":[{"href":"https:\/\/analyse.optim.biz\/index.php?rest_route=\/wp\/v2\/posts\/203183","targetHints":{"allow":["GET"]}}],"collection":[{"href":"https:\/\/analyse.optim.biz\/index.php?rest_route=\/wp\/v2\/posts"}],"about":[{"href":"https:\/\/analyse.optim.biz\/index.php?rest_route=\/wp\/v2\/types\/post"}],"author":[{"embeddable":true,"href":"https:\/\/analyse.optim.biz\/index.php?rest_route=\/wp\/v2\/users\/1"}],"replies":[{"embeddable":true,"href":"https:\/\/analyse.optim.biz\/index.php?rest_route=%2Fwp%2Fv2%2Fcomments&post=203183"}],"version-history":[{"count":0,"href":"https:\/\/analyse.optim.biz\/index.php?rest_route=\/wp\/v2\/posts\/203183\/revisions"}],"wp:featuredmedia":[{"embeddable":true,"href":"https:\/\/analyse.optim.biz\/index.php?rest_route=\/wp\/v2\/media\/203184"}],"wp:attachment":[{"href":"https:\/\/analyse.optim.biz\/index.php?rest_route=%2Fwp%2Fv2%2Fmedia&parent=203183"}],"wp:term":[{"taxonomy":"category","embeddable":true,"href":"https:\/\/analyse.optim.biz\/index.php?rest_route=%2Fwp%2Fv2%2Fcategories&post=203183"},{"taxonomy":"post_tag","embeddable":true,"href":"https:\/\/analyse.optim.biz\/index.php?rest_route=%2Fwp%2Fv2%2Ftags&post=203183"}],"curies":[{"name":"wp","href":"https:\/\/api.w.org\/{rel}","templated":true}]}}