{"id":2031713,"date":"2026-07-07T13:49:09","date_gmt":"2026-07-07T10:49:09","guid":{"rendered":"https:\/\/analyse.optim.biz\/?p=2031713"},"modified":"2026-07-07T13:49:09","modified_gmt":"2026-07-07T10:49:09","slug":"cu-ce-ne-mai-omoara-mocanu-tantarii","status":"publish","type":"post","link":"https:\/\/analyse.optim.biz\/?p=2031713","title":{"rendered":"Cu ce ne mai omoar\u0103 Mocanu t\u00e2n\u021barii?"},"content":{"rendered":"<p>[analyse_image type=&#8221;featured&#8221; src=&#8221;https:\/\/revistaverde.ro\/wp-content\/uploads\/2026\/07\/DEZINSECTIE.jpg&#8221;]<\/p>\n<article id=\"post-15641\" class=\"post-15641 post type-post status-publish format-standard has-post-thumbnail hentry category-eco-tiri category-evnimente category-international\">\n<header class=\"entry-header mh-clearfix\">\n<h1 class=\"entry-title\">Cu ce ne mai omoar\u0103 Mocanu t\u00e2n\u021barii?<\/h1>\n<p class=\"mh-meta entry-meta\"><span class=\"entry-meta-date updated\"><a href=\"https:\/\/revistaverde.ro\/2026\/07\/\">iulie 7, 2026<\/a><\/span><span class=\"entry-meta-author author vcard\"><a class=\"fn\" href=\"https:\/\/revistaverde.ro\/author\/revistaverdefrumoasa2017\/\">M\u0103rg\u0103rit GROSU<\/a><\/span><span class=\"entry-meta-categories\"><a href=\"https:\/\/revistaverde.ro\/category\/local\/eco-tiri\/\" rel=\"category tag\">Eco \u015etiri<\/a>, <a href=\"https:\/\/revistaverde.ro\/category\/local\/evnimente\/\" rel=\"category tag\">Evenimente<\/a>, <a href=\"https:\/\/revistaverde.ro\/category\/international\/\" rel=\"category tag\">international<\/a><\/span><span class=\"entry-meta-comments\"><a class=\"mh-comment-scroll\" href=\"https:\/\/revistaverde.ro\/2026\/07\/07\/cu-ce-ne-mai-omoara-mocanu-tantarii\/#mh-comments\">0<\/a><\/span><\/p>\n<\/header>\n<div class=\"entry-content mh-clearfix\">\n<figure class=\"entry-thumbnail\"><img decoding=\"async\" src=\"https:\/\/revistaverde.ro\/wp-content\/uploads\/2026\/07\/DEZINSECTIE-638x381.jpg\" alt title=\"DEZINSECTIE\"><\/figure>\n<p>Buzoienii au \u00eenceput s\u0103 fie foarte \u00eengrijora\u021bi, dup\u0103 ce au \u00eenceput s\u0103 simt\u0103 mirosul degajat de aparatele de \u00eempr\u0103\u0219tiat substan\u021be toxice, pentru exterminarea \u021b\u00e2n\u021barilor. Unii se simt r\u0103u, \u00een timp ce al\u021bii intr\u0103 \u00een panic\u0103 \u0219i apelez\u0103 la doctori. Totul a plecat de la un incident foarte grav, care a produs scandal public, anul trecut, \u00eengropat\u00a0\u00een mod elegant \u00eentre scoar\u021bele groase ale unui dosar penal nesolu\u021bionat. Este vorba, de ra\u021bele care au murit \u00een Parcul Cr\u00e2ng, \u00een urma unei opera\u021biuni de stropire a ora\u0219ului \u0219i p\u0103durii Cr\u00e2ng cu substan\u021be toxice, \u00eempr\u0103\u0219tiate din elicopter.<\/p>\n<h2 class=\"wp-block-heading\">Mocanu ne omoar\u0103 cu FLYTRIN 6.14 t\u00e2n\u021barii, produs cancerigen, a c\u0103ruifi\u0219\u0103 tehnic\u0103 ridic\u0103 mari semne de \u00eentrebare.<\/h2>\n<p>https:\/\/rersud.ro\/wp-content\/uploads\/2022\/05\/Fisa-Tehnica-Flytrin-6-14.pdf<\/p>\n<p>Opera\u021biunea de dezinsec\u021bie \u0219i deratizare este efectuat\u0103 \u0219i anul acesta de RER SUD S.A., condus\u0103 de Liviu Mocanu, societate care se ocup\u0103 cu toate opera\u021biunile de salubrizare a ora\u0219ului, dar \u0219i cu depozitarea gunoiului din tot jude\u021bul. Tarifele pe care le suport\u0103 popula\u021bia, dar \u0219i Prim\u0103ria Buz\u0103u, au crescut \u00een ritm galopant \u00een ultimii ani, chiar dac\u0103 t\u00e2n\u021barii, mirosul \u0219i gunoaiele sunt la locul lor \u0219i popula\u021bia s-a cam r\u0103rit. Cea mai mare problem\u0103 este cea de dezisec\u021bie \u0219i deratizare, opera\u021biune care necesit\u0103 totu\u0219i o oarece preg\u0103tire de implementare \u0219i speciali\u0219ti. Nu po\u021bi stropi copiii \u0219i b\u0103tr\u00e2nii cu pompa cu otrav\u0103 \u00een nas, la primele ore ale dimine\u021bii, \u0219i nici nu po\u021bi arunca din avion sau elicopter substan\u021be toxice interzise \u00een toat\u0103 Europa, doar pentru c\u0103 este mai ieftin \u0219i mai comod. Astfel de lucruri nu se fac, pentru c\u0103 este infrac\u021biune, iar cei vinova\u021bi de a\u0219a ceva trebuie s\u0103 pl\u0103teasc\u0103 penal. Adic\u0103 s\u0103 mearg\u0103 la pu\u0219c\u0103rie, \u0219i nu s\u0103 le r\u00e2d\u0103 \u00een nas buzoienilor, a\u0219a cum se \u00eent\u00e2mpl\u0103 la Buz\u0103u.<\/p>\n<p>C\u00e2nd au murit ra\u021bele din Parcul Cr\u00e2ng, RER a stropit ora\u0219ul cu otrav\u0103 \u00eempr\u0103\u0219tiat\u0103 din avion. Nu avea voie s\u0103 fac\u0103 a\u0219a ceva! Nu i-a p\u0103sat nici primarului, \u0219i nici celor de aici, \u0219i nici nu a dat nimeni socoteal\u0103. Acum strope\u0219te cu ceva, ce le face r\u0103u buzoienilor. Nu mai trece cu avionul peste noi, ne d\u0103 cu tulumba \u00een nas. \u00cen zori de zi, f\u0103r\u0103 s\u0103 anun\u021be pe nimeni, de parc\u0103 ar fi un ora\u0219 pustiu. Dac\u0103 e otrava mai tare, nu este nevoit s\u0103 treac\u0103 de mai multe ori, a\u0219a c\u0103 pute\u021bi specula de ce ne tot \u00eemboln\u0103vim. Concentra\u021bia mai mare este interzis\u0103 pentru c\u0103 este cancerigen\u0103. \u00cel verific\u0103 cineva pe domnul Mocanu sau pe oamenii s\u0103i? \u00a0\u0218tie DSP Buz\u0103u ce face Mocanu? Documentele ne spun c\u0103 nu, \u0219i nici nu le pas\u0103!<\/p>\n<figure class=\"wp-block-image size-large is-resized\"><img loading=\"lazy\" decoding=\"async\" src=\"http:\/\/revistaverde.ro\/wp-content\/uploads\/2026\/07\/DSP-RATE-768x1024.jpg\" alt class=\"wp-image-15642\" width=\"725\" height=\"966\"><\/figure>\n<figure class=\"wp-block-image size-large\"><img decoding=\"async\" loading=\"lazy\" width=\"768\" height=\"1024\" src=\"http:\/\/revistaverde.ro\/wp-content\/uploads\/2026\/07\/fit-14-768x1024.jpg\" alt class=\"wp-image-15643\"><\/figure>\n<figure class=\"wp-block-image size-large\"><img decoding=\"async\" loading=\"lazy\" width=\"768\" height=\"1024\" src=\"http:\/\/revistaverde.ro\/wp-content\/uploads\/2026\/07\/fit-15-768x1024.jpg\" alt class=\"wp-image-15644\"><\/figure>\n<div class=\"col-md-2 col-sm-4 col-xs-4\"> .col-md-2 { float:left; width: 16.6667%; } <\/div>\n<div class=\"col-md-2 col-sm-4 col-xs-4\"> .col-md-2 { float:left; width: 16.6667%; } <\/p>\n<div class=\"fb-share-button\" data-href=\"https:\/\/revistaverde.ro\/2026\/07\/07\/cu-ce-ne-mai-omoara-mocanu-tantarii\/\" data-layout=\"button\" data-size=\"large\" data-mobile-iframe=\"true\"><a class=\"fb-xfbml-parse-ignore\" target=\"_blank\" href=\"https:\/\/www.facebook.com\/sharer\/sharer.php?u=https%3A%2F%2Frevistaverde.ro%2F2026%2F07%2F07%2Fcu-ce-ne-mai-omoara-mocanu-tantarii%2F&amp;src=sdkpreparse\">Share<\/a><\/div>\n<\/div>\n<div class=\"col-md-2 col-sm-4 col-xs-4\"> .col-md-2 { float:left; width: 16.6667%; } <\/div>\n<\/div>\n<\/article>\n<div class=\"entry-content mh-clearfix\">\n<figure class=\"entry-thumbnail\"><img decoding=\"async\" src=\"https:\/\/revistaverde.ro\/wp-content\/uploads\/2026\/07\/DEZINSECTIE-638x381.jpg\" alt title=\"DEZINSECTIE\"><\/figure>\n<p>Buzoienii au \u00eenceput s\u0103 fie foarte \u00eengrijora\u021bi, dup\u0103 ce au \u00eenceput s\u0103 simt\u0103 mirosul degajat de aparatele de \u00eempr\u0103\u0219tiat substan\u021be toxice, pentru exterminarea \u021b\u00e2n\u021barilor. Unii se simt r\u0103u, \u00een timp ce al\u021bii intr\u0103 \u00een panic\u0103 \u0219i apelez\u0103 la doctori. Totul a plecat de la un incident foarte grav, care a produs scandal public, anul trecut, \u00eengropat\u00a0\u00een mod elegant \u00eentre scoar\u021bele groase ale unui dosar penal nesolu\u021bionat. Este vorba, de ra\u021bele care au murit \u00een Parcul Cr\u00e2ng, \u00een urma unei opera\u021biuni de stropire a ora\u0219ului \u0219i p\u0103durii Cr\u00e2ng cu substan\u021be toxice, \u00eempr\u0103\u0219tiate din elicopter.<\/p>\n<h2 class=\"wp-block-heading\">Mocanu ne omoar\u0103 cu FLYTRIN 6.14 t\u00e2n\u021barii, produs cancerigen, a c\u0103ruifi\u0219\u0103 tehnic\u0103 ridic\u0103 mari semne de \u00eentrebare.<\/h2>\n<p>https:\/\/rersud.ro\/wp-content\/uploads\/2022\/05\/Fisa-Tehnica-Flytrin-6-14.pdf<\/p>\n<p>Opera\u021biunea de dezinsec\u021bie \u0219i deratizare este efectuat\u0103 \u0219i anul acesta de RER SUD S.A., condus\u0103 de Liviu Mocanu, societate care se ocup\u0103 cu toate opera\u021biunile de salubrizare a ora\u0219ului, dar \u0219i cu depozitarea gunoiului din tot jude\u021bul. Tarifele pe care le suport\u0103 popula\u021bia, dar \u0219i Prim\u0103ria Buz\u0103u, au crescut \u00een ritm galopant \u00een ultimii ani, chiar dac\u0103 t\u00e2n\u021barii, mirosul \u0219i gunoaiele sunt la locul lor \u0219i popula\u021bia s-a cam r\u0103rit. Cea mai mare problem\u0103 este cea de dezisec\u021bie \u0219i deratizare, opera\u021biune care necesit\u0103 totu\u0219i o oarece preg\u0103tire de implementare \u0219i speciali\u0219ti. Nu po\u021bi stropi copiii \u0219i b\u0103tr\u00e2nii cu pompa cu otrav\u0103 \u00een nas, la primele ore ale dimine\u021bii, \u0219i nici nu po\u021bi arunca din avion sau elicopter substan\u021be toxice interzise \u00een toat\u0103 Europa, doar pentru c\u0103 este mai ieftin \u0219i mai comod. Astfel de lucruri nu se fac, pentru c\u0103 este infrac\u021biune, iar cei vinova\u021bi de a\u0219a ceva trebuie s\u0103 pl\u0103teasc\u0103 penal. Adic\u0103 s\u0103 mearg\u0103 la pu\u0219c\u0103rie, \u0219i nu s\u0103 le r\u00e2d\u0103 \u00een nas buzoienilor, a\u0219a cum se \u00eent\u00e2mpl\u0103 la Buz\u0103u.<\/p>\n<p>C\u00e2nd au murit ra\u021bele din Parcul Cr\u00e2ng, RER a stropit ora\u0219ul cu otrav\u0103 \u00eempr\u0103\u0219tiat\u0103 din avion. Nu avea voie s\u0103 fac\u0103 a\u0219a ceva! Nu i-a p\u0103sat nici primarului, \u0219i nici celor de aici, \u0219i nici nu a dat nimeni socoteal\u0103. Acum strope\u0219te cu ceva, ce le face r\u0103u buzoienilor. Nu mai trece cu avionul peste noi, ne d\u0103 cu tulumba \u00een nas. \u00cen zori de zi, f\u0103r\u0103 s\u0103 anun\u021be pe nimeni, de parc\u0103 ar fi un ora\u0219 pustiu. Dac\u0103 e otrava mai tare, nu este nevoit s\u0103 treac\u0103 de mai multe ori, a\u0219a c\u0103 pute\u021bi specula de ce ne tot \u00eemboln\u0103vim. Concentra\u021bia mai mare este interzis\u0103 pentru c\u0103 este cancerigen\u0103. \u00cel verific\u0103 cineva pe domnul Mocanu sau pe oamenii s\u0103i? \u00a0\u0218tie DSP Buz\u0103u ce face Mocanu? Documentele ne spun c\u0103 nu, \u0219i nici nu le pas\u0103!<\/p>\n<figure class=\"wp-block-image size-large is-resized\"><img loading=\"lazy\" decoding=\"async\" src=\"http:\/\/revistaverde.ro\/wp-content\/uploads\/2026\/07\/DSP-RATE-768x1024.jpg\" alt class=\"wp-image-15642\" width=\"725\" height=\"966\"><\/figure>\n<figure class=\"wp-block-image size-large\"><img decoding=\"async\" loading=\"lazy\" width=\"768\" height=\"1024\" src=\"http:\/\/revistaverde.ro\/wp-content\/uploads\/2026\/07\/fit-14-768x1024.jpg\" alt class=\"wp-image-15643\"><\/figure>\n<figure class=\"wp-block-image size-large\"><img decoding=\"async\" loading=\"lazy\" width=\"768\" height=\"1024\" src=\"http:\/\/revistaverde.ro\/wp-content\/uploads\/2026\/07\/fit-15-768x1024.jpg\" alt class=\"wp-image-15644\"><\/figure>\n<div class=\"col-md-2 col-sm-4 col-xs-4\"> .col-md-2 { float:left; width: 16.6667%; } <\/div>\n<div class=\"col-md-2 col-sm-4 col-xs-4\"> .col-md-2 { float:left; width: 16.6667%; } <\/p>\n<div class=\"fb-share-button\" data-href=\"https:\/\/revistaverde.ro\/2026\/07\/07\/cu-ce-ne-mai-omoara-mocanu-tantarii\/\" data-layout=\"button\" data-size=\"large\" data-mobile-iframe=\"true\"><a class=\"fb-xfbml-parse-ignore\" target=\"_blank\" href=\"https:\/\/www.facebook.com\/sharer\/sharer.php?u=https%3A%2F%2Frevistaverde.ro%2F2026%2F07%2F07%2Fcu-ce-ne-mai-omoara-mocanu-tantarii%2F&amp;src=sdkpreparse\">Share<\/a><\/div>\n<\/div>\n<div class=\"col-md-2 col-sm-4 col-xs-4\"> .col-md-2 { float:left; width: 16.6667%; } <\/div>\n<\/div>\n<p>[analyse_source url=&#8221;https:\/\/revistaverde.ro\/2026\/07\/07\/cu-ce-ne-mai-omoara-mocanu-tantarii\/&#8221;]<\/p>\n","protected":false},"excerpt":{"rendered":"<p>[analyse_image type=&#8221;featured&#8221; src=&#8221;https:\/\/revistaverde.ro\/wp-content\/uploads\/2026\/07\/DEZINSECTIE.jpg&#8221;] Cu ce ne mai omoar\u0103 Mocanu t\u00e2n\u021barii? iulie 7, 2026M\u0103rg\u0103rit GROSUEco \u015etiri, Evenimente, international0 Buzoienii au \u00eenceput s\u0103 fie foarte \u00eengrijora\u021bi, dup\u0103 ce au \u00eenceput s\u0103 simt\u0103 mirosul degajat de aparatele de \u00eempr\u0103\u0219tiat substan\u021be toxice, pentru exterminarea \u021b\u00e2n\u021barilor. Unii se simt r\u0103u, \u00een timp ce al\u021bii intr\u0103 \u00een panic\u0103 \u0219i apelez\u0103 la [&hellip;]<\/p>\n","protected":false},"author":1,"featured_media":0,"comment_status":"open","ping_status":"","sticky":false,"template":"","format":"standard","meta":{"footnotes":""},"categories":[2],"tags":[226,57],"class_list":["post-2031713","post","type-post","status-publish","format-standard","hentry","category-politics","tag-crawlmanager","tag-revistaverde-ro"],"_links":{"self":[{"href":"https:\/\/analyse.optim.biz\/index.php?rest_route=\/wp\/v2\/posts\/2031713","targetHints":{"allow":["GET"]}}],"collection":[{"href":"https:\/\/analyse.optim.biz\/index.php?rest_route=\/wp\/v2\/posts"}],"about":[{"href":"https:\/\/analyse.optim.biz\/index.php?rest_route=\/wp\/v2\/types\/post"}],"author":[{"embeddable":true,"href":"https:\/\/analyse.optim.biz\/index.php?rest_route=\/wp\/v2\/users\/1"}],"replies":[{"embeddable":true,"href":"https:\/\/analyse.optim.biz\/index.php?rest_route=%2Fwp%2Fv2%2Fcomments&post=2031713"}],"version-history":[{"count":0,"href":"https:\/\/analyse.optim.biz\/index.php?rest_route=\/wp\/v2\/posts\/2031713\/revisions"}],"wp:attachment":[{"href":"https:\/\/analyse.optim.biz\/index.php?rest_route=%2Fwp%2Fv2%2Fmedia&parent=2031713"}],"wp:term":[{"taxonomy":"category","embeddable":true,"href":"https:\/\/analyse.optim.biz\/index.php?rest_route=%2Fwp%2Fv2%2Fcategories&post=2031713"},{"taxonomy":"post_tag","embeddable":true,"href":"https:\/\/analyse.optim.biz\/index.php?rest_route=%2Fwp%2Fv2%2Ftags&post=2031713"}],"curies":[{"name":"wp","href":"https:\/\/api.w.org\/{rel}","templated":true}]}}