{"id":203154,"date":"2014-06-11T20:55:05","date_gmt":"2014-06-11T17:55:05","guid":{"rendered":"https:\/\/analyse.optim.biz\/?p=203154"},"modified":"2014-06-11T20:55:05","modified_gmt":"2014-06-11T17:55:05","slug":"general-sri-suntem-criticati-ca-devenim-exportator-de-vulnerabilitate-in-ue-prin-cartelele-pre-pay","status":"publish","type":"post","link":"https:\/\/analyse.optim.biz\/?p=203154","title":{"rendered":"General SRI: Suntem critica\u0163i c\u0103 devenim exportator de vulnerabilitate \u00een UE prin cartelele pre-pay"},"content":{"rendered":"<div class=\"entry data-app-meta data-app-meta-article\" data-embed-base-url-canonical=\"https:\/\/www.digi24.ro\/embed\/stiri\/actualitate\/politica\/general-sri-suntem-criticati-ca-devenim-exportator-de-vulnerabilitate-in-ue-prin-cartelele-pre-pay-255145\">\n<p data-index=\"1\">\u00a0<img decoding=\"async\" src=\"https:\/\/analyse.optim.biz\/wp-content\/uploads\/2024\/09\/zti5y2mxzthlmmezodm4ndy2mzcwnjy0odcx-thumb_.jpg\" data-skip-htmlfix=\"1\" title=\"zti5y2mxzthlmmezodm4ndy2mzcwnjy0odcx-thumb_\"><\/p>\n<p data-index=\"2\">\u201e<span><strong>Suntem critica\u0163i de parteneri c\u0103 Rom\u00e2nia devine un exportator de vulnerabilit\u0103\u0163i \u00een UE<\/strong>, adic\u0103 s-a dus vestea printre b\u0103ie\u0163ii r\u0103i c\u0103 \u00een Rom\u00e2nia pot fi achizi\u0163ionate mijloace de comunicare la liber, f\u0103r\u0103 a-\u0163i declara identitatea, \u015fi b\u0103ie\u0163ii r\u0103i le iau \u015fi le utilizeaz\u0103 \u00een scopuri malefice, antisociale, \u00een UE. Parteneri din UE m\u0103 \u00eentreab\u0103 cine e \u00een spatele cartelei suspecte \u015fi nu pot da r\u0103spuns util\u201d, a spus<strong> Dumitru Dumbrav\u0103, general SRI.<\/strong><\/span><\/p>\n<p data-index=\"3\">El a ar\u0103tat c\u0103 sus\u0163ine f\u0103r\u0103 echivoc necesitatea adopt\u0103rii unui proiect de act normativ prin care achizi\u0163ionarea de <strong>cartelele prepay<\/strong> trebuie f\u0103cut\u0103 numai \u00een baza unui act de identitate.<\/p>\n<p data-index=\"4\">\u201eE o chestiune stringent\u0103 de securitate na\u0163ional\u0103, cu at\u00e2t mai mult \u00een actualitate \u0163in\u00e2nd cont de ultimele evolu\u0163ii vizavi de frontiera extern\u0103 a UE\u201d, a spus Dumbrav\u0103, potrivit Mediafax.<\/p>\n<p data-index=\"5\">Generalul a ar\u0103tat c\u0103 problema cartelelor prepl\u0103tite a ap\u0103rut prima dat\u0103 \u00een Rom\u00e2nia \u00een 2008, odat\u0103 cu preg\u0103tirile pentru summitul NATO.<\/p>\n<p data-index=\"6\">Dumitru Dumbrav\u0103 a fost \u00eens\u0103 contrat de deputatul PNL\u00a0Daniel Iane.<\/p>\n<p data-index=\"7\">\u201e<strong>Numai de c\u00e2nd sunt eu \u00een aceast\u0103 comisie am respins de dou\u0103 ori aceast\u0103 ini\u0163iativ\u0103 pentru c\u0103 nu ne-a\u0163i convins cu adev\u0103rat c\u0103 aceste amenin\u0163\u0103ri pe care le aminti\u0163i generic exist\u0103 cu adev\u0103rat<\/strong>. Am cump\u0103nit deranjul cet\u0103\u0163eanului, supracostul pe care ar trebui s\u0103-l pl\u0103teasc\u0103 operatorului de telefonie \u00een implementarea acestui mecanism. (&#8230;) \u00censeamn\u0103 costuri pentru operator, pentru beneficiar, iar beneficiul e foarte mic \u00een raport cu costurile implicate\u201d, a spus Daniel Iane.<\/p>\n<p data-index=\"8\">Dumbrav\u0103 a evocat, \u00een sprijinul pozi\u0163iei sale, discu\u0163ia avut\u0103 cu unul dintre omologii s\u0103i dintr-o \u0163ar\u0103 european\u0103, \u00een condi\u0163iile \u00een care acesta i-a expus faptul c\u0103 Rom\u00e2nia nu are reglementat legislativ acest domeniu: <strong>\u201eReplica unuia dintre parteneri a fost: domnule comandant, nu mai insista\u0163i, a\u015ftepta\u0163i p\u00e2n\u0103 la primul atac terorist \u015fi pe urm\u0103 solicita\u0163i. O s\u0103 v\u0103 dea Parlamentul toate legile necesare.\u201d<\/strong><\/p>\n<p data-index=\"9\">Iane i-a replicat c\u0103 rolul SRI este de a preveni astfel de lucruri: \u201eRolul dumneavostr\u0103 &#8211; \u015fi sunte\u0163i pl\u0103tit de c\u0103tre noi &#8211; e ca s\u0103 preveni\u0163i aceste lucruri\u201d.<\/p>\n<p data-index=\"10\">\u201eDa, dar am nevoie de mijloace, inclusiv legislative\u201d, a spus, la r\u00e2ndul s\u0103u, Dumbrav\u0103, Iane preciz\u00e2nd c\u0103 este convins c\u0103 SRI are aceste mijloace.<\/p>\n<p data-index=\"11\"><strong>Proiectul de lege privind completarea OUG 111\/2011<\/strong> privind comunica\u0163iile electronice, discutat miercuri \u00een Comisia de IT din <strong>Camera Deputa\u0163ilor,<\/strong> propune instituirea aceluia\u015fi regim juridic pentru utilizatorii de cartele prepl\u0103tite ca pentru abona\u0163i.<\/p>\n<p data-index=\"12\"><strong>Irina Alexe<\/strong>, secretar de stat \u00een <strong>MAI<\/strong>, a spus c\u0103 prin actul normativ se propune instituirea unor norme privind \u00eenregistrarea utilizatorilor de cartele prepl\u0103tite, precum \u015fi colectarea \u015fi stocarea datelor utilizatorilor \u00een condi\u0163ii similare cu legisla\u0163ia general\u0103 \u00een domeniu.<\/p>\n<p data-index=\"13\">Dezbaterile asupra proiectului de lege urmeaz\u0103 s\u0103 continue \u015fi s\u0103pt\u0103m\u00e2na viitoare \u00een cadrul Comisiei de IT din Camera Deputa\u0163ilor, p\u0103r\u0163ile interesate, inclusiv operatorii de telefonie, urm\u00e2nd s\u0103 transmit\u0103 amendamente la textul ini\u0163ial. Camera Deputa\u0163ilor este for decizional.<\/p>\n<\/div>\n<p> Source URL: https:\/\/www.digi24.ro\/stiri\/actualitate\/politica\/general-sri-suntem-criticati-ca-devenim-exportator-de-vulnerabilitate-in-ue-prin-cartelele-pre-pay-255145<\/p>\n","protected":false},"excerpt":{"rendered":"<p>\u00a0 \u201eSuntem critica\u0163i de parteneri c\u0103 Rom\u00e2nia devine un exportator de vulnerabilit\u0103\u0163i \u00een UE, adic\u0103 s-a dus vestea printre b\u0103ie\u0163ii r\u0103i c\u0103 \u00een Rom\u00e2nia pot fi achizi\u0163ionate mijloace de comunicare la liber, f\u0103r\u0103 a-\u0163i declara identitatea, \u015fi b\u0103ie\u0163ii r\u0103i le iau \u015fi le utilizeaz\u0103 \u00een scopuri malefice, antisociale, \u00een UE. Parteneri din UE m\u0103 \u00eentreab\u0103 [&hellip;]<\/p>\n","protected":false},"author":1,"featured_media":203155,"comment_status":"open","ping_status":"","sticky":false,"template":"","format":"standard","meta":{"footnotes":""},"categories":[2],"tags":[11],"class_list":["post-203154","post","type-post","status-publish","format-standard","has-post-thumbnail","hentry","category-politics","tag-digi24"],"_links":{"self":[{"href":"https:\/\/analyse.optim.biz\/index.php?rest_route=\/wp\/v2\/posts\/203154","targetHints":{"allow":["GET"]}}],"collection":[{"href":"https:\/\/analyse.optim.biz\/index.php?rest_route=\/wp\/v2\/posts"}],"about":[{"href":"https:\/\/analyse.optim.biz\/index.php?rest_route=\/wp\/v2\/types\/post"}],"author":[{"embeddable":true,"href":"https:\/\/analyse.optim.biz\/index.php?rest_route=\/wp\/v2\/users\/1"}],"replies":[{"embeddable":true,"href":"https:\/\/analyse.optim.biz\/index.php?rest_route=%2Fwp%2Fv2%2Fcomments&post=203154"}],"version-history":[{"count":0,"href":"https:\/\/analyse.optim.biz\/index.php?rest_route=\/wp\/v2\/posts\/203154\/revisions"}],"wp:featuredmedia":[{"embeddable":true,"href":"https:\/\/analyse.optim.biz\/index.php?rest_route=\/wp\/v2\/media\/203155"}],"wp:attachment":[{"href":"https:\/\/analyse.optim.biz\/index.php?rest_route=%2Fwp%2Fv2%2Fmedia&parent=203154"}],"wp:term":[{"taxonomy":"category","embeddable":true,"href":"https:\/\/analyse.optim.biz\/index.php?rest_route=%2Fwp%2Fv2%2Fcategories&post=203154"},{"taxonomy":"post_tag","embeddable":true,"href":"https:\/\/analyse.optim.biz\/index.php?rest_route=%2Fwp%2Fv2%2Ftags&post=203154"}],"curies":[{"name":"wp","href":"https:\/\/api.w.org\/{rel}","templated":true}]}}