{"id":2031498,"date":"2026-07-07T16:22:18","date_gmt":"2026-07-07T13:22:18","guid":{"rendered":"https:\/\/analyse.optim.biz\/?p=2031498"},"modified":"2026-07-07T16:22:18","modified_gmt":"2026-07-07T13:22:18","slug":"barbat-arestat-preventiv-dupa-ce-si-a-agresat-sotia-in-mai-multe-randuri-si-a-incalcat-ordinul-de-protectie","status":"publish","type":"post","link":"https:\/\/analyse.optim.biz\/?p=2031498","title":{"rendered":"B\u0103rbat arestat preventiv dup\u0103 ce \u0219i-a agresat so\u021bia \u00een mai multe r\u00e2nduri \u0219i a \u00eenc\u0103lcat ordinul de protec\u021bie"},"content":{"rendered":"<p>[analyse_image type=&#8221;featured&#8221; src=&#8221;https:\/\/www.informatiata.ro\/wp-content\/uploads\/2023\/05\/vlcsnap-2023-05-13-14h10m31s436.png&#8221;]<\/p>\n<div class=\"td-post-content tagdiv-type\">\n<div class=\"td-post-featured-image\"><a href=\"https:\/\/www.informatiata.ro\/wp-content\/uploads\/2023\/05\/vlcsnap-2023-05-13-14h10m31s436.png\" data-caption><img loading=\"lazy\" decoding=\"async\" width=\"696\" height=\"392\" class=\"entry-thumb td-modal-image\" src=\"https:\/\/www.informatiata.ro\/wp-content\/uploads\/2023\/05\/vlcsnap-2023-05-13-14h10m31s436-696x392.png\" alt title=\"individ arestat\"><img loading=\"lazy\" decoding=\"async\" width=\"696\" height=\"392\" class=\"entry-thumb td-modal-image\" src=\"https:\/\/www.informatiata.ro\/wp-content\/uploads\/2023\/05\/vlcsnap-2023-05-13-14h10m31s436-696x392.png\" alt title=\"individ arestat\"><\/a><\/div>\n<p>B\u0103rbat arestat preventiv dup\u0103 ce \u0219i-a agresat so\u021bia \u00een mai multe r\u00e2nduri \u0219i a \u00eenc\u0103lcat ordinul de protec\u021bie. <\/p>\n<p>Pe 14 iunie 2026, dup\u0103 ce so\u021bia sa a revenit acas\u0103 \u00eempreun\u0103 cu fiul lor minor \u00een v\u00e2rst\u0103 de 6 ani, b\u0103rbatul a lovit-o cu cheile \u00een fa\u021b\u0103, a prins-o de bra\u021b \u0219i a izbit-o de perete, provoc\u00e2ndu-i leziuni care au necesitat 3-4 zile de \u00eengrijiri medicale.<\/p>\n<div class=\"td-a-rec td-a-rec-id-content_inlineright  tdi_7 td_block_template_1\"><img loading=\"lazy\" decoding=\"async\" class=\"aligncenter size-full wp-image-65536\" src=\"https:\/\/www.informatiata.ro\/wp-content\/uploads\/2026\/07\/SAVCOM-4.gif\" alt width=\"299\" height=\"250\"><img loading=\"lazy\" decoding=\"async\" class=\"aligncenter size-full wp-image-65536\" src=\"https:\/\/www.informatiata.ro\/wp-content\/uploads\/2026\/07\/SAVCOM-4.gif\" alt width=\"299\" height=\"250\"><img loading=\"lazy\" decoding=\"async\" class=\"aligncenter size-full wp-image-65537\" src=\"https:\/\/www.informatiata.ro\/wp-content\/uploads\/2026\/07\/FACOS-3.gif\" alt width=\"300\" height=\"250\"><img loading=\"lazy\" decoding=\"async\" class=\"aligncenter size-full wp-image-65537\" src=\"https:\/\/www.informatiata.ro\/wp-content\/uploads\/2026\/07\/FACOS-3.gif\" alt width=\"300\" height=\"250\"><\/div>\n<p>La 17 iunie, b\u0103rbatul \u0219i-a agresat din nou so\u021bia, lovind-o cu palmele \u0219i cu piciorul.<\/p>\n<p>La data de 18 iunie, acesta a fost re\u021binut pentru 24 de ore de poli\u021bi\u0219tii din Frasin iar apoi a fost pus sub control judiciar pe o perioad\u0103 de 60 de zile, cu obliga\u021bia de a nu se apropia la mai pu\u021bin de 50 de metri de victim\u0103 \u0219i de a nu comunica cu aceasta.<\/p>\n<p>Numai c\u0103, la data de 5 iulie 2026, victoma a apelat 112 \u0219i a sesizat c\u0103 so\u021bul ei a venit la domiciliu, \u00een ciuda interdic\u021biei, \u0219i a scos-o afar\u0103 din cas\u0103.<\/p>\n<p>\u00cen urma acestei sesiz\u0103ri, la data de 6 iulie 2026, procurorul a propus \u00eenlocuirea m\u0103surii controlului judiciar cu arestarea preventiv\u0103 pentru 30 de zile. <\/p>\n<p>Propunerea a fost admis\u0103 de judec\u0103torul de drepturi \u0219i libert\u0103\u021bi. <\/p>\n<\/div>\n<p>[analyse_source url=&#8221;https:\/\/www.informatiata.ro\/barbat-arestat-dupa-ce-si-a-agresat-sotia\/&#8221;]<\/p>\n","protected":false},"excerpt":{"rendered":"<p>[analyse_image type=&#8221;featured&#8221; src=&#8221;https:\/\/www.informatiata.ro\/wp-content\/uploads\/2023\/05\/vlcsnap-2023-05-13-14h10m31s436.png&#8221;] B\u0103rbat arestat preventiv dup\u0103 ce \u0219i-a agresat so\u021bia \u00een mai multe r\u00e2nduri \u0219i a \u00eenc\u0103lcat ordinul de protec\u021bie. Pe 14 iunie 2026, dup\u0103 ce so\u021bia sa a revenit acas\u0103 \u00eempreun\u0103 cu fiul lor minor \u00een v\u00e2rst\u0103 de 6 ani, b\u0103rbatul a lovit-o cu cheile \u00een fa\u021b\u0103, a prins-o de bra\u021b \u0219i a [&hellip;]<\/p>\n","protected":false},"author":1,"featured_media":0,"comment_status":"open","ping_status":"","sticky":false,"template":"","format":"standard","meta":{"footnotes":""},"categories":[89],"tags":[226,167],"class_list":["post-2031498","post","type-post","status-publish","format-standard","hentry","category-romania","tag-crawlmanager","tag-informatiata-ro"],"_links":{"self":[{"href":"https:\/\/analyse.optim.biz\/index.php?rest_route=\/wp\/v2\/posts\/2031498","targetHints":{"allow":["GET"]}}],"collection":[{"href":"https:\/\/analyse.optim.biz\/index.php?rest_route=\/wp\/v2\/posts"}],"about":[{"href":"https:\/\/analyse.optim.biz\/index.php?rest_route=\/wp\/v2\/types\/post"}],"author":[{"embeddable":true,"href":"https:\/\/analyse.optim.biz\/index.php?rest_route=\/wp\/v2\/users\/1"}],"replies":[{"embeddable":true,"href":"https:\/\/analyse.optim.biz\/index.php?rest_route=%2Fwp%2Fv2%2Fcomments&post=2031498"}],"version-history":[{"count":0,"href":"https:\/\/analyse.optim.biz\/index.php?rest_route=\/wp\/v2\/posts\/2031498\/revisions"}],"wp:attachment":[{"href":"https:\/\/analyse.optim.biz\/index.php?rest_route=%2Fwp%2Fv2%2Fmedia&parent=2031498"}],"wp:term":[{"taxonomy":"category","embeddable":true,"href":"https:\/\/analyse.optim.biz\/index.php?rest_route=%2Fwp%2Fv2%2Fcategories&post=2031498"},{"taxonomy":"post_tag","embeddable":true,"href":"https:\/\/analyse.optim.biz\/index.php?rest_route=%2Fwp%2Fv2%2Ftags&post=2031498"}],"curies":[{"name":"wp","href":"https:\/\/api.w.org\/{rel}","templated":true}]}}