{"id":203120,"date":"2014-06-12T11:36:25","date_gmt":"2014-06-12T08:36:25","guid":{"rendered":"https:\/\/analyse.optim.biz\/?p=203120"},"modified":"2014-06-12T11:36:25","modified_gmt":"2014-06-12T08:36:25","slug":"surse-george-maior-posibil-lider-al-psd","status":"publish","type":"post","link":"https:\/\/analyse.optim.biz\/?p=203120","title":{"rendered":"Surse: George Maior, posibil lider al PSD"},"content":{"rendered":"<div class=\"entry data-app-meta data-app-meta-article\" data-embed-base-url-canonical=\"https:\/\/www.digi24.ro\/embed\/stiri\/actualitate\/politica\/surse-george-maior-posibil-lider-al-psd-255317\">\n<p data-index=\"1\">Liderii PSD nu neag\u0103 scenariul Victor Ponta pre\u015fedinte &#8211; George Maior premier dup\u0103 alegerile preziden\u0163iale.<\/p>\n<p data-index=\"2\">Ipoteza desemn\u0103rii actualului director al Serviciului Rom\u00e2n de Informa\u0163ii ca premier dup\u0103 alegerile preziden\u0163iale urmeaz\u0103 altor scenarii vehiculate \u00een mediul politic, conform c\u0103rora George Maior ar putea fi candidatul PSD la pre\u015fedin\u0163ie.<\/p>\n<p data-index=\"3\">\u00cen toamn\u0103, Elena Udrea vorbea prima dat\u0103 despre asta: \u201e<span>George Maior ar fi un bun pre\u015fedinte pentru Rom\u00e2nia. (&#8230;) L-a\u015f sus\u0163ine pe George Maior, av\u00e2nd \u00eencredere c\u0103 ar aduce echilibrul de care e nevoie \u015fi ar avea for\u0163a s\u0103 calmeze PSD \u015fi PNL. Ar fi un bun candidat al USL\u201d.<\/span><\/p>\n<p data-index=\"4\">\u015ei pre\u015fedintele Traian B\u0103sescu a adus \u00een discu\u0163ie o posibil\u0103 revenire a lui George Maior \u00een politic\u0103:<\/p>\n<p data-index=\"5\">\u201ePentru mine, George Maior este unul din oamenii care poate aspira la orice func\u0163ie \u00een statul rom\u00e2n. Singrul lucru la care trebuie s\u0103 fie atent &#8211; c\u00e2t de rapid face trecerea de la \u015fefia unui serviciu de asemenea dimensiuni \u015fi importan\u0163\u0103 \u00eenapoi \u00een viata politic\u0103\u201d.<\/p>\n<p data-index=\"6\">\u00cens\u0103, \u015feful statului exprim\u0103 rezerve fa\u0163\u0103 de scenariul candidaturii lui George Maior la pre\u015fedin\u0163ie.<\/p>\n<p data-index=\"7\">Invocat at\u00e2t de des de liderii politici, cel vizat a sim\u0163it nevoia s\u0103 fac\u0103 unele clarific\u0103ri.<\/p>\n<p data-index=\"8\">\u201e<span>A\u015f vrea, dac\u0103 se poate, s\u0103 fiu eliminat din aceste scenarii vehiculate despre diverse candidaturi\u201d, a replicat George Maior.<\/span><\/p>\n<p data-index=\"9\">George Maior a primit, \u00een mai multe r\u00e2nduri, aprecieri publice din partea pre\u015fedintelui Traian B\u0103sescu: <span>\u201eMaior este un om de o corectitudine irepro\u015fabil\u0103. E \u015fi na\u015ful domnului Ponta, dar nu a confundat niciodat\u0103 SRI cu interesele politice. (&#8230;) E un PSD-ist luminat \u015fi e un om care scrie, studiaz\u0103, \u00eenva\u0163\u0103 foarte mult\u201d. <\/span><\/p>\n<p data-index=\"10\">George Maior a fost numit director al SRI \u00een 2006, c\u00e2nd era senator PSD.<\/p>\n<p data-index=\"11\"><span>\u00a0<\/span><\/p>\n<\/div>\n<p> Source URL: https:\/\/www.digi24.ro\/stiri\/actualitate\/politica\/surse-george-maior-posibil-lider-al-psd-255317<\/p>\n","protected":false},"excerpt":{"rendered":"<p>Liderii PSD nu neag\u0103 scenariul Victor Ponta pre\u015fedinte &#8211; George Maior premier dup\u0103 alegerile preziden\u0163iale. Ipoteza desemn\u0103rii actualului director al Serviciului Rom\u00e2n de Informa\u0163ii ca premier dup\u0103 alegerile preziden\u0163iale urmeaz\u0103 altor scenarii vehiculate \u00een mediul politic, conform c\u0103rora George Maior ar putea fi candidatul PSD la pre\u015fedin\u0163ie. \u00cen toamn\u0103, Elena Udrea vorbea prima dat\u0103 despre [&hellip;]<\/p>\n","protected":false},"author":1,"featured_media":203121,"comment_status":"open","ping_status":"","sticky":false,"template":"","format":"standard","meta":{"footnotes":""},"categories":[2],"tags":[11],"class_list":["post-203120","post","type-post","status-publish","format-standard","has-post-thumbnail","hentry","category-politics","tag-digi24"],"_links":{"self":[{"href":"https:\/\/analyse.optim.biz\/index.php?rest_route=\/wp\/v2\/posts\/203120","targetHints":{"allow":["GET"]}}],"collection":[{"href":"https:\/\/analyse.optim.biz\/index.php?rest_route=\/wp\/v2\/posts"}],"about":[{"href":"https:\/\/analyse.optim.biz\/index.php?rest_route=\/wp\/v2\/types\/post"}],"author":[{"embeddable":true,"href":"https:\/\/analyse.optim.biz\/index.php?rest_route=\/wp\/v2\/users\/1"}],"replies":[{"embeddable":true,"href":"https:\/\/analyse.optim.biz\/index.php?rest_route=%2Fwp%2Fv2%2Fcomments&post=203120"}],"version-history":[{"count":0,"href":"https:\/\/analyse.optim.biz\/index.php?rest_route=\/wp\/v2\/posts\/203120\/revisions"}],"wp:featuredmedia":[{"embeddable":true,"href":"https:\/\/analyse.optim.biz\/index.php?rest_route=\/wp\/v2\/media\/203121"}],"wp:attachment":[{"href":"https:\/\/analyse.optim.biz\/index.php?rest_route=%2Fwp%2Fv2%2Fmedia&parent=203120"}],"wp:term":[{"taxonomy":"category","embeddable":true,"href":"https:\/\/analyse.optim.biz\/index.php?rest_route=%2Fwp%2Fv2%2Fcategories&post=203120"},{"taxonomy":"post_tag","embeddable":true,"href":"https:\/\/analyse.optim.biz\/index.php?rest_route=%2Fwp%2Fv2%2Ftags&post=203120"}],"curies":[{"name":"wp","href":"https:\/\/api.w.org\/{rel}","templated":true}]}}