{"id":203117,"date":"2014-06-12T12:46:32","date_gmt":"2014-06-12T09:46:32","guid":{"rendered":"https:\/\/analyse.optim.biz\/?p=203117"},"modified":"2014-06-12T12:46:32","modified_gmt":"2014-06-12T09:46:32","slug":"de-ce-amana-victor-ponta-anuntul-candidaturii-la-prezidentiale-dan-sova-noi-nu-suntem-precum-dreapta-politica","status":"publish","type":"post","link":"https:\/\/analyse.optim.biz\/?p=203117","title":{"rendered":"De ce am\u00e2n\u0103 Victor Ponta anun\u0163ul candidaturii la preziden\u0163iale. Dan \u015eova: &#8220;Noi nu suntem precum dreapta politic\u0103&#8221;"},"content":{"rendered":"<div class=\"entry data-app-meta data-app-meta-article\" data-embed-base-url-canonical=\"https:\/\/www.digi24.ro\/embed\/stiri\/actualitate\/politica\/de-ce-amana-victor-ponta-anuntul-candidaturii-la-prezidentiale-dan-sova-noi-nu-suntem-precum-dreapta-politica-255349\">\n<p data-index=\"1\">\u00a0<img decoding=\"async\" src=\"https:\/\/analyse.optim.biz\/wp-content\/uploads\/2024\/09\/ntyynddkmzbhzjhkmzdin2yznjzjntu3yzbjyji-thumb_.jpg\" data-skip-htmlfix=\"1\" title=\"ntyynddkmzbhzjhkmzdin2yznjzjntu3yzbjyji-thumb_\"><\/p>\n<p data-index=\"2\">\u201e\u00cen\u0163eleg pe deplin atitudinea responsabil\u0103 a premierului Ponta legat\u0103 de candidatura la pre\u015fedin\u0163ie. Un premier \u00een func\u0163ie are, mai \u00eent\u00e2i de toate, sarcina asigur\u0103rii unei guvern\u0103ri coerente \u015fi eficiente. Am\u00e2narea anun\u0163ului candidaturii are, \u00een opinia mea, dou\u0103 considera\u0163ii: pe de-o parte, <strong>am\u00e2narea declan\u015f\u0103rii unei campanii electorale cu mult \u00eenainte de vreme<\/strong>, \u015ftiut fiind c\u0103 stabilitatea economic\u0103 a \u0163\u0103rii poate fi amenin\u0163at\u0103, iar investitorii str\u0103ini descuraja\u0163i \u015fi, pe de alt\u0103 parte, tratarea cu maxim\u0103 seriozitate a unei confrunt\u0103ri electorale care nu e \u00een niciun caz c\u00e2\u015ftigat\u0103 din start\u201d, <a href=\"https:\/\/www.facebook.com\/dancsova\" target=\"_blank\" data-skip-linkfix=\"1\" rel=\"noopener\"><strong>a scris Dan \u015eova.<\/strong><\/a><\/p>\n<p data-index=\"3\">El a spus c\u0103 social-democra\u0163ii trebuie s\u0103-i lase lui Ponta r\u0103gazul de a-\u015fi decide ritmul \u00een care \u00ee\u015fi va asuma o candidatur\u0103 la func\u0163ia de pre\u015fedinte.<\/p>\n<p data-index=\"4\">\u201eCred c\u0103 trebuie <strong>s\u0103 \u00eei l\u0103s\u0103m, mai ales \u00een PSD, premierului Victor Ponta r\u0103gazul de a-\u015fi decide ritmul asum\u0103rii candidaturii preziden\u0163iale<\/strong>. Noi nu suntem precum dreapta politic\u0103 care anun\u0163\u0103 c\u00e2te dou\u0103 candidaturi pe s\u0103pt\u0103m\u00e2n\u0103. Noi asum\u0103m guvernarea \u015fi \u00een\u0163elegem c\u0103 unul dintre criteriile decisive pentru c\u00e2\u015ftigarea alegerilor preziden\u0163iale va fi calitatea acesteia\u201d, a ad\u0103ugat \u015eova.<\/p>\n<p data-index=\"5\">Presa a relatat, recent, c\u0103 \u00een PSD ar fi \u00eenceput s\u0103 se fac\u0103 &#8220;jocurile&#8221; \u00een ceea ce prive\u015fte preluarea func\u0163iei de pre\u015fedinte al partidului, \u00een condi\u0163iile \u00een care actualul lider, Victor Ponta, ar c\u00e2\u015ftiga fotoliul de la Cotroceni. Printre cei vehicula\u0163i ca poten\u0163iali succesori ai lui Ponta la \u015fefia PSD s-ar afla, potrivit specula\u0163iilor de pres\u0103, Liviu Dragnea, Dan \u015eova \u015fi Valeriu Zgonea.<\/p>\n<\/div>\n<p> Source URL: https:\/\/www.digi24.ro\/stiri\/actualitate\/politica\/de-ce-amana-victor-ponta-anuntul-candidaturii-la-prezidentiale-dan-sova-noi-nu-suntem-precum-dreapta-politica-255349<\/p>\n","protected":false},"excerpt":{"rendered":"<p>\u00a0 \u201e\u00cen\u0163eleg pe deplin atitudinea responsabil\u0103 a premierului Ponta legat\u0103 de candidatura la pre\u015fedin\u0163ie. Un premier \u00een func\u0163ie are, mai \u00eent\u00e2i de toate, sarcina asigur\u0103rii unei guvern\u0103ri coerente \u015fi eficiente. Am\u00e2narea anun\u0163ului candidaturii are, \u00een opinia mea, dou\u0103 considera\u0163ii: pe de-o parte, am\u00e2narea declan\u015f\u0103rii unei campanii electorale cu mult \u00eenainte de vreme, \u015ftiut fiind c\u0103 [&hellip;]<\/p>\n","protected":false},"author":1,"featured_media":203118,"comment_status":"open","ping_status":"","sticky":false,"template":"","format":"standard","meta":{"footnotes":""},"categories":[2],"tags":[11],"class_list":["post-203117","post","type-post","status-publish","format-standard","has-post-thumbnail","hentry","category-politics","tag-digi24"],"_links":{"self":[{"href":"https:\/\/analyse.optim.biz\/index.php?rest_route=\/wp\/v2\/posts\/203117","targetHints":{"allow":["GET"]}}],"collection":[{"href":"https:\/\/analyse.optim.biz\/index.php?rest_route=\/wp\/v2\/posts"}],"about":[{"href":"https:\/\/analyse.optim.biz\/index.php?rest_route=\/wp\/v2\/types\/post"}],"author":[{"embeddable":true,"href":"https:\/\/analyse.optim.biz\/index.php?rest_route=\/wp\/v2\/users\/1"}],"replies":[{"embeddable":true,"href":"https:\/\/analyse.optim.biz\/index.php?rest_route=%2Fwp%2Fv2%2Fcomments&post=203117"}],"version-history":[{"count":0,"href":"https:\/\/analyse.optim.biz\/index.php?rest_route=\/wp\/v2\/posts\/203117\/revisions"}],"wp:featuredmedia":[{"embeddable":true,"href":"https:\/\/analyse.optim.biz\/index.php?rest_route=\/wp\/v2\/media\/203118"}],"wp:attachment":[{"href":"https:\/\/analyse.optim.biz\/index.php?rest_route=%2Fwp%2Fv2%2Fmedia&parent=203117"}],"wp:term":[{"taxonomy":"category","embeddable":true,"href":"https:\/\/analyse.optim.biz\/index.php?rest_route=%2Fwp%2Fv2%2Fcategories&post=203117"},{"taxonomy":"post_tag","embeddable":true,"href":"https:\/\/analyse.optim.biz\/index.php?rest_route=%2Fwp%2Fv2%2Ftags&post=203117"}],"curies":[{"name":"wp","href":"https:\/\/api.w.org\/{rel}","templated":true}]}}