{"id":203103,"date":"2014-06-12T18:20:22","date_gmt":"2014-06-12T15:20:22","guid":{"rendered":"https:\/\/analyse.optim.biz\/?p=203103"},"modified":"2014-06-12T18:20:22","modified_gmt":"2014-06-12T15:20:22","slug":"calin-popescu-tariceanu-pnl-este-intr-o-situatie-de-esec-major","status":"publish","type":"post","link":"https:\/\/analyse.optim.biz\/?p=203103","title":{"rendered":"C\u0103lin Popescu T\u0103riceanu: PNL\u00a0este \u00eentr-o situa\u021bie de e\u015fec major"},"content":{"rendered":"<div class=\"entry data-app-meta data-app-meta-article\" data-embed-base-url-canonical=\"https:\/\/www.digi24.ro\/embed\/stiri\/actualitate\/politica\/calin-popescu-tariceanu-pnl-este-intr-o-situatie-de-esec-major-255533\">\n<p data-index=\"1\">Liberalii cu carnet de partid care s-au al\u0103turat a\u015fa-numitului Grup de Ini\u0163iativ\u0103 pentru p\u0103strarea identit\u0103\u0163ii liberale sunt \u00eempotriva fuziunii cu PDL \u015fi critic\u0103 aderarea la familia popularilor europeni.<\/p>\n<p data-index=\"2\">\u201ePNL este \u00eentr-o situa\u021bie de e\u015fec major, \u00eens\u0103 nu unul care s\u0103 poat\u0103 fi imputat militan\u0163ilor. Cel care este acum pre\u0219edintele interimar al PNL, care \u0219tie prea pu\u021bin despre istoriia partidului, despre tradi\u021bie, despre valori pare s\u0103 fie mai degrab\u0103 preg\u0103tit s\u0103 \u0219tearg\u0103 toate acestea cu un burete numai pentru a ajunge candidat la preziden\u021biale\u201d, a spus C\u0103lin Popescu T\u0103riceanu.<\/p>\n<p data-index=\"3\">\u201eDiscursul liderilor oficiali ai PNL s-a axat pe dispute \u015fi critici, polemici sterile cu adversari care au variat. La \u00eenceput a fost actualul pre\u0219edinte, l-au abandonat \u0219i au \u00eenceput s\u0103 \u00eei fac\u0103 ochi ducli \u0219i a intrat \u00een colimator PSD\u201d, a ad\u0103ugat el.<\/p>\n<p data-index=\"4\">\u201e<span>\u00cei contest\u0103m pe cei care vor s\u0103 distrug\u0103 PNL. Dac\u0103 vre\u021bi s\u0103 v\u0103 duce\u021bi \u00een bra\u021bele actualului pre\u0219edinte, PPE sau PDL, duce\u021bi-v\u0103 , dar l\u0103sa\u021bi PNL, l\u0103sa\u021bi liberalismul\u201d, a mai spus el.<\/span><\/p>\n<\/div>\n<p> Source URL: https:\/\/www.digi24.ro\/stiri\/actualitate\/politica\/calin-popescu-tariceanu-pnl-este-intr-o-situatie-de-esec-major-255533<\/p>\n","protected":false},"excerpt":{"rendered":"<p>Liberalii cu carnet de partid care s-au al\u0103turat a\u015fa-numitului Grup de Ini\u0163iativ\u0103 pentru p\u0103strarea identit\u0103\u0163ii liberale sunt \u00eempotriva fuziunii cu PDL \u015fi critic\u0103 aderarea la familia popularilor europeni. \u201ePNL este \u00eentr-o situa\u021bie de e\u015fec major, \u00eens\u0103 nu unul care s\u0103 poat\u0103 fi imputat militan\u0163ilor. Cel care este acum pre\u0219edintele interimar al PNL, care \u0219tie prea [&hellip;]<\/p>\n","protected":false},"author":1,"featured_media":203104,"comment_status":"open","ping_status":"","sticky":false,"template":"","format":"standard","meta":{"footnotes":""},"categories":[2],"tags":[11],"class_list":["post-203103","post","type-post","status-publish","format-standard","has-post-thumbnail","hentry","category-politics","tag-digi24"],"_links":{"self":[{"href":"https:\/\/analyse.optim.biz\/index.php?rest_route=\/wp\/v2\/posts\/203103","targetHints":{"allow":["GET"]}}],"collection":[{"href":"https:\/\/analyse.optim.biz\/index.php?rest_route=\/wp\/v2\/posts"}],"about":[{"href":"https:\/\/analyse.optim.biz\/index.php?rest_route=\/wp\/v2\/types\/post"}],"author":[{"embeddable":true,"href":"https:\/\/analyse.optim.biz\/index.php?rest_route=\/wp\/v2\/users\/1"}],"replies":[{"embeddable":true,"href":"https:\/\/analyse.optim.biz\/index.php?rest_route=%2Fwp%2Fv2%2Fcomments&post=203103"}],"version-history":[{"count":0,"href":"https:\/\/analyse.optim.biz\/index.php?rest_route=\/wp\/v2\/posts\/203103\/revisions"}],"wp:featuredmedia":[{"embeddable":true,"href":"https:\/\/analyse.optim.biz\/index.php?rest_route=\/wp\/v2\/media\/203104"}],"wp:attachment":[{"href":"https:\/\/analyse.optim.biz\/index.php?rest_route=%2Fwp%2Fv2%2Fmedia&parent=203103"}],"wp:term":[{"taxonomy":"category","embeddable":true,"href":"https:\/\/analyse.optim.biz\/index.php?rest_route=%2Fwp%2Fv2%2Fcategories&post=203103"},{"taxonomy":"post_tag","embeddable":true,"href":"https:\/\/analyse.optim.biz\/index.php?rest_route=%2Fwp%2Fv2%2Ftags&post=203103"}],"curies":[{"name":"wp","href":"https:\/\/api.w.org\/{rel}","templated":true}]}}