{"id":2030993,"date":"2026-07-07T00:00:00","date_gmt":"2026-07-06T21:00:00","guid":{"rendered":"https:\/\/analyse.optim.biz\/?p=2030993"},"modified":"2026-07-07T00:00:00","modified_gmt":"2026-07-06T21:00:00","slug":"svabii-dunareni-vor-participa-din-nou-la-un-pelerinaj-votiv-la-altotting","status":"publish","type":"post","link":"https:\/\/analyse.optim.biz\/?p=2030993","title":{"rendered":"\u0218vabii dun\u0103reni vor participa din nou la un pelerinaj votiv la Alt\u00f6tting"},"content":{"rendered":"<p>[analyse_image type=&#8221;featured&#8221; src=&#8221;https:\/\/livetimisoara.ro\/wp-content\/uploads\/2026\/07\/altotting.jpg&#8221;]<\/p>\n<div class=\"post-content entry-content\">\n<p class=\"wp-block-paragraph\">Conform unei mai vechi tradi\u021bii, \u0219vabii dun\u0103reni vor participa din nou la un pelerinaj votiv la Alt\u00f6tting, Bavaria, \u00een data de <strong><u>11 \u0219i 12 iulie 2026<\/u><\/strong>. Motto-ul din acest an al pelerinajului este \u201e<em>O Femeie av\u00e2nd pe cap o coroan\u0103 de dou\u0103sprezece stele.<\/em>\u201d. Pelerini din mai multe \u021b\u0103ri dun\u0103rene particip\u0103 \u00een fiecare an la acest pelerinaj: din Ungaria, Rom\u00e2nia, Serbia, Germania \u0219i Austria. A devenit deja o tradi\u021bie ca, \u00een fiecare an, acest pelerinaj votiv al \u0219vabilor dun\u0103reni s\u0103 fie condus de un episcop care activeaz\u0103 \u00eentr-una dintre diecezele din spa\u021biul Dun\u0103rii.<\/p>\n<p class=\"wp-block-paragraph\">Programul este urm\u0103torul:<\/p>\n<p class=\"wp-block-paragraph\"><strong>S\u00e2mb\u0103t\u0103, 11 iulie 2026<\/strong><\/p>\n<p class=\"wp-block-paragraph\">Ora 15:00 \u2013 Sf\u00e2nta Liturghie de deschidere \u00een biseric\u0103, celebrat\u0103 de pr. Johann Palfi canonic, cu participarea doamnei Gudrun Neumayer la org\u0103 \u0219i a corului \u201eWeidenthaler M\u00e4dels\u201d. \u00cen continuare, conferin\u021b\u0103 sus\u021binut\u0103 de Dr. Raluca Nelepcu: \u201eOrdinul Surorilor de Notre Dame\u201d.<\/p>\n<p class=\"wp-block-paragraph\">Ora 20:00 \u2013 Sf\u00e2nta Liturghie de sear\u0103 \u00een Bazilica Sf\u00e2nta Ana. Celebrant principal: pr. Karl Zirmer, la org\u0103: Gudrun Neumayer, \u00eempreun\u0103 cu corul \u201eWeidenthaler M\u00e4dels\u201d. Dup\u0103 Sf. Liturghie, procesiunecu lum\u00e2n\u0103ri spre capela de pelerinaj, cu c\u00e2ntece religioase.<\/p>\n<p class=\"wp-block-paragraph\"><strong><u>Duminic\u0103, 12 iulie 2026<\/u><\/strong><\/p>\n<p class=\"wp-block-paragraph\">Ora 9:30 \u2013 Procesiune a delega\u021biilor cu steaguri, a grupurilor de pelerini, a grupurilor \u00een port popular, a fetelor Mariei \u0219i a fanfarei HOG Sanktanna, de la Capela de pelerinaj p\u00e2n\u0103 la Bazilic\u0103.<\/p>\n<p class=\"wp-block-paragraph\">Deschiderea oficial\u0103 \u0219i salutarea pelerinilor.<\/p>\n<p class=\"wp-block-paragraph\">Ora 9:45 \u2013 Cuv\u00e2ntul laicilor: Dr. Kathi Gajdos\u2011Frank: \u201eCompasiune \u0219i solidaritate \u2013 Europa sub ocrotirea Mariei\u201d<\/p>\n<p class=\"wp-block-paragraph\">Ora 10:00 \u2013 Sf\u00e2nta Liturghie pontifical\u0103 \u00een Bazilica Sf\u00e2nta Ana. Celebrant principal: E.S. L\u00e1szl\u00f3 B\u00f6cskei, episcop diecezan de Oradea, pre\u0219edintele Conferin\u021bei Episcopale Catolice din Rom\u00e2nia.<\/p>\n<p class=\"wp-block-paragraph\">Concelebran\u021bi: pr. GR Klaus Rapp, pr. Paul Kollar, pr. Karl Zirmer, pr. Adam Possmayer, pr. Johann Palfi canonic. C\u00e2nt\u0103: grupul coral \u0219vab dun\u0103rean din Landshut. Conducerea muzical\u0103: Reinhard Scherer.<\/p>\n<p class=\"wp-block-paragraph\">Ora 14:00 \u2013 C\u00e2ntece mariane \u00een Bazilic\u0103, cu Reinhard Scherer (Landshut).<\/p>\n<p class=\"wp-block-paragraph\">Ora 14:00 \u2013 Cafea \u0219i discu\u021bii pentru genera\u021biile mai tinere la \u201eHotel Plankl din Alt\u00f6tting\u201d, \u00eempreun\u0103 cu pre\u0219edintele St. Gerhards\u2011Werk Stuttgart, pr. GR Klaus Rapp.<\/p>\n<p class=\"wp-block-paragraph\">Or 14:30 \u2013 Devo\u021biune marian\u0103 \u00een Bazilic\u0103, cu pr. Paul Kollar \u0219i concelebran\u021bi. Binecuv\u00e2ntarea obiectelor de devo\u021biune.<\/p>\n<p class=\"wp-block-paragraph\">Organizator: St. Gerhards\u2011Werk e. V., cu sprijinul: Gerhardsforum e. V.<\/p>\n<p class=\"wp-block-paragraph\">Alt\u00f6tting este cel mai faimos \u0219i important loc de pelerinaj marian din sudul Germaniei. Ini\u021biativa pioas\u0103 \u00eei apar\u021bine p\u0103rintelui iezuit P. Wendelin Gruber SJ, deja decedat, care a fondat acest pelerinaj de mul\u021bumire c\u0103tre Maica Domnului Maria, protectoarea \u0219i salvatoarea popula\u021biei germane asuprite din Europa Central\u0103 \u0219i de Est, la mijlocul secolului al XX-lea.<\/p>\n<\/div>\n<p>[analyse_source url=&#8221;https:\/\/livetimisoara.ro\/2026\/07\/07\/svabii-dunareni-vor-participa-din-nou-la-un-pelerinaj-votiv-la-altotting\/&#8221;]<\/p>\n","protected":false},"excerpt":{"rendered":"<p>[analyse_image type=&#8221;featured&#8221; src=&#8221;https:\/\/livetimisoara.ro\/wp-content\/uploads\/2026\/07\/altotting.jpg&#8221;] Conform unei mai vechi tradi\u021bii, \u0219vabii dun\u0103reni vor participa din nou la un pelerinaj votiv la Alt\u00f6tting, Bavaria, \u00een data de 11 \u0219i 12 iulie 2026. Motto-ul din acest an al pelerinajului este \u201eO Femeie av\u00e2nd pe cap o coroan\u0103 de dou\u0103sprezece stele.\u201d. Pelerini din mai multe \u021b\u0103ri dun\u0103rene particip\u0103 \u00een fiecare [&hellip;]<\/p>\n","protected":false},"author":1,"featured_media":0,"comment_status":"open","ping_status":"","sticky":false,"template":"","format":"standard","meta":{"footnotes":""},"categories":[89],"tags":[226,194],"class_list":["post-2030993","post","type-post","status-publish","format-standard","hentry","category-romania","tag-crawlmanager","tag-livetimisoara-ro"],"_links":{"self":[{"href":"https:\/\/analyse.optim.biz\/index.php?rest_route=\/wp\/v2\/posts\/2030993","targetHints":{"allow":["GET"]}}],"collection":[{"href":"https:\/\/analyse.optim.biz\/index.php?rest_route=\/wp\/v2\/posts"}],"about":[{"href":"https:\/\/analyse.optim.biz\/index.php?rest_route=\/wp\/v2\/types\/post"}],"author":[{"embeddable":true,"href":"https:\/\/analyse.optim.biz\/index.php?rest_route=\/wp\/v2\/users\/1"}],"replies":[{"embeddable":true,"href":"https:\/\/analyse.optim.biz\/index.php?rest_route=%2Fwp%2Fv2%2Fcomments&post=2030993"}],"version-history":[{"count":0,"href":"https:\/\/analyse.optim.biz\/index.php?rest_route=\/wp\/v2\/posts\/2030993\/revisions"}],"wp:attachment":[{"href":"https:\/\/analyse.optim.biz\/index.php?rest_route=%2Fwp%2Fv2%2Fmedia&parent=2030993"}],"wp:term":[{"taxonomy":"category","embeddable":true,"href":"https:\/\/analyse.optim.biz\/index.php?rest_route=%2Fwp%2Fv2%2Fcategories&post=2030993"},{"taxonomy":"post_tag","embeddable":true,"href":"https:\/\/analyse.optim.biz\/index.php?rest_route=%2Fwp%2Fv2%2Ftags&post=2030993"}],"curies":[{"name":"wp","href":"https:\/\/api.w.org\/{rel}","templated":true}]}}